{"id":16308,"date":"2024-02-06T16:31:56","date_gmt":"2024-02-06T14:31:56","guid":{"rendered":"http:\/\/insideamateurfussball-ffm.de\/?p=16308"},"modified":"2024-02-06T16:31:56","modified_gmt":"2024-02-06T14:31:56","slug":"heddernheim-geht-guten-mutes-in-die-punktrunde","status":"publish","type":"post","link":"https:\/\/insideamateurfussball-ffm.de\/?p=16308","title":{"rendered":"Heddernheim geht guten Mutes in die Punktrunde"},"content":{"rendered":"<h4>Die kurze Vorbereitung von Kreisoberligist SV 07 Heddernheim auf den Restrundenstart endete am Sonntag mit einem 3:1-Sieg gegen A-Ligist VfR Bockenheim. In drei Heimspielen gab es f\u00fcr die Gr\u00fcn-Wei\u00dfen zwei Siege und ein Remis. Somit geht der Tabellenachte guten Mutes in das am Samstag stattfindende Nachholspiel gegen den Vorletzten SG Harheim (15 Uhr).<\/h4>\n<figure id=\"attachment_16309\" aria-describedby=\"caption-attachment-16309\" style=\"width: 2048px\" class=\"wp-caption alignnone\"><img loading=\"lazy\" decoding=\"async\" class=\"wp-image-16309 size-full\" src=\"http:\/\/insideamateurfussball-ffm.de\/wp-content\/uploads\/2024\/02\/14SVH.jpg\" alt=\"\" width=\"2048\" height=\"1536\" srcset=\"https:\/\/insideamateurfussball-ffm.de\/wp-content\/uploads\/2024\/02\/14SVH.jpg 2048w, https:\/\/insideamateurfussball-ffm.de\/wp-content\/uploads\/2024\/02\/14SVH-300x225.jpg 300w, https:\/\/insideamateurfussball-ffm.de\/wp-content\/uploads\/2024\/02\/14SVH-1024x768.jpg 1024w, https:\/\/insideamateurfussball-ffm.de\/wp-content\/uploads\/2024\/02\/14SVH-768x576.jpg 768w, https:\/\/insideamateurfussball-ffm.de\/wp-content\/uploads\/2024\/02\/14SVH-1536x1152.jpg 1536w\" sizes=\"auto, (max-width: 2048px) 100vw, 2048px\" \/><figcaption id=\"caption-attachment-16309\" class=\"wp-caption-text\">Luka Filip Brnas (Nummer 14) ist eines der neuen Talente beim SV 07. Foto: PA.\u00a0\u00a0<\/figcaption><\/figure>\n<h4>SV 07 Heddernheim &#8211; VfR Bockenheim 3:1 (1:0)<\/h4>\n<p><img loading=\"lazy\" decoding=\"async\" class=\"alignnone size-full wp-image-302\" src=\"http:\/\/insideamateurfussball-ffm.de\/wp-content\/uploads\/2022\/05\/1sv07_news2_4511-1.jpg\" alt=\"\" width=\"80\" height=\"80\" \/><img loading=\"lazy\" decoding=\"async\" class=\"alignnone size-full wp-image-334\" src=\"http:\/\/insideamateurfussball-ffm.de\/wp-content\/uploads\/2022\/05\/Bockenheim.jpg\" alt=\"\" width=\"78\" height=\"80\" \/><\/p>\n<p>Nachdem sich im Vorspiel die beiden Reserven eine vogelwilde Auseinandersetzung (7:4) geliefert hatten, ging es in der Partie der Ersten Mannschaften geordneter zu. Gegen den Rang-13. der A-Klasse Gruppe 1 zeigte sich St\u00fcrmer Marcus Kreckel erneut in guter Verfassung, der f\u00fcnf der neun Treffer in der Vorbereitung markierte. Allerdings profitiert der fr\u00fchere U19-Bundesligaspieler derzeit von guten Zuspielen seines Sturmpartners Oliver Solarz. Die in der neunten Saison an der Br\u00fchlwiese spielende Sturmikone bereitete das 1:0 \u00fcber die rechte Seite vor, der Mainfranke Kreckel brauchte nur einschieben (23.).<\/p>\n<p>Vor 55 Zuschauern, darunter zahlreiche G\u00e4ste aus dem nahen Bockenheim, blieb es so bis zur Pause. Nach dem Seitenwechsel wechselten beide Team wie \u00fcblich kr\u00e4ftig durch. Kreckel blieb auf dem Platz und profitierte beim 2:0 von einer Balleroberung von Serdar Birhimeoglu. Der &#8222;B\u00fcffel&#8220; konnte einen schlechten Abschlag von VfR-Torh\u00fcter Jan Hellwig abfangen, auf Kreckel weiterleiten, der sicher einschieben konnte (50.). Beim 3:0 schrieb der Schiedsrichter den Treffer zwar Deniz Yatci zu (53.), offensichtlich hatte aber der Bockenheimer Kemal Ayg\u00fcn ins eigene Tor getroffen.<\/p>\n<blockquote>\n<h4>&#8222;Bis zur 75. Minute haben wir ein gutes Spiel gezeigt, hatten das Spiel im Griff&#8220; (SVH-Trainer Andreas Berggold)<\/h4>\n<\/blockquote>\n<p>Der Spielfluss ging in der Folge durch weitere Wechsel verloren, die G\u00e4ste kamen noch auf Zuspiel von Ex-Verbandsliga-Mann Georgios Nasios (Rot-Weiss, Speuzer) durch Muhammet Kalkisim zum 3:1 (71.). Yatci knallte den Ball im Gegenzug gegen die Latte (72.). Auf der Gegenseite scheiterte Nasios am Querbalken (88.). SVH-Trainer Andreas Berggold zog folgendes Fazit: &#8222;Bis zur 75. Minute haben wir ein gutes Spiel gezeigt, hatten das Spiel im Griff. Leider ist es uns nicht gelungen, auf 4:0 oder 5:0 hochzuschrauben, das war von den Chancen her drin. Die letzten 15 Minuten haben wir keinen Fu\u00dfball mehr gespielt, da ist Bockenheim st\u00e4rker geworden. Da war ich am Ende nicht zufrieden, ansonsten war es ein ordentlicher Test.&#8220;<\/p>\n<p>N\u00e4chsten Samstag kommt es zum Heimspiel gegen die vom neuen Trainer Christian Balzer betreute SG Harheim. &#8222;Wir sind ganz gut vorbereitet, es wird aber ein Spiel auf Augenh\u00f6he sein. Zu Hause wollen wir einen Dreier holen und so den Abstand auf Harheim vergr\u00f6\u00dfern. Es wird aber ein verdammt schwieriges Spiel&#8220;, blickte Berggold voraus.<\/p>\n<h4>Schiedsrichter: Hasim Rehman (SG Bornheim\/Gr\u00fcn-Wei\u00df). Zuschauer: 55.<\/h4>\n<h4>Tore: 1:0, 2:0 Marcus Kreckel (23.\/50.), 3:0 Kemal Ayg\u00fcn (53.\/Eigentor), 3:1 Muhammet Kalkisim (71.).<\/h4>\n","protected":false},"excerpt":{"rendered":"<p>Die kurze Vorbereitung von Kreisoberligist SV 07 Heddernheim auf den Restrundenstart endete am Sonntag mit einem 3:1-Sieg gegen A-Ligist VfR Bockenheim. In drei Heimspielen gab es f\u00fcr die Gr\u00fcn-Wei\u00dfen zwei Siege und ein Remis. Somit geht der Tabellenachte guten Mutes in das am Samstag stattfindende Nachholspiel gegen den Vorletzten SG Harheim (15 Uhr). SV 07 [&hellip;]<\/p>\n","protected":false},"author":1,"featured_media":16309,"comment_status":"open","ping_status":"open","sticky":true,"template":"","format":"standard","meta":{"footnotes":""},"categories":[21],"tags":[],"class_list":["post-16308","post","type-post","status-publish","format-standard","has-post-thumbnail","hentry","category-testspiele"],"_links":{"self":[{"href":"https:\/\/insideamateurfussball-ffm.de\/index.php?rest_route=\/wp\/v2\/posts\/16308","targetHints":{"allow":["GET"]}}],"collection":[{"href":"https:\/\/insideamateurfussball-ffm.de\/index.php?rest_route=\/wp\/v2\/posts"}],"about":[{"href":"https:\/\/insideamateurfussball-ffm.de\/index.php?rest_route=\/wp\/v2\/types\/post"}],"author":[{"embeddable":true,"href":"https:\/\/insideamateurfussball-ffm.de\/index.php?rest_route=\/wp\/v2\/users\/1"}],"replies":[{"embeddable":true,"href":"https:\/\/insideamateurfussball-ffm.de\/index.php?rest_route=%2Fwp%2Fv2%2Fcomments&post=16308"}],"version-history":[{"count":1,"href":"https:\/\/insideamateurfussball-ffm.de\/index.php?rest_route=\/wp\/v2\/posts\/16308\/revisions"}],"predecessor-version":[{"id":16310,"href":"https:\/\/insideamateurfussball-ffm.de\/index.php?rest_route=\/wp\/v2\/posts\/16308\/revisions\/16310"}],"wp:featuredmedia":[{"embeddable":true,"href":"https:\/\/insideamateurfussball-ffm.de\/index.php?rest_route=\/wp\/v2\/media\/16309"}],"wp:attachment":[{"href":"https:\/\/insideamateurfussball-ffm.de\/index.php?rest_route=%2Fwp%2Fv2%2Fmedia&parent=16308"}],"wp:term":[{"taxonomy":"category","embeddable":true,"href":"https:\/\/insideamateurfussball-ffm.de\/index.php?rest_route=%2Fwp%2Fv2%2Fcategories&post=16308"},{"taxonomy":"post_tag","embeddable":true,"href":"https:\/\/insideamateurfussball-ffm.de\/index.php?rest_route=%2Fwp%2Fv2%2Ftags&post=16308"}],"curies":[{"name":"wp","href":"https:\/\/api.w.org\/{rel}","templated":true}]}}