{"id":16303,"date":"2024-02-05T21:59:27","date_gmt":"2024-02-05T19:59:27","guid":{"rendered":"http:\/\/insideamateurfussball-ffm.de\/?p=16303"},"modified":"2024-02-05T21:59:27","modified_gmt":"2024-02-05T19:59:27","slug":"fechenheim-gewinnt-51-in-griesheim","status":"publish","type":"post","link":"https:\/\/insideamateurfussball-ffm.de\/?p=16303","title":{"rendered":"Fechenheim gewinnt 5:1 in Griesheim"},"content":{"rendered":"<h4>In einem weiteren Testspiel gewann Gruppenligist Spvgg. 03 Fechenheim beim abstiegsbedrohten Kreisoberligisten Spvgg. 02 Griesheim mit 5:1 (1:1).<\/h4>\n<figure id=\"attachment_16304\" aria-describedby=\"caption-attachment-16304\" style=\"width: 2048px\" class=\"wp-caption alignnone\"><img loading=\"lazy\" decoding=\"async\" class=\"wp-image-16304 size-full\" src=\"http:\/\/insideamateurfussball-ffm.de\/wp-content\/uploads\/2024\/02\/fechgt.jpg\" alt=\"\" width=\"2048\" height=\"1365\" srcset=\"https:\/\/insideamateurfussball-ffm.de\/wp-content\/uploads\/2024\/02\/fechgt.jpg 2048w, https:\/\/insideamateurfussball-ffm.de\/wp-content\/uploads\/2024\/02\/fechgt-300x200.jpg 300w, https:\/\/insideamateurfussball-ffm.de\/wp-content\/uploads\/2024\/02\/fechgt-1024x683.jpg 1024w, https:\/\/insideamateurfussball-ffm.de\/wp-content\/uploads\/2024\/02\/fechgt-768x512.jpg 768w, https:\/\/insideamateurfussball-ffm.de\/wp-content\/uploads\/2024\/02\/fechgt-1536x1024.jpg 1536w\" sizes=\"auto, (max-width: 2048px) 100vw, 2048px\" \/><figcaption id=\"caption-attachment-16304\" class=\"wp-caption-text\">\u00a0Die Spvgg. Fechenheim bejubelt ein Tor. Foto: Patrick Gawlik.\u00a0\u00a0<\/figcaption><\/figure>\n<h4>Spvgg. 02 Griesheim &#8211; Spvgg. 03 Fechenheim 1:5 (1:1)<\/h4>\n<p><img loading=\"lazy\" decoding=\"async\" class=\"alignnone size-full wp-image-14\" src=\"http:\/\/insideamateurfussball-ffm.de\/wp-content\/uploads\/2021\/11\/SpVgg._02_Griesheim_02.jpg\" alt=\"\" width=\"100\" height=\"100\" \/><img loading=\"lazy\" decoding=\"async\" class=\"alignnone size-full wp-image-434\" src=\"http:\/\/insideamateurfussball-ffm.de\/wp-content\/uploads\/2022\/05\/Fech03.jpg\" alt=\"\" width=\"52\" height=\"80\" \/><\/p>\n<p>Erc\u00fcment Sahin, der neue Trainer des Kreisoberligisten, war trotz der Niederlage angetan: &#8222;Die Mannschaft entwickelt sich gut und legt eine tolle Mentalit\u00e4t an den Tag.&#8220; Der Gruppenligist f\u00fchrte durch Kaleab Eyassu (3.). Der aus der Reserve bef\u00f6rderte Aldin Sadikovic glich aus (14.). Yassin Benjilali (49.), Ouassim Ouass (53.) und noch zweimal Eyassu (65.\/82.) sorgten noch f\u00fcr den standesgem\u00e4\u00dfen Sieg des Favoriten, der bis zum Rundenstart Ende Februar noch drei Testpartien absolviert.<\/p>\n<p>An diesem Donnerstag geht es gegen den TSV 1860 Hanau, den Heimatverein von Rudi V\u00f6ller. Am kommenden Wochenende beziehen die Fechenheimer ein Trainingslager in S\u00fcdbaden und treten beim Verbandsligisten SV Au-Wittnau an. Am 18. Februar schlie\u00dft die Vorbereitung mit dem Testspiel gegen Safakspor Hanau.<\/p>\n<h4>Schiedsrichter: Luka Strajnar (TuS Nieder-Eschbach).<\/h4>\n<h4>Tore: 0:1 Kaleab Eyassu (3.), 1:1 Aldin Sadikovic (14.), 1:2 Yassin Benjilali (49.), 1:3 Ouassim Ouass (53.), 1:4, 1:5 Kaleab Eyassu (65.\/82.).<\/h4>\n","protected":false},"excerpt":{"rendered":"<p>In einem weiteren Testspiel gewann Gruppenligist Spvgg. 03 Fechenheim beim abstiegsbedrohten Kreisoberligisten Spvgg. 02 Griesheim mit 5:1 (1:1). Spvgg. 02 Griesheim &#8211; Spvgg. 03 Fechenheim 1:5 (1:1) Erc\u00fcment Sahin, der neue Trainer des Kreisoberligisten, war trotz der Niederlage angetan: &#8222;Die Mannschaft entwickelt sich gut und legt eine tolle Mentalit\u00e4t an den Tag.&#8220; Der Gruppenligist f\u00fchrte [&hellip;]<\/p>\n","protected":false},"author":1,"featured_media":16304,"comment_status":"open","ping_status":"open","sticky":true,"template":"","format":"standard","meta":{"footnotes":""},"categories":[21],"tags":[],"class_list":["post-16303","post","type-post","status-publish","format-standard","has-post-thumbnail","hentry","category-testspiele"],"_links":{"self":[{"href":"https:\/\/insideamateurfussball-ffm.de\/index.php?rest_route=\/wp\/v2\/posts\/16303","targetHints":{"allow":["GET"]}}],"collection":[{"href":"https:\/\/insideamateurfussball-ffm.de\/index.php?rest_route=\/wp\/v2\/posts"}],"about":[{"href":"https:\/\/insideamateurfussball-ffm.de\/index.php?rest_route=\/wp\/v2\/types\/post"}],"author":[{"embeddable":true,"href":"https:\/\/insideamateurfussball-ffm.de\/index.php?rest_route=\/wp\/v2\/users\/1"}],"replies":[{"embeddable":true,"href":"https:\/\/insideamateurfussball-ffm.de\/index.php?rest_route=%2Fwp%2Fv2%2Fcomments&post=16303"}],"version-history":[{"count":1,"href":"https:\/\/insideamateurfussball-ffm.de\/index.php?rest_route=\/wp\/v2\/posts\/16303\/revisions"}],"predecessor-version":[{"id":16305,"href":"https:\/\/insideamateurfussball-ffm.de\/index.php?rest_route=\/wp\/v2\/posts\/16303\/revisions\/16305"}],"wp:featuredmedia":[{"embeddable":true,"href":"https:\/\/insideamateurfussball-ffm.de\/index.php?rest_route=\/wp\/v2\/media\/16304"}],"wp:attachment":[{"href":"https:\/\/insideamateurfussball-ffm.de\/index.php?rest_route=%2Fwp%2Fv2%2Fmedia&parent=16303"}],"wp:term":[{"taxonomy":"category","embeddable":true,"href":"https:\/\/insideamateurfussball-ffm.de\/index.php?rest_route=%2Fwp%2Fv2%2Fcategories&post=16303"},{"taxonomy":"post_tag","embeddable":true,"href":"https:\/\/insideamateurfussball-ffm.de\/index.php?rest_route=%2Fwp%2Fv2%2Ftags&post=16303"}],"curies":[{"name":"wp","href":"https:\/\/api.w.org\/{rel}","templated":true}]}}