{"id":16300,"date":"2024-02-05T21:07:25","date_gmt":"2024-02-05T19:07:25","guid":{"rendered":"http:\/\/insideamateurfussball-ffm.de\/?p=16300"},"modified":"2024-02-05T21:07:25","modified_gmt":"2024-02-05T19:07:25","slug":"pars-nach-tempo-spiel-zum-futsal-laenderspiel","status":"publish","type":"post","link":"https:\/\/insideamateurfussball-ffm.de\/?p=16300","title":{"rendered":"Pars: Nach Tempo-Spiel zum Futsal-L\u00e4nderspiel"},"content":{"rendered":"<h4>Bereits um 11 Uhr wurde die Partie zwischen Gruppenligist FC Tempo und Verbandsligist SV Pars Neu-Isenburg angepfiffen. Die G\u00e4ste gewannen mit 3:0 und hatten es danach eilig, denn einer ihrer Mitspieler war f\u00fcr die deutsche Futsal-Nationalmannschaft nominiert worden.<\/h4>\n<figure id=\"attachment_11355\" aria-describedby=\"caption-attachment-11355\" style=\"width: 1299px\" class=\"wp-caption alignnone\"><img loading=\"lazy\" decoding=\"async\" class=\"wp-image-11355 size-full\" src=\"http:\/\/insideamateurfussball-ffm.de\/wp-content\/uploads\/2023\/08\/pars10.jpg\" alt=\"\" width=\"1299\" height=\"880\" srcset=\"https:\/\/insideamateurfussball-ffm.de\/wp-content\/uploads\/2023\/08\/pars10.jpg 1299w, https:\/\/insideamateurfussball-ffm.de\/wp-content\/uploads\/2023\/08\/pars10-300x203.jpg 300w, https:\/\/insideamateurfussball-ffm.de\/wp-content\/uploads\/2023\/08\/pars10-1024x694.jpg 1024w, https:\/\/insideamateurfussball-ffm.de\/wp-content\/uploads\/2023\/08\/pars10-768x520.jpg 768w\" sizes=\"auto, (max-width: 1299px) 100vw, 1299px\" \/><figcaption id=\"caption-attachment-11355\" class=\"wp-caption-text\">Der SV Pars Neu-Isenburg wollte seine Nummer 45 Gianluca Alessandro bei der Futsal-Nationalmannschaft begleiten. Foto: Archiv Mithat G\u00fcrser.\u00a0\u00a0<\/figcaption><\/figure>\n<h4>FC Tempo &#8211; SV Pars Neu-Isenburg 0:3 (0:1)<\/h4>\n<p><img loading=\"lazy\" decoding=\"async\" class=\"alignnone size-full wp-image-31\" src=\"http:\/\/insideamateurfussball-ffm.de\/wp-content\/uploads\/2021\/11\/Tempo.jpg\" alt=\"\" width=\"80\" height=\"80\" \/><img loading=\"lazy\" decoding=\"async\" class=\"alignnone size-full wp-image-688\" src=\"http:\/\/insideamateurfussball-ffm.de\/wp-content\/uploads\/2022\/06\/pars.png\" alt=\"\" width=\"80\" height=\"78\" \/><\/p>\n<p>Die Partie wurde bereits um 11 Uhr angepfiffen, da die Pars-Mannschaft ihren Mitspieler Gianluca Alessandro bei seinem Deb\u00fct in der Futsal-Nationalmannschaft gegen Spanien (3:2) in Aschaffenburg unterst\u00fctzen wollte. Dieser kam aber letztlich nicht zu seinem L\u00e4nderspieldeb\u00fct.<\/p>\n<p>F\u00fcr den Verbandsligisten trafen auf dem Kunstrasenplatz an der Ginnheimer Woogwiese zur &#8222;Fr\u00fchschoppenzeit&#8220; der in der Winterpause vom Ligakonkurrenten 1. FCA 04 Darmstadt gekommene Brasilianer Estevao Borges (6.\/55.) und Yassine El Haddoudi (78.).<\/p>\n<blockquote>\n<h4>&#8222;Als Gruppenligist konnten wir gut dagegen halten&#8220; (Tempos Sportchef Zoran Marcetic)<\/h4>\n<\/blockquote>\n<p>Tempos Sportchef Zoran Marcetic war dennoch zufrieden: &#8222;Als Gruppenligist konnten wir gut dagegen halten.&#8220;<\/p>\n<p>Es war bereits die dritte Testspiel-Niederlage Tempos in Folge. N\u00e4chsten Sonntag erwarten die Serben die SG Hoechst aus der Gruppenliga Wiesbaden (15 Uhr), vier Tage danach findet im Kreispokal-Achtelfinale bei der SG Harheim das erste Pflichtspiel statt.<\/p>\n<h4>Schiedsrichter: Sebastian Wiesner (Frankfurt). Zuschauer: 100.<\/h4>\n<h4>Tore: 0:1, 0:2 Estevao Borges (6.\/55.), 0:3 Yassine El Haddoudi (78.).<\/h4>\n","protected":false},"excerpt":{"rendered":"<p>Bereits um 11 Uhr wurde die Partie zwischen Gruppenligist FC Tempo und Verbandsligist SV Pars Neu-Isenburg angepfiffen. Die G\u00e4ste gewannen mit 3:0 und hatten es danach eilig, denn einer ihrer Mitspieler war f\u00fcr die deutsche Futsal-Nationalmannschaft nominiert worden. FC Tempo &#8211; SV Pars Neu-Isenburg 0:3 (0:1) Die Partie wurde bereits um 11 Uhr angepfiffen, da [&hellip;]<\/p>\n","protected":false},"author":1,"featured_media":11355,"comment_status":"open","ping_status":"open","sticky":true,"template":"","format":"standard","meta":{"footnotes":""},"categories":[21],"tags":[],"class_list":["post-16300","post","type-post","status-publish","format-standard","has-post-thumbnail","hentry","category-testspiele"],"_links":{"self":[{"href":"https:\/\/insideamateurfussball-ffm.de\/index.php?rest_route=\/wp\/v2\/posts\/16300","targetHints":{"allow":["GET"]}}],"collection":[{"href":"https:\/\/insideamateurfussball-ffm.de\/index.php?rest_route=\/wp\/v2\/posts"}],"about":[{"href":"https:\/\/insideamateurfussball-ffm.de\/index.php?rest_route=\/wp\/v2\/types\/post"}],"author":[{"embeddable":true,"href":"https:\/\/insideamateurfussball-ffm.de\/index.php?rest_route=\/wp\/v2\/users\/1"}],"replies":[{"embeddable":true,"href":"https:\/\/insideamateurfussball-ffm.de\/index.php?rest_route=%2Fwp%2Fv2%2Fcomments&post=16300"}],"version-history":[{"count":1,"href":"https:\/\/insideamateurfussball-ffm.de\/index.php?rest_route=\/wp\/v2\/posts\/16300\/revisions"}],"predecessor-version":[{"id":16301,"href":"https:\/\/insideamateurfussball-ffm.de\/index.php?rest_route=\/wp\/v2\/posts\/16300\/revisions\/16301"}],"wp:featuredmedia":[{"embeddable":true,"href":"https:\/\/insideamateurfussball-ffm.de\/index.php?rest_route=\/wp\/v2\/media\/11355"}],"wp:attachment":[{"href":"https:\/\/insideamateurfussball-ffm.de\/index.php?rest_route=%2Fwp%2Fv2%2Fmedia&parent=16300"}],"wp:term":[{"taxonomy":"category","embeddable":true,"href":"https:\/\/insideamateurfussball-ffm.de\/index.php?rest_route=%2Fwp%2Fv2%2Fcategories&post=16300"},{"taxonomy":"post_tag","embeddable":true,"href":"https:\/\/insideamateurfussball-ffm.de\/index.php?rest_route=%2Fwp%2Fv2%2Ftags&post=16300"}],"curies":[{"name":"wp","href":"https:\/\/api.w.org\/{rel}","templated":true}]}}