{"id":1624,"date":"2022-07-23T23:16:33","date_gmt":"2022-07-23T23:16:33","guid":{"rendered":"http:\/\/insideamateurfussball-ffm.de\/?p=1624"},"modified":"2025-01-07T15:16:33","modified_gmt":"2025-01-07T14:16:33","slug":"bornheim-remis-gegen-eintracht-u19","status":"publish","type":"post","link":"https:\/\/insideamateurfussball-ffm.de\/?p=1624","title":{"rendered":"Bornheim Remis gegen Eintracht U19"},"content":{"rendered":"<h5>In einem ungew\u00f6hnlichem Leistungsvergleich trennte sich Verbandsliga-Vizemeister SG Bornheim Gr\u00fcn-Weiss von der U19 des Bundesligisten Eintracht Frankfurt mit 3:3 (1:1). Unser Fotograf Mithat G\u00fcrser schaute auf seiner Samstagstour an der Seckbacher Landstra\u00dfe vorbei.\u00a0\u00a0<\/h5>\n<figure id=\"attachment_1625\" aria-describedby=\"caption-attachment-1625\" style=\"width: 300px\" class=\"wp-caption alignnone\"><img loading=\"lazy\" decoding=\"async\" class=\"wp-image-1625 size-medium\" src=\"http:\/\/insideamateurfussball-ffm.de\/wp-content\/uploads\/2022\/07\/born1-300x232.jpg\" alt=\"\" width=\"300\" height=\"232\" \/><figcaption id=\"caption-attachment-1625\" class=\"wp-caption-text\">Bornheims Kapit\u00e4n Teklu Tewelde verfolgt ein Eintracht-Talent am Ball. Foto: Mithat G\u00fcrser.<\/figcaption><\/figure>\n<h5>SG Bornheim Gr\u00fcn-Weiss &#8211; Eintracht Frankfurt U19 3:3 (1:1)\u00a0<\/h5>\n<p><img loading=\"lazy\" decoding=\"async\" class=\"alignnone size-full wp-image-119\" src=\"http:\/\/insideamateurfussball-ffm.de\/wp-content\/uploads\/2022\/05\/Bornheim.jpg\" alt=\"\" width=\"80\" height=\"80\" \/><img loading=\"lazy\" decoding=\"async\" class=\"alignnone size-full wp-image-836\" src=\"http:\/\/insideamateurfussball-ffm.de\/wp-content\/uploads\/2022\/06\/SGE.jpg\" alt=\"\" width=\"79\" height=\"80\" \/><\/p>\n<p>Zur Mittagszeit um 13 Uhr ert\u00f6nte der Anpfiff auf dem Kunstrasenplatz, wo die Jungadler durch einen namentlich nicht ver\u00f6ffentlichen Gastspieler per Elfmeter mit 1:0 in F\u00fchrung gingen (32.). Den Bornheimer Ausgleich durch Teklu Tewelde (38.) beantwortete Josien Nathaniel mit dem 2:1 f\u00fcr die SGE (41.). Nach zahlreichen Spielerwechseln konnte Jannis Schwarz das 2:2 erzielen (72.), ehe Tewelde das Team von Trainer Sascha Volk sogar mit 3:2 nach vorne brachte (76.). Doch nur eine Minute danach sorgte ein weiterer Gastspieler der G\u00e4ste f\u00fcr den 3:3-Endstand.\u00a0<\/p>\n<h5>Schiedsrichter: Lasse Braun (FC Fortuna Frankfurt). Zuschauer: 77.<\/h5>\n<h5>Tore: 0:1 (32.\/Foulelfmeter), 1:1 Teklu Tewelde (38.), 1:2 Josien Nathaniel (41.), 2:2 Jannis Schwarz (72.), 3:2 Teklu Tewelde (76.), 3:3 (77.).\u00a0<\/h5>\n<p>\u00a0<\/p>\n<p>\u00a0<\/p>\n\n\n<div class=\"wp-block-columns is-layout-flex wp-container-core-columns-is-layout-28f84493 wp-block-columns-is-layout-flex\">\n<div class=\"wp-block-column is-layout-flow wp-block-column-is-layout-flow\">\n<figure class=\"wp-block-image size-full is-style-default\"><img decoding=\"async\" src=\"http:\/\/insideamateurfussball-ffm.de\/wp-content\/uploads\/2022\/07\/born10.jpg\" alt=\"\" class=\"wp-image-1626\"\/><\/figure>\n<\/div>\n\n\n\n<div class=\"wp-block-column is-layout-flow wp-block-column-is-layout-flow\">\n<figure class=\"wp-block-image size-full is-style-default\"><img decoding=\"async\" src=\"http:\/\/insideamateurfussball-ffm.de\/wp-content\/uploads\/2022\/07\/born15.jpg\" alt=\"\" class=\"wp-image-1627\"\/><\/figure>\n<\/div>\n\n\n\n<div class=\"wp-block-column is-layout-flow wp-block-column-is-layout-flow\">\n<figure class=\"wp-block-image size-full is-style-default\"><img decoding=\"async\" src=\"http:\/\/insideamateurfussball-ffm.de\/wp-content\/uploads\/2022\/07\/bor15.jpg\" alt=\"\" class=\"wp-image-1628\"\/><\/figure>\n<\/div>\n<\/div>\n\n\n\n<div class=\"wp-block-columns is-layout-flex wp-container-core-columns-is-layout-28f84493 wp-block-columns-is-layout-flex\">\n<div class=\"wp-block-column is-layout-flow wp-block-column-is-layout-flow\">\n<figure class=\"wp-block-image size-full is-style-default\"><img decoding=\"async\" src=\"http:\/\/insideamateurfussball-ffm.de\/wp-content\/uploads\/2022\/07\/born9.jpg\" alt=\"\" class=\"wp-image-1629\"\/><\/figure>\n<\/div>\n\n\n\n<div class=\"wp-block-column is-layout-flow wp-block-column-is-layout-flow\">\n<figure class=\"wp-block-image size-full is-style-default\"><img decoding=\"async\" src=\"http:\/\/insideamateurfussball-ffm.de\/wp-content\/uploads\/2022\/07\/born14.jpg\" alt=\"\" class=\"wp-image-1630\"\/><\/figure>\n<\/div>\n\n\n\n<div class=\"wp-block-column is-layout-flow wp-block-column-is-layout-flow\">\n<figure class=\"wp-block-image size-full is-style-default\"><img decoding=\"async\" src=\"http:\/\/insideamateurfussball-ffm.de\/wp-content\/uploads\/2022\/07\/bor4.jpg\" alt=\"\" class=\"wp-image-1631\"\/><\/figure>\n<\/div>\n<\/div>\n\n\n\n<div class=\"wp-block-columns is-layout-flex wp-container-core-columns-is-layout-28f84493 wp-block-columns-is-layout-flex\">\n<div class=\"wp-block-column is-layout-flow wp-block-column-is-layout-flow\">\n<figure class=\"wp-block-image size-full is-style-default\"><img decoding=\"async\" src=\"http:\/\/insideamateurfussball-ffm.de\/wp-content\/uploads\/2022\/07\/born8.jpg\" alt=\"\" class=\"wp-image-1632\"\/><\/figure>\n<\/div>\n\n\n\n<div class=\"wp-block-column is-layout-flow wp-block-column-is-layout-flow\">\n<figure class=\"wp-block-image size-full is-style-default\"><img decoding=\"async\" src=\"http:\/\/insideamateurfussball-ffm.de\/wp-content\/uploads\/2022\/07\/born13.jpg\" alt=\"\" class=\"wp-image-1633\"\/><\/figure>\n<\/div>\n\n\n\n<div class=\"wp-block-column is-layout-flow wp-block-column-is-layout-flow\">\n<figure class=\"wp-block-image size-large is-style-default\"><img decoding=\"async\" src=\"http:\/\/insideamateurfussball-ffm.de\/wp-content\/uploads\/2022\/07\/bor3-1024x679.jpg\" alt=\"\" class=\"wp-image-1634\"\/><\/figure>\n<\/div>\n<\/div>\n\n\n\n<div class=\"wp-block-columns is-layout-flex wp-container-core-columns-is-layout-28f84493 wp-block-columns-is-layout-flex\">\n<div class=\"wp-block-column is-layout-flow wp-block-column-is-layout-flow\">\n<figure class=\"wp-block-image size-full is-style-default\"><img decoding=\"async\" src=\"http:\/\/insideamateurfussball-ffm.de\/wp-content\/uploads\/2022\/07\/born7.jpg\" alt=\"\" class=\"wp-image-1635\"\/><\/figure>\n<\/div>\n\n\n\n<div class=\"wp-block-column is-layout-flow wp-block-column-is-layout-flow\">\n<figure class=\"wp-block-image size-full is-style-default\"><img decoding=\"async\" src=\"http:\/\/insideamateurfussball-ffm.de\/wp-content\/uploads\/2022\/07\/born12.jpg\" alt=\"\" class=\"wp-image-1636\"\/><\/figure>\n<\/div>\n\n\n\n<div class=\"wp-block-column is-layout-flow wp-block-column-is-layout-flow\">\n<figure class=\"wp-block-image size-large is-style-default\"><img decoding=\"async\" src=\"http:\/\/insideamateurfussball-ffm.de\/wp-content\/uploads\/2022\/07\/bor2-1024x687.jpg\" alt=\"\" class=\"wp-image-1637\"\/><\/figure>\n<\/div>\n<\/div>\n\n\n\n<div class=\"wp-block-columns is-layout-flex wp-container-core-columns-is-layout-28f84493 wp-block-columns-is-layout-flex\">\n<div class=\"wp-block-column is-layout-flow wp-block-column-is-layout-flow\">\n<figure class=\"wp-block-gallery has-nested-images columns-default is-cropped wp-block-gallery-1 is-layout-flex wp-block-gallery-is-layout-flex\">\n<figure class=\"wp-block-image size-large is-style-default\"><img decoding=\"async\" data-id=\"1638\" src=\"http:\/\/insideamateurfussball-ffm.de\/wp-content\/uploads\/2022\/07\/born6.jpg\" alt=\"\" class=\"wp-image-1638\"\/><\/figure>\n<\/figure>\n<\/div>\n\n\n\n<div class=\"wp-block-column is-layout-flow wp-block-column-is-layout-flow\">\n<figure class=\"wp-block-image size-full is-style-default\"><img decoding=\"async\" src=\"http:\/\/insideamateurfussball-ffm.de\/wp-content\/uploads\/2022\/07\/born11.jpg\" alt=\"\" class=\"wp-image-1639\"\/><\/figure>\n<\/div>\n\n\n\n<div class=\"wp-block-column is-layout-flow wp-block-column-is-layout-flow\">\n<figure class=\"wp-block-image size-full is-style-default\"><img decoding=\"async\" src=\"http:\/\/insideamateurfussball-ffm.de\/wp-content\/uploads\/2022\/07\/bor1.jpg\" alt=\"\" class=\"wp-image-1640\"\/><\/figure>\n<\/div>\n<\/div>\n","protected":false},"excerpt":{"rendered":"<p>In einem ungew\u00f6hnlichem Leistungsvergleich trennte sich Verbandsliga-Vizemeister SG Bornheim Gr\u00fcn-Weiss von der U19 des Bundesligisten Eintracht Frankfurt mit 3:3 (1:1). Unser Fotograf Mithat G\u00fcrser schaute auf seiner Samstagstour an der Seckbacher Landstra\u00dfe vorbei.\u00a0\u00a0 SG Bornheim Gr\u00fcn-Weiss &#8211; Eintracht Frankfurt U19 3:3 (1:1)\u00a0 Zur Mittagszeit um 13 Uhr ert\u00f6nte der Anpfiff auf dem Kunstrasenplatz, wo die [&hellip;]<\/p>\n","protected":false},"author":1,"featured_media":0,"comment_status":"open","ping_status":"open","sticky":false,"template":"","format":"standard","meta":{"footnotes":""},"categories":[21],"tags":[],"class_list":["post-1624","post","type-post","status-publish","format-standard","hentry","category-testspiele"],"_links":{"self":[{"href":"https:\/\/insideamateurfussball-ffm.de\/index.php?rest_route=\/wp\/v2\/posts\/1624","targetHints":{"allow":["GET"]}}],"collection":[{"href":"https:\/\/insideamateurfussball-ffm.de\/index.php?rest_route=\/wp\/v2\/posts"}],"about":[{"href":"https:\/\/insideamateurfussball-ffm.de\/index.php?rest_route=\/wp\/v2\/types\/post"}],"author":[{"embeddable":true,"href":"https:\/\/insideamateurfussball-ffm.de\/index.php?rest_route=\/wp\/v2\/users\/1"}],"replies":[{"embeddable":true,"href":"https:\/\/insideamateurfussball-ffm.de\/index.php?rest_route=%2Fwp%2Fv2%2Fcomments&post=1624"}],"version-history":[{"count":2,"href":"https:\/\/insideamateurfussball-ffm.de\/index.php?rest_route=\/wp\/v2\/posts\/1624\/revisions"}],"predecessor-version":[{"id":1696,"href":"https:\/\/insideamateurfussball-ffm.de\/index.php?rest_route=\/wp\/v2\/posts\/1624\/revisions\/1696"}],"wp:attachment":[{"href":"https:\/\/insideamateurfussball-ffm.de\/index.php?rest_route=%2Fwp%2Fv2%2Fmedia&parent=1624"}],"wp:term":[{"taxonomy":"category","embeddable":true,"href":"https:\/\/insideamateurfussball-ffm.de\/index.php?rest_route=%2Fwp%2Fv2%2Fcategories&post=1624"},{"taxonomy":"post_tag","embeddable":true,"href":"https:\/\/insideamateurfussball-ffm.de\/index.php?rest_route=%2Fwp%2Fv2%2Ftags&post=1624"}],"curies":[{"name":"wp","href":"https:\/\/api.w.org\/{rel}","templated":true}]}}