{"id":16191,"date":"2024-02-01T16:58:47","date_gmt":"2024-02-01T14:58:47","guid":{"rendered":"http:\/\/insideamateurfussball-ffm.de\/?p=16191"},"modified":"2024-02-01T17:00:01","modified_gmt":"2024-02-01T15:00:01","slug":"rot-weiss-ziel-klassenerhalt-erreichen","status":"publish","type":"post","link":"https:\/\/insideamateurfussball-ffm.de\/?p=16191","title":{"rendered":"Rot-Weiss: Ziel Klassenerhalt erreichen"},"content":{"rendered":"<h4>Weiter geht es mit dem Verbandsligisten Rot-Weiss Frankfurt, der unter der Regie des neuen Trainers Ibrahim Cigdem den Klassenerhalt anstrebt. Nachdem die interne L\u00f6sung mit Benjamin L\u00f6bert Ende Oktober beendet wurde, versuchen die &#8222;Roten&#8220; nun mit weiteren Personalrochaden den Abstieg zu verhindern. Unsere Fragen hat der Sportliche Leiter Marcus Heged\u00fcsch beantwortet.<\/h4>\n<figure id=\"attachment_16192\" aria-describedby=\"caption-attachment-16192\" style=\"width: 1063px\" class=\"wp-caption alignnone\"><img loading=\"lazy\" decoding=\"async\" class=\"wp-image-16192 size-full\" src=\"http:\/\/insideamateurfussball-ffm.de\/wp-content\/uploads\/2024\/02\/gie-9-1.jpg\" alt=\"\" width=\"1063\" height=\"687\" srcset=\"https:\/\/insideamateurfussball-ffm.de\/wp-content\/uploads\/2024\/02\/gie-9-1.jpg 1063w, https:\/\/insideamateurfussball-ffm.de\/wp-content\/uploads\/2024\/02\/gie-9-1-300x194.jpg 300w, https:\/\/insideamateurfussball-ffm.de\/wp-content\/uploads\/2024\/02\/gie-9-1-1024x662.jpg 1024w, https:\/\/insideamateurfussball-ffm.de\/wp-content\/uploads\/2024\/02\/gie-9-1-768x496.jpg 768w\" sizes=\"auto, (max-width: 1063px) 100vw, 1063px\" \/><figcaption id=\"caption-attachment-16192\" class=\"wp-caption-text\">Trainer Ibrahim Cigdem an der Seitenlinie, links der neue Co-Trainer Andreas Doil und der Sportliche Leiter Marcus Heged\u00fcsch. Foto: Mithat G\u00fcrser.<\/figcaption><\/figure>\n<p><img loading=\"lazy\" decoding=\"async\" class=\"alignnone size-full wp-image-120\" src=\"http:\/\/insideamateurfussball-ffm.de\/wp-content\/uploads\/2022\/05\/rot-weiss.png\" alt=\"\" width=\"80\" height=\"70\" \/><\/p>\n<h4>Wie f\u00e4llt die Bewertung des ersten Saisonabschnittes aus? (Platz 14, 20 Punkte)<\/h4>\n<p>Heged\u00fcsch: &#8222;Die Runde ist nat\u00fcrlich nicht nach unseren Vorstellungen gelaufen. Wir stehen aktuell auf einem Abstiegsplatz, da wollen wir nicht stehen. Da m\u00fcssen wir uns rausk\u00e4mpfen. Mit DJK Sportfreunde Bad Homburg am 18. Februar haben wir gleich ein schweres Nachholspiel und zwei Tage sp\u00e4ter m\u00fcssen wir im Kreispokal-Achtelfinale zum starken Gruppenligisten Spvgg. Oberrad. Wir m\u00fcssen uns den Herausforderungen stellen.&#8220;<\/p>\n<h4>Was soll sich in der restlichen R\u00fcckrunde verbessern?<\/h4>\n<p>Heged\u00fcsch: &#8222;Trainer Ibrahim Cigdem hat in einigen Punkten angesetzt was das taktische Verhalten angeht. Wir haben noch einige Neuzug\u00e4nge geholt, die uns hoffentlich verst\u00e4rken werden.Dann hoffe ich, dass wir irgendwo um Platz zehn landen k\u00f6nnen. Das w\u00e4re der Wunsch, dass wir defensiv mehr Stabilit\u00e4t bekommen. Wir hatten in der Hinrunde relativ viele Gegentore gefangen. Mit dem Trainerwechsel haben wir uns St\u00fcck f\u00fcr St\u00fcck verbessert, wie das 0:0 in Dortelweil zeigte. Da lief alles von hinten aus geordneter ab. Jetzt geht es darum, vorne wieder die Tore zu schie\u00dfen und Siege einzufahren.&#8220;<\/p>\n<h4>Wie lautet das neue Saisonziel?<\/h4>\n<p>Heged\u00fcsch: &#8222;Das kann nur der Klassenerhalt sein.&#8220;<\/p>\n<h4>Gibt es Ver\u00e4nderungen im Kader?<\/h4>\n<div>Zug\u00e4nge: Ersen Albayrak (Germania Okriftel), Mass Barrow (FC Kalbach), Samuel Kofi Frimpong (Hanauer FC), Luca Cabraja (NK Hrvace\/Kroatien), Vincent Leon Glavan (SV M\u00fcnster).<\/div>\n<div>Abg\u00e4nge: Emanuel Lodama (FV Hausen), Sora Osawa, Evrey Vaneck Nya Mendjiadeu (beide Dersim R\u00fcsselsheim), Rimon Beyene (Stipendium USA), Masahito Morishima (SV Niedernhausen), Fiorenzo Santoro (Rot-Wei\u00df Hadamar), Maziar Namavizadeh, Bennet Karrer, Oliver Ruklic (alle Ziel unbekannt).<\/div>\n<div><\/div>\n<h4>Welche Testspiele wurden vereinbart?<\/h4>\n<p>Bereits absolviert: 0:1 bei TuRa Niederh\u00f6chstadt, 0:2 gegen FC Gie\u00dfen. Noch ausstehend: 4. Februar 14 Uhr beim SV BKC Bosnien\/Herzegowina, 8. Februar 19.30 Uhr bei der SG Hoechst, 11. Februar 15 Uhr bei Germania Okriftel.<\/p>\n","protected":false},"excerpt":{"rendered":"<p>Weiter geht es mit dem Verbandsligisten Rot-Weiss Frankfurt, der unter der Regie des neuen Trainers Ibrahim Cigdem den Klassenerhalt anstrebt. Nachdem die interne L\u00f6sung mit Benjamin L\u00f6bert Ende Oktober beendet wurde, versuchen die &#8222;Roten&#8220; nun mit weiteren Personalrochaden den Abstieg zu verhindern. Unsere Fragen hat der Sportliche Leiter Marcus Heged\u00fcsch beantwortet. Wie f\u00e4llt die Bewertung [&hellip;]<\/p>\n","protected":false},"author":1,"featured_media":16192,"comment_status":"open","ping_status":"open","sticky":true,"template":"","format":"standard","meta":{"footnotes":""},"categories":[10],"tags":[],"class_list":["post-16191","post","type-post","status-publish","format-standard","has-post-thumbnail","hentry","category-verbandsliga-sued"],"_links":{"self":[{"href":"https:\/\/insideamateurfussball-ffm.de\/index.php?rest_route=\/wp\/v2\/posts\/16191","targetHints":{"allow":["GET"]}}],"collection":[{"href":"https:\/\/insideamateurfussball-ffm.de\/index.php?rest_route=\/wp\/v2\/posts"}],"about":[{"href":"https:\/\/insideamateurfussball-ffm.de\/index.php?rest_route=\/wp\/v2\/types\/post"}],"author":[{"embeddable":true,"href":"https:\/\/insideamateurfussball-ffm.de\/index.php?rest_route=\/wp\/v2\/users\/1"}],"replies":[{"embeddable":true,"href":"https:\/\/insideamateurfussball-ffm.de\/index.php?rest_route=%2Fwp%2Fv2%2Fcomments&post=16191"}],"version-history":[{"count":2,"href":"https:\/\/insideamateurfussball-ffm.de\/index.php?rest_route=\/wp\/v2\/posts\/16191\/revisions"}],"predecessor-version":[{"id":16194,"href":"https:\/\/insideamateurfussball-ffm.de\/index.php?rest_route=\/wp\/v2\/posts\/16191\/revisions\/16194"}],"wp:featuredmedia":[{"embeddable":true,"href":"https:\/\/insideamateurfussball-ffm.de\/index.php?rest_route=\/wp\/v2\/media\/16192"}],"wp:attachment":[{"href":"https:\/\/insideamateurfussball-ffm.de\/index.php?rest_route=%2Fwp%2Fv2%2Fmedia&parent=16191"}],"wp:term":[{"taxonomy":"category","embeddable":true,"href":"https:\/\/insideamateurfussball-ffm.de\/index.php?rest_route=%2Fwp%2Fv2%2Fcategories&post=16191"},{"taxonomy":"post_tag","embeddable":true,"href":"https:\/\/insideamateurfussball-ffm.de\/index.php?rest_route=%2Fwp%2Fv2%2Ftags&post=16191"}],"curies":[{"name":"wp","href":"https:\/\/api.w.org\/{rel}","templated":true}]}}