{"id":1616,"date":"2022-07-23T22:37:58","date_gmt":"2022-07-23T22:37:58","guid":{"rendered":"http:\/\/insideamateurfussball-ffm.de\/?p=1616"},"modified":"2025-01-07T15:16:44","modified_gmt":"2025-01-07T14:16:44","slug":"friedberg-gewinnt-20-in-bad-vilbel","status":"publish","type":"post","link":"https:\/\/insideamateurfussball-ffm.de\/?p=1616","title":{"rendered":"Friedberg gewinnt 2:0 in Bad Vilbel"},"content":{"rendered":"<h5>Hessenligist T\u00fcrk G\u00fcc\u00fc Friedberg gewann das Testspiel beim langj\u00e4hrigen Klassenkonkurrenten und k\u00fcrzlich in die Verbandsliga S\u00fcd abgestiegenen FV Bad Vilbel mit 2:0 (1:0).\u00a0<\/h5>\n<figure id=\"attachment_1611\" aria-describedby=\"caption-attachment-1611\" style=\"width: 312px\" class=\"wp-caption alignnone\"><img loading=\"lazy\" decoding=\"async\" class=\"wp-image-1611\" src=\"http:\/\/insideamateurfussball-ffm.de\/wp-content\/uploads\/2022\/07\/IMG_0029-300x200.jpg\" alt=\"\" width=\"312\" height=\"208\" \/><figcaption id=\"caption-attachment-1611\" class=\"wp-caption-text\">Friedbergs Kapit\u00e4n Daniel Henrich passt den Ball im Vilbeler Strafraum quer. Foto: JW.<\/figcaption><\/figure>\n<h5>FV Bad Vilbel &#8211; T\u00fcrk G\u00fcc\u00fc Friedberg 0:2 (0:1)<\/h5>\n<p><img loading=\"lazy\" decoding=\"async\" class=\"alignnone size-full wp-image-146\" src=\"http:\/\/insideamateurfussball-ffm.de\/wp-content\/uploads\/2022\/05\/FV-Bad-Vilbel.jpg\" alt=\"\" width=\"80\" height=\"80\" \/><img loading=\"lazy\" decoding=\"async\" class=\"alignnone size-full wp-image-155\" src=\"http:\/\/insideamateurfussball-ffm.de\/wp-content\/uploads\/2022\/05\/TGF.jpg\" alt=\"\" width=\"76\" height=\"80\" \/><\/p>\n<p>Nach dem Abstieg der Vilbeler aus der Hessenliga treten die langj\u00e4hrigen Konkurrenten und Topteams aus der Wetterau in der kommenden Saison nicht mehr um Punkte gegeneinander an. Zum Ende einer kurzen, aber intensiven Vorbereitungsphase gab es im Leichtathletik-Stadion bei Temperaturen um die 30 Grad aber noch einmal ein f\u00fcr beide Seiten aufschlussreiches Testspiel. W\u00e4hrend FV-Coach Amir Mustafic sechs Neuzug\u00e4nge in die Startformation berief, setzte TGF-Trainer Enis Dzihic auf zehn altbew\u00e4hrte Kr\u00e4fte der Vorsaison und setzte nur Toni Reljic von den Neuen von Beginn an ein.<\/p>\n<blockquote>\n<p>&#8222;Wir haben die Sache eigentlich gut gemacht&#8220; (Bad Vilbels Trainer Amir Mustafic).<\/p>\n<\/blockquote>\n<p>&#8222;Wir haben die Sache eigentlich gut gemacht. Ich denke, dass wir auch ein, zwei Tore verdient gehabt h\u00e4tten und meiner Ansicht nach war da kein so richtig gro\u00dfer Unterschied&#8220;, gab Mustafic nach dem Abpfiff zu Protokoll. Dass Bad Vilbel \u00e4hnlich wie gegen Walldorf (1:1) und Erlensee (0:0) auch gegen den Friedberger Hessenligisten mithalten konnte, wurde den 86 Zuschauern klar vor Augen gef\u00fchrt. Insbesondere der vom Frankfurter Kreisoberligisten FC Kosova gekommene St\u00fcrmer Flakron Thaci hatte nach einer Viertelstunde die F\u00fchrung auf dem Fu\u00df.<\/p>\n<p>Doch dann fiel der Ball nach einem Eckball dem Friedberger &#8222;Urgestein&#8220; Alit Usic vor die F\u00fc\u00dfe und so konnten die G\u00e4ste das erste Tor erzielen (19.), vergaben aber im weiteren Spielverlauf noch einige gute M\u00f6glichkeiten. Unmittelbar nach dem Seitenwechsel ergab sich f\u00fcr Thaci eine gro\u00dfe Kopfballchance, die der St\u00fcrmer knapp am Tor vorbei platzierte. Eine weitere Vilbeler Chance vergab Richard Sieber nach 56 Minuten. T\u00fcrk G\u00fcc\u00fc, mittlerweile mit anderem Personal und vier weiteren Neuzug\u00e4ngen im Spiel, setzte auf schnelle Konter \u00fcber die eingewechselten Japaner Ren Gatamura und Kodai Hayashi, der den Elfmeter zum zweiten Tor gegen Philipp Schaal herausholte.<\/p>\n<blockquote>\n<p>&#8222;Erstmal war es wichtig, dass wir wieder mal seit l\u00e4ngerem zu Null gespielt haben.&#8220; (Friedbergs Trainer Enis Dzihic).<\/p>\n<\/blockquote>\n<p>Peter Jost verwandelte zum Endstand (81.). &#8222;Erstmal war es wichtig, dass wir wieder mal seit l\u00e4ngerem zu Null gespielt haben. Bis auf die ersten zehn Minuten, wo Vilbel da vorne die erste gro\u00dfe Chance hatte, sind wir gut ins Spiel gekommen. Auf dem Boden war es nat\u00fcrlich schwierig, aber auch fu\u00dfballerisch, was unsere St\u00e4rke auch ist, haben wir versucht zu kombinieren. Es hat mir l\u00e4uferisch gut gefallen, wie die Jungs sich organisiert haben&#8220;, lobte Dzihic.<\/p>\n<h5>Schiedsrichter: Tim Feuerbach (Karben). Zuschauer: 86.<\/h5>\n<h5>Tore: 0:1 Alit Usic (19.), 0:2 Peter Jost (81.\/Foulelfmeter).<\/h5>\n<p>\u00a0<\/p>\n\n\n<div class=\"wp-block-columns is-layout-flex wp-container-core-columns-is-layout-28f84493 wp-block-columns-is-layout-flex\">\n<div class=\"wp-block-column is-layout-flow wp-block-column-is-layout-flow\">\n<figure class=\"wp-block-image size-large is-style-default\"><img decoding=\"async\" src=\"http:\/\/insideamateurfussball-ffm.de\/wp-content\/uploads\/2022\/07\/IMG_0058-1024x683.jpg\" alt=\"\" class=\"wp-image-1615\"\/><\/figure>\n<\/div>\n\n\n\n<div class=\"wp-block-column is-layout-flow wp-block-column-is-layout-flow\">\n<figure class=\"wp-block-image size-large is-style-default\"><img decoding=\"async\" src=\"http:\/\/insideamateurfussball-ffm.de\/wp-content\/uploads\/2022\/07\/IMG_0023-1024x683.jpg\" alt=\"\" class=\"wp-image-1610\"\/><\/figure>\n<\/div>\n\n\n\n<div class=\"wp-block-column is-layout-flow wp-block-column-is-layout-flow\">\n<figure class=\"wp-block-image size-large is-style-default\"><img decoding=\"async\" src=\"http:\/\/insideamateurfussball-ffm.de\/wp-content\/uploads\/2022\/07\/IMG_0057-1024x683.jpg\" alt=\"\" class=\"wp-image-1614\"\/><\/figure>\n<\/div>\n<\/div>\n\n\n\n<figure class=\"wp-block-gallery has-nested-images columns-default is-cropped wp-block-gallery-1 is-layout-flex wp-block-gallery-is-layout-flex\">\n<figure class=\"wp-block-image size-large is-style-default\"><img decoding=\"async\" data-id=\"1609\" src=\"http:\/\/insideamateurfussball-ffm.de\/wp-content\/uploads\/2022\/07\/IMG_0010-scaled.jpg\" alt=\"\" class=\"wp-image-1609\"\/><figcaption>Fotos: JW.<\/figcaption><\/figure>\n<\/figure>\n\n\n\n<div class=\"wp-block-columns is-layout-flex wp-container-core-columns-is-layout-28f84493 wp-block-columns-is-layout-flex\">\n<div class=\"wp-block-column is-layout-flow wp-block-column-is-layout-flow\">\n<figure class=\"wp-block-image size-large is-style-default\"><img decoding=\"async\" src=\"http:\/\/insideamateurfussball-ffm.de\/wp-content\/uploads\/2022\/07\/IMG_0051-1024x683.jpg\" alt=\"\" class=\"wp-image-1613\"\/><\/figure>\n<\/div>\n\n\n\n<div class=\"wp-block-column is-layout-flow wp-block-column-is-layout-flow\">\n<figure class=\"wp-block-image size-large is-style-default\"><img decoding=\"async\" src=\"http:\/\/insideamateurfussball-ffm.de\/wp-content\/uploads\/2022\/07\/IMG_0009-1024x683.jpg\" alt=\"\" class=\"wp-image-1608\"\/><\/figure>\n<\/div>\n\n\n\n<div class=\"wp-block-column is-layout-flow wp-block-column-is-layout-flow\">\n<figure class=\"wp-block-image size-large is-style-default\"><img decoding=\"async\" src=\"http:\/\/insideamateurfussball-ffm.de\/wp-content\/uploads\/2022\/07\/IMG_0042-1024x683.jpg\" alt=\"\" class=\"wp-image-1612\"\/><\/figure>\n<\/div>\n<\/div>\n\n\n\n<div class=\"wp-block-columns is-layout-flex wp-container-core-columns-is-layout-28f84493 wp-block-columns-is-layout-flex\">\n<div class=\"wp-block-column is-layout-flow wp-block-column-is-layout-flow\">\n<figure class=\"wp-block-image size-large is-style-default\"><img decoding=\"async\" src=\"http:\/\/insideamateurfussball-ffm.de\/wp-content\/uploads\/2022\/07\/IMG_0005-1-1024x683.jpg\" alt=\"\" class=\"wp-image-1607\"\/><\/figure>\n<\/div>\n\n\n\n<div class=\"wp-block-column is-layout-flow wp-block-column-is-layout-flow\">\n<figure class=\"wp-block-image size-full is-style-default\"><img decoding=\"async\" src=\"http:\/\/insideamateurfussball-ffm.de\/wp-content\/uploads\/2022\/07\/BV-TGF.jpg\" alt=\"\" class=\"wp-image-1617\"\/><\/figure>\n<\/div>\n\n\n\n<div class=\"wp-block-column is-layout-flow wp-block-column-is-layout-flow\">\n<figure class=\"wp-block-image size-full is-style-default\"><img decoding=\"async\" src=\"http:\/\/insideamateurfussball-ffm.de\/wp-content\/uploads\/2022\/07\/BV-TGF-1.jpg\" alt=\"\" class=\"wp-image-1618\"\/><\/figure>\n<\/div>\n<\/div>\n\n\n\n<div class=\"wp-block-columns is-layout-flex wp-container-core-columns-is-layout-28f84493 wp-block-columns-is-layout-flex\">\n<div class=\"wp-block-column is-layout-flow wp-block-column-is-layout-flow\">\n<figure class=\"wp-block-image size-full is-style-default\"><img decoding=\"async\" src=\"http:\/\/insideamateurfussball-ffm.de\/wp-content\/uploads\/2022\/07\/BV-TGF2.jpg\" alt=\"\" class=\"wp-image-1619\"\/><\/figure>\n<\/div>\n\n\n\n<div class=\"wp-block-column is-layout-flow wp-block-column-is-layout-flow\">\n<figure class=\"wp-block-image size-full is-style-default\"><img decoding=\"async\" src=\"http:\/\/insideamateurfussball-ffm.de\/wp-content\/uploads\/2022\/07\/BV-TGF3.jpg\" alt=\"\" class=\"wp-image-1620\"\/><\/figure>\n<\/div>\n\n\n\n<div class=\"wp-block-column is-layout-flow wp-block-column-is-layout-flow\">\n<figure class=\"wp-block-image size-full is-style-default\"><img decoding=\"async\" src=\"http:\/\/insideamateurfussball-ffm.de\/wp-content\/uploads\/2022\/07\/BV-TGF4.jpg\" alt=\"\" class=\"wp-image-1621\"\/><\/figure>\n<\/div>\n<\/div>\n\n\n\n<figure class=\"wp-block-gallery has-nested-images columns-default is-cropped wp-block-gallery-2 is-layout-flex wp-block-gallery-is-layout-flex\">\n<figure class=\"wp-block-image size-large is-style-default\"><img decoding=\"async\" data-id=\"1622\" src=\"http:\/\/insideamateurfussball-ffm.de\/wp-content\/uploads\/2022\/07\/BV-TGF5.jpg\" alt=\"\" class=\"wp-image-1622\"\/><figcaption>Fotos: PA. <\/figcaption><\/figure>\n<\/figure>\n","protected":false},"excerpt":{"rendered":"<p>Hessenligist T\u00fcrk G\u00fcc\u00fc Friedberg gewann das Testspiel beim langj\u00e4hrigen Klassenkonkurrenten und k\u00fcrzlich in die Verbandsliga S\u00fcd abgestiegenen FV Bad Vilbel mit 2:0 (1:0).\u00a0 FV Bad Vilbel &#8211; T\u00fcrk G\u00fcc\u00fc Friedberg 0:2 (0:1) Nach dem Abstieg der Vilbeler aus der Hessenliga treten die langj\u00e4hrigen Konkurrenten und Topteams aus der Wetterau in der kommenden Saison nicht mehr [&hellip;]<\/p>\n","protected":false},"author":1,"featured_media":0,"comment_status":"open","ping_status":"open","sticky":false,"template":"","format":"standard","meta":{"footnotes":""},"categories":[21],"tags":[],"class_list":["post-1616","post","type-post","status-publish","format-standard","hentry","category-testspiele"],"_links":{"self":[{"href":"https:\/\/insideamateurfussball-ffm.de\/index.php?rest_route=\/wp\/v2\/posts\/1616","targetHints":{"allow":["GET"]}}],"collection":[{"href":"https:\/\/insideamateurfussball-ffm.de\/index.php?rest_route=\/wp\/v2\/posts"}],"about":[{"href":"https:\/\/insideamateurfussball-ffm.de\/index.php?rest_route=\/wp\/v2\/types\/post"}],"author":[{"embeddable":true,"href":"https:\/\/insideamateurfussball-ffm.de\/index.php?rest_route=\/wp\/v2\/users\/1"}],"replies":[{"embeddable":true,"href":"https:\/\/insideamateurfussball-ffm.de\/index.php?rest_route=%2Fwp%2Fv2%2Fcomments&post=1616"}],"version-history":[{"count":1,"href":"https:\/\/insideamateurfussball-ffm.de\/index.php?rest_route=\/wp\/v2\/posts\/1616\/revisions"}],"predecessor-version":[{"id":1623,"href":"https:\/\/insideamateurfussball-ffm.de\/index.php?rest_route=\/wp\/v2\/posts\/1616\/revisions\/1623"}],"wp:attachment":[{"href":"https:\/\/insideamateurfussball-ffm.de\/index.php?rest_route=%2Fwp%2Fv2%2Fmedia&parent=1616"}],"wp:term":[{"taxonomy":"category","embeddable":true,"href":"https:\/\/insideamateurfussball-ffm.de\/index.php?rest_route=%2Fwp%2Fv2%2Fcategories&post=1616"},{"taxonomy":"post_tag","embeddable":true,"href":"https:\/\/insideamateurfussball-ffm.de\/index.php?rest_route=%2Fwp%2Fv2%2Ftags&post=1616"}],"curies":[{"name":"wp","href":"https:\/\/api.w.org\/{rel}","templated":true}]}}