{"id":1603,"date":"2022-07-22T20:17:18","date_gmt":"2022-07-22T20:17:18","guid":{"rendered":"http:\/\/insideamateurfussball-ffm.de\/?p=1603"},"modified":"2025-01-07T15:16:51","modified_gmt":"2025-01-07T14:16:51","slug":"verbandsliga-landkarte-von-marko-cickovic","status":"publish","type":"post","link":"https:\/\/insideamateurfussball-ffm.de\/?p=1603","title":{"rendered":"Verbandsliga-Landkarte von Marko Cickovic"},"content":{"rendered":"<h5>F\u00fcr unseren Freund Marko Cickovic ist keine Liga zu hoch, denn nun hat der Bonameser Pressewart sogar die Verbandsliga S\u00fcd grafisch und geografisch in eine Landkarte mit den Vereinswappen veranschaulicht. In der Klasse sind aus Frankfurter Sicht mit Bornheim, den Sportfreunden und Rot-Weiss nur noch drei Klubs vertreten.<\/h5>\n<figure id=\"attachment_1604\" aria-describedby=\"caption-attachment-1604\" style=\"width: 692px\" class=\"wp-caption alignnone\"><img loading=\"lazy\" decoding=\"async\" class=\"wp-image-1604 size-full\" src=\"http:\/\/insideamateurfussball-ffm.de\/wp-content\/uploads\/2022\/07\/220713_VL.png\" alt=\"\" width=\"692\" height=\"692\" srcset=\"https:\/\/insideamateurfussball-ffm.de\/wp-content\/uploads\/2022\/07\/220713_VL.png 692w, https:\/\/insideamateurfussball-ffm.de\/wp-content\/uploads\/2022\/07\/220713_VL-300x300.png 300w, https:\/\/insideamateurfussball-ffm.de\/wp-content\/uploads\/2022\/07\/220713_VL-150x150.png 150w\" sizes=\"auto, (max-width: 692px) 100vw, 692px\" \/><figcaption id=\"caption-attachment-1604\" class=\"wp-caption-text\">Grafik: Marko Cickovic.<\/figcaption><\/figure>\n<p>Nun sind mit dem FV Bad Vilbel und dem SC Dortelweil auch zwei Vereine aus dem Friedberger Kreis vertreten, die in der 17 Vereine umfassenden Klasse die n\u00f6rdlichsten Punkte bilden. Neben Frankfurt entsenden die Kreise Offenbach (Spvgg. Neu-Isenburg, JSK Rodgau und Sportfreunde Seligenstadt) sowie Dieburg (Germania und TS Ober-Roden, SV M\u00fcnster) drei Vertreter. Der Hanauer Kreis wird indes nur noch vom SC 1960 repr\u00e4sentiert. Die westlichsten Standorte sind im Kreis Gro\u00df-Gerau Dersim R\u00fcsselsheim und der VfB Ginsheim. Richtung S\u00fcden geht es dann \u00fcber Rot-Wei\u00df Darmstadt die Bergstra\u00dfe hinunter zu Neuling VfR Fehlheim. Den s\u00fcdlichsten Punkt finden wir im Odenwald bei Eintracht Wald-Michelbach.<\/p>\n","protected":false},"excerpt":{"rendered":"<p>F\u00fcr unseren Freund Marko Cickovic ist keine Liga zu hoch, denn nun hat der Bonameser Pressewart sogar die Verbandsliga S\u00fcd grafisch und geografisch in eine Landkarte mit den Vereinswappen veranschaulicht. In der Klasse sind aus Frankfurter Sicht mit Bornheim, den Sportfreunden und Rot-Weiss nur noch drei Klubs vertreten. Nun sind mit dem FV Bad Vilbel [&hellip;]<\/p>\n","protected":false},"author":1,"featured_media":1604,"comment_status":"open","ping_status":"open","sticky":false,"template":"","format":"standard","meta":{"footnotes":""},"categories":[10],"tags":[],"class_list":["post-1603","post","type-post","status-publish","format-standard","has-post-thumbnail","hentry","category-verbandsliga-sued"],"_links":{"self":[{"href":"https:\/\/insideamateurfussball-ffm.de\/index.php?rest_route=\/wp\/v2\/posts\/1603","targetHints":{"allow":["GET"]}}],"collection":[{"href":"https:\/\/insideamateurfussball-ffm.de\/index.php?rest_route=\/wp\/v2\/posts"}],"about":[{"href":"https:\/\/insideamateurfussball-ffm.de\/index.php?rest_route=\/wp\/v2\/types\/post"}],"author":[{"embeddable":true,"href":"https:\/\/insideamateurfussball-ffm.de\/index.php?rest_route=\/wp\/v2\/users\/1"}],"replies":[{"embeddable":true,"href":"https:\/\/insideamateurfussball-ffm.de\/index.php?rest_route=%2Fwp%2Fv2%2Fcomments&post=1603"}],"version-history":[{"count":1,"href":"https:\/\/insideamateurfussball-ffm.de\/index.php?rest_route=\/wp\/v2\/posts\/1603\/revisions"}],"predecessor-version":[{"id":1605,"href":"https:\/\/insideamateurfussball-ffm.de\/index.php?rest_route=\/wp\/v2\/posts\/1603\/revisions\/1605"}],"wp:featuredmedia":[{"embeddable":true,"href":"https:\/\/insideamateurfussball-ffm.de\/index.php?rest_route=\/wp\/v2\/media\/1604"}],"wp:attachment":[{"href":"https:\/\/insideamateurfussball-ffm.de\/index.php?rest_route=%2Fwp%2Fv2%2Fmedia&parent=1603"}],"wp:term":[{"taxonomy":"category","embeddable":true,"href":"https:\/\/insideamateurfussball-ffm.de\/index.php?rest_route=%2Fwp%2Fv2%2Fcategories&post=1603"},{"taxonomy":"post_tag","embeddable":true,"href":"https:\/\/insideamateurfussball-ffm.de\/index.php?rest_route=%2Fwp%2Fv2%2Ftags&post=1603"}],"curies":[{"name":"wp","href":"https:\/\/api.w.org\/{rel}","templated":true}]}}