{"id":16011,"date":"2024-01-28T11:19:35","date_gmt":"2024-01-28T09:19:35","guid":{"rendered":"http:\/\/insideamateurfussball-ffm.de\/?p=16011"},"modified":"2024-02-14T20:14:01","modified_gmt":"2024-02-14T18:14:01","slug":"fechenheim-verliert-erstes-testspiel","status":"publish","type":"post","link":"https:\/\/insideamateurfussball-ffm.de\/?p=16011","title":{"rendered":"Fechenheim verliert erstes Testspiel"},"content":{"rendered":"<h4>Auch die Spvgg. 03 Fechenheim ist jetzt in die Testspiele in der Vorbereitung gestartet. Gegen Kickers Obertshausen, den Tabellenzehnten der Gruppenliga Frankfurt Ost, verlor man mit 1:3..<\/h4>\n\n\n<p><\/p>\n\n\n<h4>\u00a0<\/h4>\n<figure id=\"attachment_13061\" aria-describedby=\"caption-attachment-13061\" style=\"width: 1512px\" class=\"wp-caption alignnone\"><img loading=\"lazy\" decoding=\"async\" class=\"wp-image-13061 size-full\" src=\"http:\/\/insideamateurfussball-ffm.de\/wp-content\/uploads\/2023\/09\/vilbelfech19-rotated.jpg\" alt=\"\" width=\"1512\" height=\"2016\" srcset=\"https:\/\/insideamateurfussball-ffm.de\/wp-content\/uploads\/2023\/09\/vilbelfech19-rotated.jpg 1512w, https:\/\/insideamateurfussball-ffm.de\/wp-content\/uploads\/2023\/09\/vilbelfech19-225x300.jpg 225w, https:\/\/insideamateurfussball-ffm.de\/wp-content\/uploads\/2023\/09\/vilbelfech19-768x1024.jpg 768w, https:\/\/insideamateurfussball-ffm.de\/wp-content\/uploads\/2023\/09\/vilbelfech19-1152x1536.jpg 1152w\" sizes=\"auto, (max-width: 1512px) 100vw, 1512px\" \/><figcaption id=\"caption-attachment-13061\" class=\"wp-caption-text\">Fechenheims Trainer Maximilian Schmidt.<\/figcaption><\/figure>\n<h4>Spvgg. 03 Fechenheim &#8211; Kickers Obertshausen 1:3 (1:2)<\/h4>\n<p><img loading=\"lazy\" decoding=\"async\" class=\"alignnone size-full wp-image-603\" src=\"http:\/\/insideamateurfussball-ffm.de\/wp-content\/uploads\/2022\/06\/Fech03.jpg\" alt=\"\" width=\"52\" height=\"80\" \/><img loading=\"lazy\" decoding=\"async\" class=\"alignnone size-full wp-image-9453\" src=\"http:\/\/insideamateurfussball-ffm.de\/wp-content\/uploads\/2023\/06\/obertshausen.jpg\" alt=\"\" width=\"80\" height=\"79\" \/><\/p>\n<p>Die Spvgg. 03 Fechenheim startete nach einer Woche intensiven Trainings in die Testspiele zur Vorbereitung auf die R\u00fcckrunde, als Gast geladen war der Tabellenzehnte der Gruppenliga Frankfurt Ost, Kickers Obertshausen. Das Spiel fand bei sch\u00f6nem Sonnenschein auf dem neuen Kunstrasenplatz an der Birsteiner Stra\u00dfe statt.\u00a0 Den Fechenheimern standen nur 14 einsatzbereite Spieler zur Verf\u00fcgung, Trainer Maximilian Schmidt sagte, dass &#8222;an diesem Samstag einige Spieler berufsbedingt fehlen&#8220;. So kam auch der neue Hoffnungstr\u00e4ger im Sturm, Z\u00fclfikar Cosguner, noch nicht zum Einsatz.<\/p>\n<p>Die Fechenheimer kamen gut in die Partie und gingen bereits in der 5.Minute durch Kaleab Eyassu nach einem sch\u00f6nen Spielzug mit 1:0 in F\u00fchrung. In der ersten Viertelstunde war es ein schnelles und ausgeglichenes Spiel, ehe dann die G\u00e4ste aus Obertshausen Oberwasser bekamen und das Spiel diktierten. Sie belohnten sich allerdings nur mit zwei Toren, Raphael Kreis erzielte in der 23.Minute den Ausgleich zum 1:1 und kurz vor der Halbzeit schoss dann Jan Gebhardt in der 44.Minute die 2:1-Pausenf\u00fchrung f\u00fcr die G\u00e4ste raus.\u00a0<\/p>\n<p>In der zweiten Halbzeit war es dann wieder ein ausgeglichenes Spiel mit Torchancen auf beiden Seiten, die aber gr\u00f6\u00dftenteils fahrl\u00e4ssig liegenblieben, auf Fechenheimer Seite schon das Problem der ganzen Hinserie. So gab es nur noch einen Treffer, Robin Kaufmann erzielte f\u00fcr Obertshausen in der 75.Minute den verdienten 3.1-Endstand. Pr\u00e4sident Reinhold Schmidt meinte: &#8222;es war ein flottes Testspiel, bei dem das Ergebnis keine gro\u00dfe Rolle spielt.&#8220; Bereits heute bestreitet die Spvgg. Fechenheim ihr n\u00e4chstes Testspiel, dann ist man beim Kreisoberligisten VfB Offenbach zu Gast.\u00a0<\/p>\n<h4>Schiedsrichter: Tom Wagner (TV Freyung). Zuschauer: 15<\/h4>\n<h4>Tore: 1:0 Kaleab Eyassu (5.), 1:1 Raphael Kreis (23.), 1:2 Jan Gebhardt (44.), 1:3 Robin Kaufmann (75.)<\/h4>","protected":false},"excerpt":{"rendered":"<p>Auch die Spvgg. 03 Fechenheim ist jetzt in die Testspiele in der Vorbereitung gestartet. Gegen Kickers Obertshausen, den Tabellenzehnten der Gruppenliga Frankfurt Ost, verlor man mit 1:3.. \u00a0 Spvgg. 03 Fechenheim &#8211; Kickers Obertshausen 1:3 (1:2) Die Spvgg. 03 Fechenheim startete nach einer Woche intensiven Trainings in die Testspiele zur Vorbereitung auf die R\u00fcckrunde, als [&hellip;]<\/p>\n","protected":false},"author":3,"featured_media":13061,"comment_status":"open","ping_status":"open","sticky":true,"template":"","format":"standard","meta":{"footnotes":""},"categories":[21],"tags":[],"class_list":["post-16011","post","type-post","status-publish","format-standard","has-post-thumbnail","hentry","category-testspiele"],"_links":{"self":[{"href":"https:\/\/insideamateurfussball-ffm.de\/index.php?rest_route=\/wp\/v2\/posts\/16011","targetHints":{"allow":["GET"]}}],"collection":[{"href":"https:\/\/insideamateurfussball-ffm.de\/index.php?rest_route=\/wp\/v2\/posts"}],"about":[{"href":"https:\/\/insideamateurfussball-ffm.de\/index.php?rest_route=\/wp\/v2\/types\/post"}],"author":[{"embeddable":true,"href":"https:\/\/insideamateurfussball-ffm.de\/index.php?rest_route=\/wp\/v2\/users\/3"}],"replies":[{"embeddable":true,"href":"https:\/\/insideamateurfussball-ffm.de\/index.php?rest_route=%2Fwp%2Fv2%2Fcomments&post=16011"}],"version-history":[{"count":12,"href":"https:\/\/insideamateurfussball-ffm.de\/index.php?rest_route=\/wp\/v2\/posts\/16011\/revisions"}],"predecessor-version":[{"id":16420,"href":"https:\/\/insideamateurfussball-ffm.de\/index.php?rest_route=\/wp\/v2\/posts\/16011\/revisions\/16420"}],"wp:featuredmedia":[{"embeddable":true,"href":"https:\/\/insideamateurfussball-ffm.de\/index.php?rest_route=\/wp\/v2\/media\/13061"}],"wp:attachment":[{"href":"https:\/\/insideamateurfussball-ffm.de\/index.php?rest_route=%2Fwp%2Fv2%2Fmedia&parent=16011"}],"wp:term":[{"taxonomy":"category","embeddable":true,"href":"https:\/\/insideamateurfussball-ffm.de\/index.php?rest_route=%2Fwp%2Fv2%2Fcategories&post=16011"},{"taxonomy":"post_tag","embeddable":true,"href":"https:\/\/insideamateurfussball-ffm.de\/index.php?rest_route=%2Fwp%2Fv2%2Ftags&post=16011"}],"curies":[{"name":"wp","href":"https:\/\/api.w.org\/{rel}","templated":true}]}}