{"id":15988,"date":"2024-01-25T16:53:21","date_gmt":"2024-01-25T14:53:21","guid":{"rendered":"http:\/\/insideamateurfussball-ffm.de\/?p=15988"},"modified":"2024-01-25T16:53:21","modified_gmt":"2024-01-25T14:53:21","slug":"kosova-will-mindestens-rang-zwei-erreichen","status":"publish","type":"post","link":"https:\/\/insideamateurfussball-ffm.de\/?p=15988","title":{"rendered":"Kosova will mindestens Rang zwei erreichen"},"content":{"rendered":"<h4>Weiter geht unsere Serie in der Kreisoberliga mit dem FC Kosova, der unter der Regie des im Sommer eingestiegenen Trainers Jorge Huberman zum erweiterten Kreis der Aufstiegskandidaten z\u00e4hlt. Trotz einiger polemischer Episoden konnte der erfahrene Coach die Mannschaft mit Disziplin und Ordnung auf einen vielversprechenden Weg f\u00fchren. Der seit Jahrzehnten im Frankfurter Amateurfu\u00dfball t\u00e4tige Argentinier hat unsere Fragen beantwortet.<\/h4>\n<figure id=\"attachment_15990\" aria-describedby=\"caption-attachment-15990\" style=\"width: 310px\" class=\"wp-caption alignnone\"><img loading=\"lazy\" decoding=\"async\" class=\"wp-image-15990\" src=\"http:\/\/insideamateurfussball-ffm.de\/wp-content\/uploads\/2024\/01\/tarik17-1-300x223.jpg\" alt=\"\" width=\"310\" height=\"230\" srcset=\"https:\/\/insideamateurfussball-ffm.de\/wp-content\/uploads\/2024\/01\/tarik17-1-300x223.jpg 300w, https:\/\/insideamateurfussball-ffm.de\/wp-content\/uploads\/2024\/01\/tarik17-1-768x570.jpg 768w, https:\/\/insideamateurfussball-ffm.de\/wp-content\/uploads\/2024\/01\/tarik17-1.jpg 1009w\" sizes=\"auto, (max-width: 310px) 100vw, 310px\" \/><figcaption id=\"caption-attachment-15990\" class=\"wp-caption-text\">Trainer Jorge Huberman will mit dem FC Kosova nach oben. Foto: Archiv Mithat G\u00fcrser.\u00a0\u00a0<\/figcaption><\/figure>\n<p><img loading=\"lazy\" decoding=\"async\" class=\"alignnone size-full wp-image-9\" src=\"http:\/\/insideamateurfussball-ffm.de\/wp-content\/uploads\/2021\/11\/Kosova.jpg\" alt=\"\" width=\"65\" height=\"80\" \/><\/p>\n<h4>Wie f\u00e4llt die Bewertung des ersten Saisonabschnittes aus? (Platz 5, 37 Punkte).<\/h4>\n<p>Huberman: &#8222;Recht positiv. Wir haben eine neu zusammen besetzte Mannschaft mit neuen Trainern. Am Ende war unser Ziel und das haben wir auch erreicht, nicht zu weit von den m\u00f6glichen Aufstiegspl\u00e4tzen entfernt zu sein. Mit ein bisschen mehr Gl\u00fcck oder Objektivit\u00e4t w\u00e4re mehr drin gewesen, aber es ist halt wie es ist. Von daher haben wir das Zwischenziel erreicht und somit sind wir im Moment zufrieden.&#8220;<\/p>\n<h4>Was soll sich in der restlichen R\u00fcckrunde verbessern?<\/h4>\n<p>Huberman: &#8222;Der Tabellenplatz! Ganz einfach, der ist wichtig. Das Verletzungspech sollte minimiert werden, ich hoffe, dass wir da mehr Gl\u00fcck haben.&#8220;<\/p>\n<h4>Wie lautet das neue Saisonziel?<\/h4>\n<p>Huberman: &#8222;Das Saisonziel ist nicht neu, es lautet genauso wie es vorher war. Wir wollen auf die Aufstiegspl\u00e4tze gelangen.&#8220;<\/p>\n<h4>Gibt es Ver\u00e4nderungen im Kader?<\/h4>\n<p>Huberman: &#8222;Im Kader gibt es viele Ver\u00e4nderungen. Es haben uns Spieler verlassen, die eher zur Zweiten Mannschaft geh\u00f6rten. Santiago Alejandro Gamez Camaran hatte sich abgemeldet. Da es aber keine Freigabe gibt, bleibt er. Wir erwarten auch sonst keine Abg\u00e4nge in der Ersten Mannschaft. In Sachen Zug\u00e4nge haben wir ein paar neue Spieler aus dem Kosovo, deren Namen ich noch gar nicht kenne. Darunter ist ein Torwart und ein Feldspieler. Es laufen Gespr\u00e4che \u00fcber eine R\u00fcckkehr von Leon Dashi, da ist aber noch einiges abzukl\u00e4ren. Raisi Zalla hat uns in Richtung Germania Okriftel verlassen. Ihm w\u00fcnschen wir alles Gute f\u00fcr die Zukunft.&#8220;<\/p>\n<figure id=\"attachment_15993\" aria-describedby=\"caption-attachment-15993\" style=\"width: 1063px\" class=\"wp-caption alignnone\"><img loading=\"lazy\" decoding=\"async\" class=\"wp-image-15993 size-full\" src=\"http:\/\/insideamateurfussball-ffm.de\/wp-content\/uploads\/2024\/01\/tarik18-2.jpg\" alt=\"\" width=\"1063\" height=\"739\" srcset=\"https:\/\/insideamateurfussball-ffm.de\/wp-content\/uploads\/2024\/01\/tarik18-2.jpg 1063w, https:\/\/insideamateurfussball-ffm.de\/wp-content\/uploads\/2024\/01\/tarik18-2-300x209.jpg 300w, https:\/\/insideamateurfussball-ffm.de\/wp-content\/uploads\/2024\/01\/tarik18-2-1024x712.jpg 1024w, https:\/\/insideamateurfussball-ffm.de\/wp-content\/uploads\/2024\/01\/tarik18-2-768x534.jpg 768w\" sizes=\"auto, (max-width: 1063px) 100vw, 1063px\" \/><figcaption id=\"caption-attachment-15993\" class=\"wp-caption-text\">Der FC Kosova hofft noch auf den Aufstieg. Foto: Archiv Mithat G\u00fcrser.\u00a0<\/figcaption><\/figure>\n<h4>Welche Testspiele wurden vereinbart?<\/h4>\n<p>Bis zum Nachholspiel am 10. Februar gegen Schlusslicht SG Westend bleiben nur noch etwas mehr als zwei Wochen. Aktuell steht nur das Freundschaftsspiel beim A-Liga-Spitzenreiter BSC Schwarz-Wei\u00df 19 am 31. Januar um 20 Uhr auf dem Spielplan.<\/p>\n","protected":false},"excerpt":{"rendered":"<p>Weiter geht unsere Serie in der Kreisoberliga mit dem FC Kosova, der unter der Regie des im Sommer eingestiegenen Trainers Jorge Huberman zum erweiterten Kreis der Aufstiegskandidaten z\u00e4hlt. Trotz einiger polemischer Episoden konnte der erfahrene Coach die Mannschaft mit Disziplin und Ordnung auf einen vielversprechenden Weg f\u00fchren. Der seit Jahrzehnten im Frankfurter Amateurfu\u00dfball t\u00e4tige Argentinier [&hellip;]<\/p>\n","protected":false},"author":1,"featured_media":15990,"comment_status":"open","ping_status":"open","sticky":true,"template":"","format":"standard","meta":{"footnotes":""},"categories":[2],"tags":[],"class_list":["post-15988","post","type-post","status-publish","format-standard","has-post-thumbnail","hentry","category-kreisoberliga-frankfurt"],"_links":{"self":[{"href":"https:\/\/insideamateurfussball-ffm.de\/index.php?rest_route=\/wp\/v2\/posts\/15988","targetHints":{"allow":["GET"]}}],"collection":[{"href":"https:\/\/insideamateurfussball-ffm.de\/index.php?rest_route=\/wp\/v2\/posts"}],"about":[{"href":"https:\/\/insideamateurfussball-ffm.de\/index.php?rest_route=\/wp\/v2\/types\/post"}],"author":[{"embeddable":true,"href":"https:\/\/insideamateurfussball-ffm.de\/index.php?rest_route=\/wp\/v2\/users\/1"}],"replies":[{"embeddable":true,"href":"https:\/\/insideamateurfussball-ffm.de\/index.php?rest_route=%2Fwp%2Fv2%2Fcomments&post=15988"}],"version-history":[{"count":1,"href":"https:\/\/insideamateurfussball-ffm.de\/index.php?rest_route=\/wp\/v2\/posts\/15988\/revisions"}],"predecessor-version":[{"id":15994,"href":"https:\/\/insideamateurfussball-ffm.de\/index.php?rest_route=\/wp\/v2\/posts\/15988\/revisions\/15994"}],"wp:featuredmedia":[{"embeddable":true,"href":"https:\/\/insideamateurfussball-ffm.de\/index.php?rest_route=\/wp\/v2\/media\/15990"}],"wp:attachment":[{"href":"https:\/\/insideamateurfussball-ffm.de\/index.php?rest_route=%2Fwp%2Fv2%2Fmedia&parent=15988"}],"wp:term":[{"taxonomy":"category","embeddable":true,"href":"https:\/\/insideamateurfussball-ffm.de\/index.php?rest_route=%2Fwp%2Fv2%2Fcategories&post=15988"},{"taxonomy":"post_tag","embeddable":true,"href":"https:\/\/insideamateurfussball-ffm.de\/index.php?rest_route=%2Fwp%2Fv2%2Ftags&post=15988"}],"curies":[{"name":"wp","href":"https:\/\/api.w.org\/{rel}","templated":true}]}}