{"id":15987,"date":"2024-01-25T17:08:24","date_gmt":"2024-01-25T15:08:24","guid":{"rendered":"http:\/\/insideamateurfussball-ffm.de\/?p=15987"},"modified":"2024-01-25T17:08:24","modified_gmt":"2024-01-25T15:08:24","slug":"fechenheim-wuenscht-sich-mehr-kontinuitaet-und-tore","status":"publish","type":"post","link":"https:\/\/insideamateurfussball-ffm.de\/?p=15987","title":{"rendered":"Fechenheim w\u00fcnscht sich mehr Kontinuit\u00e4t und Tore"},"content":{"rendered":"\n<p><\/p>\n\n\n<h4>Heue besch\u00e4ftigen wir uns in unserer Winterserie mit dem Gruppenligisten Spvgg. 03 Fechenheim, die nach schwachem Start immer besser in die Saison gekommen sind und am Ende den Klassenerhalt feiern m\u00f6chten. Die Fragen beantwortete uns Pr\u00e4sident Reinhold Schmidt.<\/h4>\n<figure id=\"attachment_15991\" aria-describedby=\"caption-attachment-15991\" style=\"width: 300px\" class=\"wp-caption alignnone\"><img loading=\"lazy\" decoding=\"async\" class=\"wp-image-15991 size-medium\" src=\"http:\/\/insideamateurfussball-ffm.de\/wp-content\/uploads\/2024\/01\/Mannschftsfoto-300x157.jpg\" alt=\"\" width=\"300\" height=\"157\" \/><figcaption id=\"caption-attachment-15991\" class=\"wp-caption-text\">Die Spvgg. 03 Fechenheim hatte am Anfang der Saison ambitionierte Ziele. Foto: Archiv Fechenheim<\/figcaption><\/figure>\n<p><img loading=\"lazy\" decoding=\"async\" class=\"alignnone size-full wp-image-434\" src=\"http:\/\/insideamateurfussball-ffm.de\/wp-content\/uploads\/2022\/05\/Fech03.jpg\" alt=\"\" width=\"52\" height=\"80\" \/><\/p>\n<h4>Wie f\u00e4llt die Bewertung des ersten Saisonabschnittes aus (Platz 13, 27 Punkte)?<\/h4>\n<p>Schmidt: \u201eDer erste Saisonabschnitt war sehr durchwachsen f\u00fcr uns gewesen, wir sind mit anderen Erwartungen in die Saison gegangen, sind jetzt aber froh, dass wir nach den ersten 10 Spielen, die fatal f\u00fcr uns waren, die Kurve gekriegt haben und mittlerweile auf dem gelben Rang (Relegationsplatz, die Red.) stehen.\u201c<\/p>\n<h4>Was soll sich in der restlichen R\u00fcckrunde verbessern?<\/h4>\n<p>Schmidt: \u201eVerbessern m\u00fcssen wir in der R\u00fcckrunde die Kontinuit\u00e4t und vor allen Dingen den Torabschluss, wir m\u00fcssen aus den Chancen, die wir uns herausspielen und die durchaus auch da waren, einfach das zu Ende spielen und dann auch Tore erzielen.\u201c<\/p>\n<h4>Wie lautet das neue Saisonziel?<\/h4>\n<p>Schmidt: \u201eWir wollen nat\u00fcrlich vom gelben Rang runter und w\u00fcnschen uns, dass wir vielleicht noch irgendwo zwischen Platz 9 und 11 landen.\u201c<\/p>\n<h4>Gibt es Ver\u00e4nderungen im Kader? Welche Zug\u00e4nge und Ang\u00e4nge stehen schon fest?<\/h4>\n<p>Schmidt: \u201eGehen wird Benoni Mebrathu mit unbekanntem Ziel, und Metehan Karakus wird uns leider in Richtung FSV Friedrichsdorf verlassen, da sind wir traurig dr\u00fcber. Im Sturm konnten wir Z\u00fclfikar Cosguner gewinnen, der ab sofort f\u00fcr uns auf Torejagd gehen soll und diese problematische Stelle, die wir halt haben, dann schlie\u00dfen soll. Da glauben wir, jemanden gewonnen zu haben, der die Tore machen kann, die notwendig sind.\u201c<\/p>\n<figure id=\"attachment_15995\" aria-describedby=\"caption-attachment-15995\" style=\"width: 300px\" class=\"wp-caption alignnone\"><img loading=\"lazy\" decoding=\"async\" class=\"wp-image-15995 size-medium\" src=\"http:\/\/insideamateurfussball-ffm.de\/wp-content\/uploads\/2024\/01\/Cosguner-300x300.jpg\" alt=\"\" width=\"300\" height=\"300\" \/><figcaption id=\"caption-attachment-15995\" class=\"wp-caption-text\">Rechts neben dem Sportlichen Leiter Simon Reschke der neue St\u00fcrmer Z\u00fclfikar Cosguner. Foto: Facebook Fechenheim<\/figcaption><\/figure>\n<h4>Welche Testspiele wurden vereinbart?<\/h4>\n<p>27.01. 15:30 Uhr gegen Kickers Obertshausen<\/p>\n<p>28.01. 15 Uhr beim VfB Offenbach<\/p>\n<p>04.02. 15 Uhr bei Spvgg. 02 Griesheim<\/p>\n<p>08.02. 20 Uhr gegen TSV 1860 Hanau<\/p>\n<p>11.02. 15 Uhr beim SV Au-Wittnau<\/p>\n<p>18.02. 16 Uhr gegen Safakspor Hanau<\/p>","protected":false},"excerpt":{"rendered":"<p>Heue besch\u00e4ftigen wir uns in unserer Winterserie mit dem Gruppenligisten Spvgg. 03 Fechenheim, die nach schwachem Start immer besser in die Saison gekommen sind und am Ende den Klassenerhalt feiern m\u00f6chten. Die Fragen beantwortete uns Pr\u00e4sident Reinhold Schmidt. Wie f\u00e4llt die Bewertung des ersten Saisonabschnittes aus (Platz 13, 27 Punkte)? Schmidt: \u201eDer erste Saisonabschnitt war [&hellip;]<\/p>\n","protected":false},"author":3,"featured_media":0,"comment_status":"open","ping_status":"open","sticky":true,"template":"","format":"standard","meta":{"footnotes":""},"categories":[13],"tags":[],"class_list":["post-15987","post","type-post","status-publish","format-standard","hentry","category-gruppenliga-frankfurt-west"],"_links":{"self":[{"href":"https:\/\/insideamateurfussball-ffm.de\/index.php?rest_route=\/wp\/v2\/posts\/15987","targetHints":{"allow":["GET"]}}],"collection":[{"href":"https:\/\/insideamateurfussball-ffm.de\/index.php?rest_route=\/wp\/v2\/posts"}],"about":[{"href":"https:\/\/insideamateurfussball-ffm.de\/index.php?rest_route=\/wp\/v2\/types\/post"}],"author":[{"embeddable":true,"href":"https:\/\/insideamateurfussball-ffm.de\/index.php?rest_route=\/wp\/v2\/users\/3"}],"replies":[{"embeddable":true,"href":"https:\/\/insideamateurfussball-ffm.de\/index.php?rest_route=%2Fwp%2Fv2%2Fcomments&post=15987"}],"version-history":[{"count":5,"href":"https:\/\/insideamateurfussball-ffm.de\/index.php?rest_route=\/wp\/v2\/posts\/15987\/revisions"}],"predecessor-version":[{"id":15998,"href":"https:\/\/insideamateurfussball-ffm.de\/index.php?rest_route=\/wp\/v2\/posts\/15987\/revisions\/15998"}],"wp:attachment":[{"href":"https:\/\/insideamateurfussball-ffm.de\/index.php?rest_route=%2Fwp%2Fv2%2Fmedia&parent=15987"}],"wp:term":[{"taxonomy":"category","embeddable":true,"href":"https:\/\/insideamateurfussball-ffm.de\/index.php?rest_route=%2Fwp%2Fv2%2Fcategories&post=15987"},{"taxonomy":"post_tag","embeddable":true,"href":"https:\/\/insideamateurfussball-ffm.de\/index.php?rest_route=%2Fwp%2Fv2%2Ftags&post=15987"}],"curies":[{"name":"wp","href":"https:\/\/api.w.org\/{rel}","templated":true}]}}