{"id":15980,"date":"2024-01-24T23:10:23","date_gmt":"2024-01-24T21:10:23","guid":{"rendered":"http:\/\/insideamateurfussball-ffm.de\/?p=15980"},"modified":"2024-02-14T20:48:51","modified_gmt":"2024-02-14T18:48:51","slug":"tuerkguecue-will-positive-entwicklung-beibehalten","status":"publish","type":"post","link":"https:\/\/insideamateurfussball-ffm.de\/?p=15980","title":{"rendered":"T\u00fcrkg\u00fcc\u00fc will positive Entwicklung beibehalten"},"content":{"rendered":"<h4>Der n\u00e4chste Verein in unserer Serie ist der Kreisoberligist TSKV T\u00fcrkg\u00fcc\u00fc, der sich auf Rang drei stehend noch gute Aufstiegschancen ausrechnet. Zumal man noch eine Partie mehr auszutragen hat als die Konkurrenz. Unsere Fragen hat Trainer Mehmet Tunay Somun beantwortet.<\/h4>\n<figure id=\"attachment_15981\" aria-describedby=\"caption-attachment-15981\" style=\"width: 1043px\" class=\"wp-caption alignnone\"><img loading=\"lazy\" decoding=\"async\" class=\"wp-image-15981 size-full\" src=\"http:\/\/insideamateurfussball-ffm.de\/wp-content\/uploads\/2024\/01\/hau11-5.jpg\" alt=\"\" width=\"1043\" height=\"749\" srcset=\"https:\/\/insideamateurfussball-ffm.de\/wp-content\/uploads\/2024\/01\/hau11-5.jpg 1043w, https:\/\/insideamateurfussball-ffm.de\/wp-content\/uploads\/2024\/01\/hau11-5-300x215.jpg 300w, https:\/\/insideamateurfussball-ffm.de\/wp-content\/uploads\/2024\/01\/hau11-5-1024x735.jpg 1024w, https:\/\/insideamateurfussball-ffm.de\/wp-content\/uploads\/2024\/01\/hau11-5-768x552.jpg 768w\" sizes=\"auto, (max-width: 1043px) 100vw, 1043px\" \/><figcaption id=\"caption-attachment-15981\" class=\"wp-caption-text\">Grund zum Jubeln gab es f\u00fcr Kapit\u00e4n Emre Kadimli und Co. nicht nur beim 1:1 vor der Winterpause in Hausen. Foto: Mithat G\u00fcrser.<\/figcaption><\/figure>\n<p><img loading=\"lazy\" decoding=\"async\" class=\"alignnone size-full wp-image-17\" src=\"http:\/\/insideamateurfussball-ffm.de\/wp-content\/uploads\/2021\/11\/Tuerkguecue.jpg\" alt=\"\" width=\"72\" height=\"80\" \/><\/p>\n<h4>Wie f\u00e4llt die Bewertung des ersten Saisonabschnittes aus? (Platz 3, 43 Punkte).<\/h4>\n<p>Somun: &#8222;Wir sind mit der aktuellen Platzierung mit einem Spiel weniger grunds\u00e4tzlich zufrieden. Wir haben nach Union Niederrad (59) die meisten Tore (58) gemacht und die wenigsten (21) bekommen. Sehr positiv zu bewerten ist, dass wir uns auch in der Fairnesstabelle unter den ersten sechs Teams befinden. Wir haben uns als Mannschaft gut gefunden und phasenweise einen sehr attraktiven und erfolgreichen Fu\u00dfball gespielt.&#8220;<\/p>\n<h4>Was soll sich in der restlichen R\u00fcckrunde verbessern?<\/h4>\n<p>Somun: &#8222;Wir m\u00fcssen die Big Points landen und auch die Spiele gegen Mannschaften die oben mitspielen gewinnen. Da haben wir leider in der Hinrunde gegen Germania 94, Viktoria Preu\u00dfen und Croatia keine Punkte geholt.&#8220;<\/p>\n<h4>Wie lautet das neue Saisonziel?<\/h4>\n<p>Somun: &#8222;Saisonziel ist diese positive Entwicklung beizubehalten und aufzubauen. Ein Schritt nach dem anderen und wir denken von Spiel zu Spiel.&#8220;<\/p>\n<h4>Gibt es Ver\u00e4nderungen im Kader?<\/h4>\n<p>Somun: &#8222;Tamer G\u00fcrsoy aus dem Kader der Ersten Mannschaft wird mich ab sofort als spielender Co-Trainer unterst\u00fctzen. Mohamed Aalaoui ist zu Dersim R\u00fcsselsheim gewechselt. Verst\u00e4rken wird uns Ozan Nakipoglu, der vom SV BKC Bosnien-Herzegowina zu uns kommt. Dazu steigt der verletzungsbedingt l\u00e4nger ausgefallene Emre Olgun wieder ins Mannschaftstraining ein. Ihn sehe ich daher auch als Neuzugang, auch Ozan Keskin ist wieder einsatzbereit. Au\u00dferdem kommt Torwart Domenik Gerigk von Tura Niederh\u00f6chstadt zu uns.&#8220;<\/p>\n<figure id=\"attachment_15982\" aria-describedby=\"caption-attachment-15982\" style=\"width: 300px\" class=\"wp-caption alignnone\"><img loading=\"lazy\" decoding=\"async\" class=\"wp-image-15982\" src=\"http:\/\/insideamateurfussball-ffm.de\/wp-content\/uploads\/2024\/01\/tur-traine-somun-1-300x203.jpg\" alt=\"\" width=\"300\" height=\"203\" srcset=\"https:\/\/insideamateurfussball-ffm.de\/wp-content\/uploads\/2024\/01\/tur-traine-somun-1-300x203.jpg 300w, https:\/\/insideamateurfussball-ffm.de\/wp-content\/uploads\/2024\/01\/tur-traine-somun-1-768x520.jpg 768w, https:\/\/insideamateurfussball-ffm.de\/wp-content\/uploads\/2024\/01\/tur-traine-somun-1.jpg 1022w\" sizes=\"auto, (max-width: 300px) 100vw, 300px\" \/><figcaption id=\"caption-attachment-15982\" class=\"wp-caption-text\">Seit einem Jahr &#8222;hockt&#8220; Trainer Mehmet Tunay Somun bei T\u00fcrkg\u00fcc\u00fc an der Au\u00dfenlinie. Foto: Archiv: Mithat G\u00fcrser.<\/figcaption><\/figure>\n<h4>Welche Testspiele wurden vereinbart?<\/h4>\n<p>26. Januar bei SVG Steinheim (19 Uhr)<\/p>\n<p>28. Januar bei SV BKC Bosnien\/Herzegowina (14 Uhr)<\/p>\n<p>4. Februar beim FSV Friedrichsdorf II (15 Uhr)<\/p>\n<p>8. Februar beim FV Stierstadt (20 Uhr)<\/p>\n<p>11. Februar beim 1. FC Sulzbach (15 Uhr)<\/p>\n","protected":false},"excerpt":{"rendered":"<p>Der n\u00e4chste Verein in unserer Serie ist der Kreisoberligist TSKV T\u00fcrkg\u00fcc\u00fc, der sich auf Rang drei stehend noch gute Aufstiegschancen ausrechnet. Zumal man noch eine Partie mehr auszutragen hat als die Konkurrenz. Unsere Fragen hat Trainer Mehmet Tunay Somun beantwortet. Wie f\u00e4llt die Bewertung des ersten Saisonabschnittes aus? (Platz 3, 43 Punkte). Somun: &#8222;Wir sind [&hellip;]<\/p>\n","protected":false},"author":1,"featured_media":15981,"comment_status":"open","ping_status":"open","sticky":true,"template":"","format":"standard","meta":{"footnotes":""},"categories":[2],"tags":[],"class_list":["post-15980","post","type-post","status-publish","format-standard","has-post-thumbnail","hentry","category-kreisoberliga-frankfurt"],"_links":{"self":[{"href":"https:\/\/insideamateurfussball-ffm.de\/index.php?rest_route=\/wp\/v2\/posts\/15980","targetHints":{"allow":["GET"]}}],"collection":[{"href":"https:\/\/insideamateurfussball-ffm.de\/index.php?rest_route=\/wp\/v2\/posts"}],"about":[{"href":"https:\/\/insideamateurfussball-ffm.de\/index.php?rest_route=\/wp\/v2\/types\/post"}],"author":[{"embeddable":true,"href":"https:\/\/insideamateurfussball-ffm.de\/index.php?rest_route=\/wp\/v2\/users\/1"}],"replies":[{"embeddable":true,"href":"https:\/\/insideamateurfussball-ffm.de\/index.php?rest_route=%2Fwp%2Fv2%2Fcomments&post=15980"}],"version-history":[{"count":5,"href":"https:\/\/insideamateurfussball-ffm.de\/index.php?rest_route=\/wp\/v2\/posts\/15980\/revisions"}],"predecessor-version":[{"id":16425,"href":"https:\/\/insideamateurfussball-ffm.de\/index.php?rest_route=\/wp\/v2\/posts\/15980\/revisions\/16425"}],"wp:featuredmedia":[{"embeddable":true,"href":"https:\/\/insideamateurfussball-ffm.de\/index.php?rest_route=\/wp\/v2\/media\/15981"}],"wp:attachment":[{"href":"https:\/\/insideamateurfussball-ffm.de\/index.php?rest_route=%2Fwp%2Fv2%2Fmedia&parent=15980"}],"wp:term":[{"taxonomy":"category","embeddable":true,"href":"https:\/\/insideamateurfussball-ffm.de\/index.php?rest_route=%2Fwp%2Fv2%2Fcategories&post=15980"},{"taxonomy":"post_tag","embeddable":true,"href":"https:\/\/insideamateurfussball-ffm.de\/index.php?rest_route=%2Fwp%2Fv2%2Ftags&post=15980"}],"curies":[{"name":"wp","href":"https:\/\/api.w.org\/{rel}","templated":true}]}}