{"id":15967,"date":"2024-01-23T19:58:14","date_gmt":"2024-01-23T17:58:14","guid":{"rendered":"http:\/\/insideamateurfussball-ffm.de\/?p=15967"},"modified":"2024-01-24T09:54:57","modified_gmt":"2024-01-24T07:54:57","slug":"sg-bornheim-moechte-den-klassenerhalt-sichern","status":"publish","type":"post","link":"https:\/\/insideamateurfussball-ffm.de\/?p=15967","title":{"rendered":"SG Bornheim m\u00f6chte den Klassenerhalt sichern"},"content":{"rendered":"<h4>Der n\u00e4chste Verein in unserer Winterserie ist der Verbandsligist SG Bornheim, die nach dem knapp verpassten Hessenliga-Aufstieg in der letzten Saison diesmal nach einem guten Beginn in der Tabelle immer weiter abrutschte. Die Fragen beantwortete uns Trainer Sascha Volk.<\/h4>\n<h4><\/h4>\n<figure id=\"attachment_11776\" aria-describedby=\"caption-attachment-11776\" style=\"width: 300px\" class=\"wp-caption alignnone\"><img loading=\"lazy\" decoding=\"async\" class=\"wp-image-11776 size-medium\" src=\"http:\/\/insideamateurfussball-ffm.de\/wp-content\/uploads\/2023\/08\/SGB-RWDA_230827-1400-300x200.jpg\" alt=\"\" width=\"300\" height=\"200\" srcset=\"https:\/\/insideamateurfussball-ffm.de\/wp-content\/uploads\/2023\/08\/SGB-RWDA_230827-1400-300x200.jpg 300w, https:\/\/insideamateurfussball-ffm.de\/wp-content\/uploads\/2023\/08\/SGB-RWDA_230827-1400-1024x683.jpg 1024w, https:\/\/insideamateurfussball-ffm.de\/wp-content\/uploads\/2023\/08\/SGB-RWDA_230827-1400-768x512.jpg 768w, https:\/\/insideamateurfussball-ffm.de\/wp-content\/uploads\/2023\/08\/SGB-RWDA_230827-1400-1536x1024.jpg 1536w, https:\/\/insideamateurfussball-ffm.de\/wp-content\/uploads\/2023\/08\/SGB-RWDA_230827-1400-2048x1365.jpg 2048w\" sizes=\"auto, (max-width: 300px) 100vw, 300px\" \/><figcaption id=\"caption-attachment-11776\" class=\"wp-caption-text\">Solche Jubelszenen erhoffen sich die Bornheimer auch wieder in der zweiten Saisonh\u00e4lfte. Foto: Archiv Andre Sturmeit<\/figcaption><\/figure>\n<h4><img loading=\"lazy\" decoding=\"async\" class=\"alignnone size-full wp-image-119\" src=\"http:\/\/insideamateurfussball-ffm.de\/wp-content\/uploads\/2022\/05\/Bornheim.jpg\" alt=\"\" width=\"80\" height=\"80\" \/><\/h4>\n<h4>Wie f\u00e4llt die Bewertung des ersten Saisonabschnittes aus (Platz 10, 24 Punkte)?<\/h4>\n<p>Sascha Volk: &#8222;Da muss man klar sagen, dass wir als Mannschaft und als Verein nicht zufrieden gewesen sind mit der Hinrunde, die wir gespielt haben. Man muss das ganze Jahr aber auch im Kontext sehen, wir haben eine herausragende letzte Saison gespielt mit Mega-Highlights in der Aufstiegs-Relegation, aber auch mit einem harten Ausgang zum Schluss, den wir verkraften mussten. Wir hatten nur eine kurze Pause und haben viele Verletzte aus der letzten Runde mit in die neue Saison genommen, sodass wir eine unrunde und auch nur kurze Vorbereitung hatten. Wir haben zu Beginn der Hinrunde noch gute Ergebnisse erzielt, aber was das Fu\u00dfballerische und das Defensivverhalten angeht haben wir einiges vermissen lassen, und hintenraus haben wir auch wirklich schlechte Ergebnisse produziert, weshalb wir jetzt in einer Situation sind, wo wir punktetechnisch auf keinen Fall zufrieden sind.&#8220;<\/p>\n<h4>Was soll sich in der restlichen R\u00fcckrunde verbessern?<\/h4>\n<p>Volk: &#8222;Wir haben die Pause genutzt, um zu analysieren, an welchen Stellschrauben wir in der Winterpause bzw. Vorbereitung arbeiten m\u00fcssen, damit wir eine bessere R\u00fcckrunde spielen, und davon bin ich auch fest \u00fcberzeugt. Wir haben das ganz gut herausgearbeitet, haben auch aufgrund der Erfahrungen aus der Hinrunde ein bisschen was am Kader ver\u00e4ndert.&#8220;<\/p>\n<h4>Wie lautet das neue Saisonziel?<\/h4>\n<p>Volk: &#8222;Es muss jetzt nach den letzten Spielen vor der Winterpause und der aktuellen Tabellensituation ganz klar hei\u00dfen, dass wir so schnell wie m\u00f6glich den Klassenerhalt sichern wollen und einfach in der Liga bleiben. Das muss jetzt das prim\u00e4re Ziel sein, auch wenn es nicht das ist, was wir uns zu Beginn der Saison vorgenommen haben. Das ist jetzt aber die Ausgangssituation, der wir uns stellen werden, und wir werden alles daf\u00fcr tun, dass die SG Bornheim auch n\u00e4chste Saison wieder in der Verbandsliga S\u00fcd spielen wird, wo wir uns dann andere Ziele setzen k\u00f6nnen.&#8220;<\/p>\n<h4>Gibt es Ver\u00e4nderungen im Kader? Welche Zug\u00e4nge und Ang\u00e4nge stehen schon fest?<\/h4>\n<p>Volk: &#8222;Wir haben zwei Abg\u00e4nge, der erste ist Pau Babot, der zum Hanauer SC 1960 in die Hessenliga geht, wir h\u00e4tten gerne mit ihm bis zum Saisonende weitergemacht, weil Pau auch ein sehr wichtiger Spieler in unserem Spiel war, aber er hat sich entschieden, jetzt diesen Weg zu gehen. Zweiter Abgang ist Mahmut Afsar, der im Sommer von der U19 der Eintracht gekommen ist, wo das Ziel aber noch unbekannt ist, es aber in h\u00f6here Ligen gehen soll. Dar\u00fcber hinaus haben wir mit Florian Sch\u00e4fer und Mahir Can Karasu zwei Spieler in die 1B gegeben, die beide h\u00e4ufig mit Verletzungen zu k\u00e4mpfen hatten in den letzten Jahren. Dann haben wir mit Timon Rosenk\u00f6tter einen Spieler, der zun\u00e4chst eine Pause einlegt, da er vom Studium her jetzt mehr gefordert ist und der zuletzt auch nicht so zum Zug kam. Dasselbe ist bei Nick Wehrheim der Fall, der auch erst mal aufh\u00f6rt bzw. pausiert, das sind die Abg\u00e4nge.<\/p>\n<p>Wir haben einen externen Neuzugang mit Mirko Becker, der aus der Oberliga Niedersachsen vom 1.FC Germania Egestorf\/Langreder kommt und ein noch ganz junger Spieler ist. Dazu haben wir aktuell noch 2\/3 Probespieler, sodass sich da sicherlich noch was tun wird in der Winterpause. Das ist jetzt kein Muss, da wir auf allen Positionen doppelt besetzt sind, aber ggf. werden wir noch einen oder zwei Spieler dazunehmen.&#8220;<\/p>\n<figure id=\"attachment_14771\" aria-describedby=\"caption-attachment-14771\" style=\"width: 300px\" class=\"wp-caption alignnone\"><img loading=\"lazy\" decoding=\"async\" class=\"wp-image-14771 size-medium\" src=\"http:\/\/insideamateurfussball-ffm.de\/wp-content\/uploads\/2023\/11\/SpfrSeligenst.-SGB_231111-5-300x200.jpg\" alt=\"\" width=\"300\" height=\"200\" srcset=\"https:\/\/insideamateurfussball-ffm.de\/wp-content\/uploads\/2023\/11\/SpfrSeligenst.-SGB_231111-5-300x200.jpg 300w, https:\/\/insideamateurfussball-ffm.de\/wp-content\/uploads\/2023\/11\/SpfrSeligenst.-SGB_231111-5-1024x683.jpg 1024w, https:\/\/insideamateurfussball-ffm.de\/wp-content\/uploads\/2023\/11\/SpfrSeligenst.-SGB_231111-5-768x512.jpg 768w, https:\/\/insideamateurfussball-ffm.de\/wp-content\/uploads\/2023\/11\/SpfrSeligenst.-SGB_231111-5-1536x1024.jpg 1536w, https:\/\/insideamateurfussball-ffm.de\/wp-content\/uploads\/2023\/11\/SpfrSeligenst.-SGB_231111-5-2048x1365.jpg 2048w\" sizes=\"auto, (max-width: 300px) 100vw, 300px\" \/><figcaption id=\"caption-attachment-14771\" class=\"wp-caption-text\">Trainer Sascha Volk erhofft sich eine deutlich bessere R\u00fcckrunde. Foto: Archiv Andre Sturmeit<\/figcaption><\/figure>\n<h4>Welche Testspiele wurden vereinbart?<\/h4>\n<p>28.01. 15;30 Uhr gegen FC Neu-Anspach<\/p>\n<p>04.02. 15 Uhr bei der SG 01 H\u00f6chst<\/p>\n<p>11.02. 15:30 Uhr gegen FC Basara Mainz<\/p>\n<p>18.02. 15:30 Uhr gegen Tus Hornau<\/p>\n<p>20.02. 20 Uhr beim FSV 1910 Bergen (Kreispokal)<\/p>\n","protected":false},"excerpt":{"rendered":"<p>Der n\u00e4chste Verein in unserer Winterserie ist der Verbandsligist SG Bornheim, die nach dem knapp verpassten Hessenliga-Aufstieg in der letzten Saison diesmal nach einem guten Beginn in der Tabelle immer weiter abrutschte. Die Fragen beantwortete uns Trainer Sascha Volk. Wie f\u00e4llt die Bewertung des ersten Saisonabschnittes aus (Platz 10, 24 Punkte)? Sascha Volk: &#8222;Da muss [&hellip;]<\/p>\n","protected":false},"author":3,"featured_media":11776,"comment_status":"open","ping_status":"open","sticky":true,"template":"","format":"standard","meta":{"footnotes":""},"categories":[10],"tags":[],"class_list":["post-15967","post","type-post","status-publish","format-standard","has-post-thumbnail","hentry","category-verbandsliga-sued"],"_links":{"self":[{"href":"https:\/\/insideamateurfussball-ffm.de\/index.php?rest_route=\/wp\/v2\/posts\/15967","targetHints":{"allow":["GET"]}}],"collection":[{"href":"https:\/\/insideamateurfussball-ffm.de\/index.php?rest_route=\/wp\/v2\/posts"}],"about":[{"href":"https:\/\/insideamateurfussball-ffm.de\/index.php?rest_route=\/wp\/v2\/types\/post"}],"author":[{"embeddable":true,"href":"https:\/\/insideamateurfussball-ffm.de\/index.php?rest_route=\/wp\/v2\/users\/3"}],"replies":[{"embeddable":true,"href":"https:\/\/insideamateurfussball-ffm.de\/index.php?rest_route=%2Fwp%2Fv2%2Fcomments&post=15967"}],"version-history":[{"count":7,"href":"https:\/\/insideamateurfussball-ffm.de\/index.php?rest_route=\/wp\/v2\/posts\/15967\/revisions"}],"predecessor-version":[{"id":15976,"href":"https:\/\/insideamateurfussball-ffm.de\/index.php?rest_route=\/wp\/v2\/posts\/15967\/revisions\/15976"}],"wp:featuredmedia":[{"embeddable":true,"href":"https:\/\/insideamateurfussball-ffm.de\/index.php?rest_route=\/wp\/v2\/media\/11776"}],"wp:attachment":[{"href":"https:\/\/insideamateurfussball-ffm.de\/index.php?rest_route=%2Fwp%2Fv2%2Fmedia&parent=15967"}],"wp:term":[{"taxonomy":"category","embeddable":true,"href":"https:\/\/insideamateurfussball-ffm.de\/index.php?rest_route=%2Fwp%2Fv2%2Fcategories&post=15967"},{"taxonomy":"post_tag","embeddable":true,"href":"https:\/\/insideamateurfussball-ffm.de\/index.php?rest_route=%2Fwp%2Fv2%2Ftags&post=15967"}],"curies":[{"name":"wp","href":"https:\/\/api.w.org\/{rel}","templated":true}]}}