{"id":15942,"date":"2024-01-23T15:57:41","date_gmt":"2024-01-23T13:57:41","guid":{"rendered":"http:\/\/insideamateurfussball-ffm.de\/?p=15942"},"modified":"2024-02-14T20:21:57","modified_gmt":"2024-02-14T18:21:57","slug":"achtelfinale-um-eine-woche-verschoben","status":"publish","type":"post","link":"https:\/\/insideamateurfussball-ffm.de\/?p=15942","title":{"rendered":"Achtelfinale um eine Woche verschoben"},"content":{"rendered":"<h3>Wie Kreisfu\u00dfballwart Rainer Nagel mitteilt, wird das f\u00fcr den 13. Februar geplante Achtelfinale im Kreispokal um eine Woche auf den 20. Februar verschoben. Nur die Begegnung zwischen der SG Harheim und dem FC Tempo steigt schon am 15. Februar um 20 Uhr.<\/h3>\n<figure id=\"attachment_812\" aria-describedby=\"caption-attachment-812\" style=\"width: 309px\" class=\"wp-caption alignnone\"><img loading=\"lazy\" decoding=\"async\" class=\"wp-image-812\" src=\"http:\/\/insideamateurfussball-ffm.de\/wp-content\/uploads\/2022\/06\/pok1-300x225.jpg\" alt=\"\" width=\"309\" height=\"232\" srcset=\"https:\/\/insideamateurfussball-ffm.de\/wp-content\/uploads\/2022\/06\/pok1-300x225.jpg 300w, https:\/\/insideamateurfussball-ffm.de\/wp-content\/uploads\/2022\/06\/pok1-768x577.jpg 768w, https:\/\/insideamateurfussball-ffm.de\/wp-content\/uploads\/2022\/06\/pok1.jpg 865w\" sizes=\"auto, (max-width: 309px) 100vw, 309px\" \/><figcaption id=\"caption-attachment-812\" class=\"wp-caption-text\">Der Kreispokal. Foto: Archiv Mithat G\u00fcrser.<\/figcaption><\/figure>\n<p>Grund daf\u00fcr ist, dass der 13. Februar der Faschingsdienstag ist und an diesem Termin viele Fu\u00dfballer am traditionellen Umzug in Klaa Paris (Heddernheim) teilnehmen. Bisher war das offenbar niemandem so richtig aufgefallen. Somit finden am 20. Februar um 20 Uhr sieben Partien zur gleichen Zeit statt. Sonst waren die Pokalspiele \u00fcber die Woche verteilt worden.<\/p>\n<p>Argumentiert wird, dass alle sieben Gastgeber ihren ersten Trainingstag am Dienstag absolvieren und au\u00dfer der SG Harheim kein Verein einen Verlegungswunsch vorbrachte. Schlecht f\u00fcr Berichterstatter wie uns, Hopper oder sonstige neutrale Anh\u00e4nger, die sich sicher gerne mehrere Spiele angeschaut h\u00e4tten und sich nun am 20. Februar f\u00fcr eine Partie entscheiden m\u00fcssen.<\/p>\n<h3><span style=\"text-decoration: underline;\">Die neuen Termine:<\/span><\/h3>\n<p>SG Harheim &#8211; FC Tempo Donnerstag, 15. Februar (20 Uhr)<\/p>\n<p>FC Fortuna &#8211; FC Kalbach<\/p>\n<p>Spvgg. 05 Oberrad &#8211; SG Rot-Weiss Frankfurt<\/p>\n<p>R\u00f6delheimer FC 02 &#8211; FFV Sportfreunde 04<\/p>\n<p>DJK Schwarz-Wei\u00df Griesheim &#8211; TuS Makkabi<\/p>\n<p>FSV Bergen &#8211; SG Bornheim\/Gr\u00fcn-Wei\u00df<\/p>\n<p>SV Blau-Gelb &#8211; FC Kosova<\/p>\n<p>SC Riedberg &#8211; MKSV Makedonija (alle Dienstag, 20. Februar 20 Uhr)<\/p>\n","protected":false},"excerpt":{"rendered":"<p>Wie Kreisfu\u00dfballwart Rainer Nagel mitteilt, wird das f\u00fcr den 13. Februar geplante Achtelfinale im Kreispokal um eine Woche auf den 20. Februar verschoben. Nur die Begegnung zwischen der SG Harheim und dem FC Tempo steigt schon am 15. Februar um 20 Uhr. Grund daf\u00fcr ist, dass der 13. Februar der Faschingsdienstag ist und an diesem [&hellip;]<\/p>\n","protected":false},"author":1,"featured_media":0,"comment_status":"open","ping_status":"open","sticky":true,"template":"","format":"standard","meta":{"footnotes":""},"categories":[9],"tags":[],"class_list":["post-15942","post","type-post","status-publish","format-standard","hentry","category-kreispokal"],"_links":{"self":[{"href":"https:\/\/insideamateurfussball-ffm.de\/index.php?rest_route=\/wp\/v2\/posts\/15942","targetHints":{"allow":["GET"]}}],"collection":[{"href":"https:\/\/insideamateurfussball-ffm.de\/index.php?rest_route=\/wp\/v2\/posts"}],"about":[{"href":"https:\/\/insideamateurfussball-ffm.de\/index.php?rest_route=\/wp\/v2\/types\/post"}],"author":[{"embeddable":true,"href":"https:\/\/insideamateurfussball-ffm.de\/index.php?rest_route=\/wp\/v2\/users\/1"}],"replies":[{"embeddable":true,"href":"https:\/\/insideamateurfussball-ffm.de\/index.php?rest_route=%2Fwp%2Fv2%2Fcomments&post=15942"}],"version-history":[{"count":3,"href":"https:\/\/insideamateurfussball-ffm.de\/index.php?rest_route=\/wp\/v2\/posts\/15942\/revisions"}],"predecessor-version":[{"id":16424,"href":"https:\/\/insideamateurfussball-ffm.de\/index.php?rest_route=\/wp\/v2\/posts\/15942\/revisions\/16424"}],"wp:attachment":[{"href":"https:\/\/insideamateurfussball-ffm.de\/index.php?rest_route=%2Fwp%2Fv2%2Fmedia&parent=15942"}],"wp:term":[{"taxonomy":"category","embeddable":true,"href":"https:\/\/insideamateurfussball-ffm.de\/index.php?rest_route=%2Fwp%2Fv2%2Fcategories&post=15942"},{"taxonomy":"post_tag","embeddable":true,"href":"https:\/\/insideamateurfussball-ffm.de\/index.php?rest_route=%2Fwp%2Fv2%2Ftags&post=15942"}],"curies":[{"name":"wp","href":"https:\/\/api.w.org\/{rel}","templated":true}]}}