{"id":15937,"date":"2024-01-21T17:01:18","date_gmt":"2024-01-21T15:01:18","guid":{"rendered":"http:\/\/insideamateurfussball-ffm.de\/?p=15937"},"modified":"2024-01-21T17:03:01","modified_gmt":"2024-01-21T15:03:01","slug":"heddernheim-besser-abgeschnitten-als-erwartet","status":"publish","type":"post","link":"https:\/\/insideamateurfussball-ffm.de\/?p=15937","title":{"rendered":"Heddernheim: Besser abgeschnitten als erwartet"},"content":{"rendered":"<h3>Der SV 07 Heddernheim konnte trotz zahlreicher Abg\u00e4nge von Stammspielern mit dem Zugang von talentierten Neuzug\u00e4ngen einen besseren ersten Saisonabschnitt als erwartet gestalten. Der solide achte Tabellenplatz spricht f\u00fcr die organisierte Trainingsarbeit an der Br\u00fchlwiese. Unsere Fragen hat Trainer Andreas Berggold beantwortet.<\/h3>\n<figure id=\"attachment_15938\" aria-describedby=\"caption-attachment-15938\" style=\"width: 999px\" class=\"wp-caption alignnone\"><img loading=\"lazy\" decoding=\"async\" class=\"wp-image-15938 size-full\" src=\"http:\/\/insideamateurfussball-ffm.de\/wp-content\/uploads\/2024\/01\/DSC_1216-1.jpg\" alt=\"\" width=\"999\" height=\"749\" srcset=\"https:\/\/insideamateurfussball-ffm.de\/wp-content\/uploads\/2024\/01\/DSC_1216-1.jpg 999w, https:\/\/insideamateurfussball-ffm.de\/wp-content\/uploads\/2024\/01\/DSC_1216-1-300x225.jpg 300w, https:\/\/insideamateurfussball-ffm.de\/wp-content\/uploads\/2024\/01\/DSC_1216-1-768x576.jpg 768w\" sizes=\"auto, (max-width: 999px) 100vw, 999px\" \/><figcaption id=\"caption-attachment-15938\" class=\"wp-caption-text\">Grund zum Jubeln gab es f\u00fcr die Gr\u00fcn-Wei\u00dfen recht oft. Foto: J\u00f6rg Schulz.<\/figcaption><\/figure>\n<p><img loading=\"lazy\" decoding=\"async\" class=\"alignnone size-full wp-image-302\" src=\"http:\/\/insideamateurfussball-ffm.de\/wp-content\/uploads\/2022\/05\/1sv07_news2_4511-1.jpg\" alt=\"\" width=\"80\" height=\"80\" \/><\/p>\n<h3>Wie f\u00e4llt die Bewertung des ersten Saisonabschnittes aus? (Platz 8, 26 Punkte).<\/h3>\n<p>Berggold: &#8222;Wir sind mit dem bisherigen Verlauf sehr zufrieden. Keiner hatte uns das vor der Runde zugetraut. Die meisten haben uns doch als Absteiger Nr. 1 gesehen. Jetzt stehen wir auf Platz 8.&#8220;<\/p>\n<h3>Was soll sich in der restlichen R\u00fcckrunde verbessern?<\/h3>\n<p>Berggold: &#8222;Ich denke dass wir im Abschluss effizienter werden m\u00fcssen und auch k\u00f6nnen. Das Potenzial haben wir alle mal. Aber auch im Defensivverhalten m\u00fcssen wir als Mannschaft besser zusammen verteidigen.&#8220;<\/p>\n<h3>Wie lautet das neue Saisonziel?<\/h3>\n<p>Berggold: &#8222;Unser Ziel lautet immer noch Klassenerhalt. Was auch sonst. Es liegt noch viel Arbeit vor uns. Wichtig wird sein stabil in die ersten Spiele zu starten um hintenraus nicht zu viel Druck zu bekommen.&#8220;<\/p>\n<h3>Gibt es Ver\u00e4nderungen im Kader?<\/h3>\n<p>Berggold: &#8222;Ozan Bagdu hat uns verlassen. Es hat nicht so ganz gepasst. Daf\u00fcr haben wir ein altes bekanntes Gesicht mit Niels Gerbig wieder in Heddernheim (War im Sommer aufgrund eines Umzuges zum TSV L\u00e4mmerspiel gewechselt, Anmerkung der Redaktion). Er wird uns schnell weiterhelfen, da er Mannschaft und Trainer bestens kennt.&#8220;<\/p>\n<figure id=\"attachment_15939\" aria-describedby=\"caption-attachment-15939\" style=\"width: 923px\" class=\"wp-caption alignnone\"><img loading=\"lazy\" decoding=\"async\" class=\"wp-image-15939 size-full\" src=\"http:\/\/insideamateurfussball-ffm.de\/wp-content\/uploads\/2024\/01\/DSC_1257-1.jpg\" alt=\"\" width=\"923\" height=\"692\" srcset=\"https:\/\/insideamateurfussball-ffm.de\/wp-content\/uploads\/2024\/01\/DSC_1257-1.jpg 923w, https:\/\/insideamateurfussball-ffm.de\/wp-content\/uploads\/2024\/01\/DSC_1257-1-300x225.jpg 300w, https:\/\/insideamateurfussball-ffm.de\/wp-content\/uploads\/2024\/01\/DSC_1257-1-768x576.jpg 768w\" sizes=\"auto, (max-width: 923px) 100vw, 923px\" \/><figcaption id=\"caption-attachment-15939\" class=\"wp-caption-text\">Seit exakt sieben Jahren die Konstante an der Seitenlinie in Heddernheim: Trainer Andreas Berggold. Foto: J\u00f6rg Schulz.<\/figcaption><\/figure>\n<h3>Welche Testspiele wurden vereinbart?<\/h3>\n<p>Das am 21. Januar bei Germania Enkheim ausgefallene Spiel k\u00f6nnte noch unter der Woche nachgeholt werden. Ansonsten bleiben bis zum Punktspielstart am 10. Februar gegen die SG Harheim nur noch zwei Freundschaftsspiele gegen den TSV Dorn-Assenheim (28. Januar, 14.30 Uhr) und den VfR Bockenheim (4. Februar, 15 Uhr).<\/p>\n","protected":false},"excerpt":{"rendered":"<p>Der SV 07 Heddernheim konnte trotz zahlreicher Abg\u00e4nge von Stammspielern mit dem Zugang von talentierten Neuzug\u00e4ngen einen besseren ersten Saisonabschnitt als erwartet gestalten. Der solide achte Tabellenplatz spricht f\u00fcr die organisierte Trainingsarbeit an der Br\u00fchlwiese. Unsere Fragen hat Trainer Andreas Berggold beantwortet. Wie f\u00e4llt die Bewertung des ersten Saisonabschnittes aus? (Platz 8, 26 Punkte). Berggold: [&hellip;]<\/p>\n","protected":false},"author":1,"featured_media":15938,"comment_status":"open","ping_status":"open","sticky":true,"template":"","format":"standard","meta":{"footnotes":""},"categories":[2],"tags":[],"class_list":["post-15937","post","type-post","status-publish","format-standard","has-post-thumbnail","hentry","category-kreisoberliga-frankfurt"],"_links":{"self":[{"href":"https:\/\/insideamateurfussball-ffm.de\/index.php?rest_route=\/wp\/v2\/posts\/15937","targetHints":{"allow":["GET"]}}],"collection":[{"href":"https:\/\/insideamateurfussball-ffm.de\/index.php?rest_route=\/wp\/v2\/posts"}],"about":[{"href":"https:\/\/insideamateurfussball-ffm.de\/index.php?rest_route=\/wp\/v2\/types\/post"}],"author":[{"embeddable":true,"href":"https:\/\/insideamateurfussball-ffm.de\/index.php?rest_route=\/wp\/v2\/users\/1"}],"replies":[{"embeddable":true,"href":"https:\/\/insideamateurfussball-ffm.de\/index.php?rest_route=%2Fwp%2Fv2%2Fcomments&post=15937"}],"version-history":[{"count":2,"href":"https:\/\/insideamateurfussball-ffm.de\/index.php?rest_route=\/wp\/v2\/posts\/15937\/revisions"}],"predecessor-version":[{"id":15941,"href":"https:\/\/insideamateurfussball-ffm.de\/index.php?rest_route=\/wp\/v2\/posts\/15937\/revisions\/15941"}],"wp:featuredmedia":[{"embeddable":true,"href":"https:\/\/insideamateurfussball-ffm.de\/index.php?rest_route=\/wp\/v2\/media\/15938"}],"wp:attachment":[{"href":"https:\/\/insideamateurfussball-ffm.de\/index.php?rest_route=%2Fwp%2Fv2%2Fmedia&parent=15937"}],"wp:term":[{"taxonomy":"category","embeddable":true,"href":"https:\/\/insideamateurfussball-ffm.de\/index.php?rest_route=%2Fwp%2Fv2%2Fcategories&post=15937"},{"taxonomy":"post_tag","embeddable":true,"href":"https:\/\/insideamateurfussball-ffm.de\/index.php?rest_route=%2Fwp%2Fv2%2Ftags&post=15937"}],"curies":[{"name":"wp","href":"https:\/\/api.w.org\/{rel}","templated":true}]}}