{"id":15933,"date":"2024-01-21T16:37:29","date_gmt":"2024-01-21T14:37:29","guid":{"rendered":"http:\/\/insideamateurfussball-ffm.de\/?p=15933"},"modified":"2024-01-21T16:37:29","modified_gmt":"2024-01-21T14:37:29","slug":"roedelheim-altes-und-neues-ziel-klassenerhalt","status":"publish","type":"post","link":"https:\/\/insideamateurfussball-ffm.de\/?p=15933","title":{"rendered":"R\u00f6delheim: Altes und neues Ziel Klassenerhalt"},"content":{"rendered":"<h3>N\u00e4chster Verein in unserer Serie ist der Aufsteiger R\u00f6delheimer FC, der sich erst an das h\u00f6here Niveau der Kreisoberliga gew\u00f6hnen musste, sich aber im Herbst nach zwei internen Wechseln auf der Trainerposition doch noch eine gute Ausgangsposition in Sachen Klassenerhalt verschaffte. Unsere Fragen hat Pressesprecher Volker Flauaus sehr ausf\u00fchrlich beantwortet.<\/h3>\n<figure id=\"attachment_15934\" aria-describedby=\"caption-attachment-15934\" style=\"width: 999px\" class=\"wp-caption alignnone\"><img loading=\"lazy\" decoding=\"async\" class=\"wp-image-15934 size-full\" src=\"http:\/\/insideamateurfussball-ffm.de\/wp-content\/uploads\/2024\/01\/DSC_6512-1.jpg\" alt=\"\" width=\"999\" height=\"749\" srcset=\"https:\/\/insideamateurfussball-ffm.de\/wp-content\/uploads\/2024\/01\/DSC_6512-1.jpg 999w, https:\/\/insideamateurfussball-ffm.de\/wp-content\/uploads\/2024\/01\/DSC_6512-1-300x225.jpg 300w, https:\/\/insideamateurfussball-ffm.de\/wp-content\/uploads\/2024\/01\/DSC_6512-1-768x576.jpg 768w\" sizes=\"auto, (max-width: 999px) 100vw, 999px\" \/><figcaption id=\"caption-attachment-15934\" class=\"wp-caption-text\">Die R\u00f6delheimer Mannschaft vor dem Ausw\u00e4rtsspiel in Heddernheim. Foto: Archiv J\u00f6rg Schulz.\u00a0\u00a0<\/figcaption><\/figure>\n<p><img loading=\"lazy\" decoding=\"async\" class=\"alignnone size-full wp-image-932\" src=\"http:\/\/insideamateurfussball-ffm.de\/wp-content\/uploads\/2022\/06\/Roedelheim.jpg\" alt=\"\" width=\"80\" height=\"73\" \/><\/p>\n<h3>Wie f\u00e4llt die Bewertung des ersten Saisonabschnittes aus? (Platz 15, 17 Punkte).<\/h3>\n<p>Flauaus: &#8222;F\u00fcr uns als Aufsteiger, der \u00fcber eine ganz starke R\u00fcckrunde und eine \u00fcberragende Relegation den Aufstieg schaffte , war es eine ereignisreiche erste Saisonh\u00e4lfte in der KOL. Wir hatten nach Ende der Relegation bis zum Beginn der neuen Saison wenig Zeit zur Regeneration und machten vielleicht auch den Fehler, zu fr\u00fch wieder mit dem Vorbereitungsprogramm anzufangen. Zu Beginn der Saison merkte man deutlich die fehlende Frische, zus\u00e4tzlich kamen Verletzungssorgen und Urlaubsabwesenheiten hinzu, sodass man \u00f6fters nur mit einem oder maximal zwei Auswechselspieler antrat und so keine Chance gegen Gegner hatte, die ein anderes Kaliber als die Vereine in der A-Klasse aufweisen. Deutliche, hohe Niederlagen gegen Griesheim, Westend, Concordia Eschersheim, Viktoria Preu\u00dfen und Hausen waren die Folge und wir befanden uns in der Tabelle dort wo wir eigentlich nicht hinwollten, n\u00e4mlich am Ende. Ein Sieg gegen Makkabi und ein Unentschieden gegen Harheim waren zu wenig. Trotzdem war auch in dieser Phase nicht alles schlecht, die Mannschaft gab in jedem Spiel alles und die Offensive funktionierte weiterhin gut. Wir schossen in allen Spielen unsere Tore, kassierten leider aber immer wieder durch einfache Fehler zu viele Gegentreffer. Nach dem ern\u00fcchternden 5:8 zu Hause gegen Hausen, bei dem wir immer wieder &#8222;ins offene Messer&#8220; gerannt sind und bei f\u00fcnf geschossenen Toren eigentlich gewinnen sollten, trat unser Trainer Dominik Reinhardt aus eigenem Entschluss zur\u00fcck. Interimsm\u00e4\u00dfig \u00fcbernahmSportdirektor Angel Loureiro Mato, st\u00e4rkte die Defensive, vermied das risikoreiche Klein-Klein von hinten raus und f\u00fchrte den Club unter seiner Regie in sieben Spielen zu drei Siegen (Gudesding, Union Niederrad, Croatia), zwei Unentschieden (Bornheim GW II, Heddernheim) bei nur zwei Niederlagen (Kosova, Germania 94). Extrem wichtig war auch die R\u00fcckholung vom letztj\u00e4hrigen Abwehrchef Mathias Przerwok und Allrounder Arazm Saghafi sowie die R\u00fcckkehr von Joel Mesghina vom Auslandsaufenthalt, die alle die Qualit\u00e4t der Mannschaft stark verbesserten. Ab Mitte November 2023 \u00fcbernahmen dann Mathias Przerwok und Arazm Saghafi als Spielertrainer die Verantwortung beim Club und holten aus den bisherigen drei Spielen mit den beiden Unentschieden gegen Griesheim Tarik und Bornheim\/GW II wichtige Punkte. Nur Germania 94 war bei der 0:2 Niederlage zu Hause eindeutig zu stark. Auch bei diesen Spielen war die eindeutige Verbesserung in der Defensive ersichtlich, nur so kann auch der Klassenerhalt gelingen.&#8220;<\/p>\n<h3>Was soll sich in der restlichen R\u00fcckrunde verbessern?<\/h3>\n<p>Flauaus: &#8222;Wir sind auf einem guten Weg und wollen da weitermachen, wo wir im Dezember aufgeh\u00f6rt haben. Die Stabilit\u00e4t der Defensive ist weiterhin vorrangiges Ziel, aber wir wollen auch nicht unsere Kreativit\u00e4t und St\u00e4rke in der Offensive vernachl\u00e4ssigen und weiterhin mutig nach vorne spielen. Die Hoffnung ist da, dass wir nicht st\u00e4ndig zu viele Ausf\u00e4lle haben und die Langzeitverletzten nach der Winterpause zur\u00fcckkommen. Dann haben wir eine realistische Chance die Klasse zu halten.&#8220;<\/p>\n<h3>Wie lautet das neue Saisonziel?<\/h3>\n<p>Flauaus: &#8222;Das alte und neue Saisonziel heisst eindeutig Klassenerhalt.&#8220;<\/p>\n<h3>Gibt es Ver\u00e4nderungen im Kader?<\/h3>\n<p>Flauaus: &#8222;Keine Zug\u00e4nge, mit Jonas Friedrich, der berufsbedingt in den S\u00fcden Deutschlands umzieht, einen Abgang.&#8220;<\/p>\n<figure id=\"attachment_15935\" aria-describedby=\"caption-attachment-15935\" style=\"width: 999px\" class=\"wp-caption alignnone\"><img loading=\"lazy\" decoding=\"async\" class=\"wp-image-15935 size-full\" src=\"http:\/\/insideamateurfussball-ffm.de\/wp-content\/uploads\/2024\/01\/DSC_8038-1.jpg\" alt=\"\" width=\"999\" height=\"749\" srcset=\"https:\/\/insideamateurfussball-ffm.de\/wp-content\/uploads\/2024\/01\/DSC_8038-1.jpg 999w, https:\/\/insideamateurfussball-ffm.de\/wp-content\/uploads\/2024\/01\/DSC_8038-1-300x225.jpg 300w, https:\/\/insideamateurfussball-ffm.de\/wp-content\/uploads\/2024\/01\/DSC_8038-1-768x576.jpg 768w\" sizes=\"auto, (max-width: 999px) 100vw, 999px\" \/><figcaption id=\"caption-attachment-15935\" class=\"wp-caption-text\">Angel Loureiro Mato (links mit Fahne) und Arazm Saghafi konnten den RFC stabilisieren. Foto: Archiv J\u00f6rg Schulz.\u00a0\u00a0<\/figcaption><\/figure>\n<h3>Welche Testspiele konnten vereinbart werden?<\/h3>\n<p>28. Januar beim FC Schwalbach (15.30 Uhr)<\/p>\n<p>4. Februar gegen SV Niederursel (15 Uhr)<\/p>\n<p>Kreispokal-Achtelfinale am 13. Februar (20 Uhr) gegen FFV Sportfreunde 04<\/p>\n<h3><\/h3>\n","protected":false},"excerpt":{"rendered":"<p>N\u00e4chster Verein in unserer Serie ist der Aufsteiger R\u00f6delheimer FC, der sich erst an das h\u00f6here Niveau der Kreisoberliga gew\u00f6hnen musste, sich aber im Herbst nach zwei internen Wechseln auf der Trainerposition doch noch eine gute Ausgangsposition in Sachen Klassenerhalt verschaffte. Unsere Fragen hat Pressesprecher Volker Flauaus sehr ausf\u00fchrlich beantwortet. Wie f\u00e4llt die Bewertung des [&hellip;]<\/p>\n","protected":false},"author":1,"featured_media":15934,"comment_status":"open","ping_status":"open","sticky":true,"template":"","format":"standard","meta":{"footnotes":""},"categories":[2],"tags":[],"class_list":["post-15933","post","type-post","status-publish","format-standard","has-post-thumbnail","hentry","category-kreisoberliga-frankfurt"],"_links":{"self":[{"href":"https:\/\/insideamateurfussball-ffm.de\/index.php?rest_route=\/wp\/v2\/posts\/15933","targetHints":{"allow":["GET"]}}],"collection":[{"href":"https:\/\/insideamateurfussball-ffm.de\/index.php?rest_route=\/wp\/v2\/posts"}],"about":[{"href":"https:\/\/insideamateurfussball-ffm.de\/index.php?rest_route=\/wp\/v2\/types\/post"}],"author":[{"embeddable":true,"href":"https:\/\/insideamateurfussball-ffm.de\/index.php?rest_route=\/wp\/v2\/users\/1"}],"replies":[{"embeddable":true,"href":"https:\/\/insideamateurfussball-ffm.de\/index.php?rest_route=%2Fwp%2Fv2%2Fcomments&post=15933"}],"version-history":[{"count":1,"href":"https:\/\/insideamateurfussball-ffm.de\/index.php?rest_route=\/wp\/v2\/posts\/15933\/revisions"}],"predecessor-version":[{"id":15936,"href":"https:\/\/insideamateurfussball-ffm.de\/index.php?rest_route=\/wp\/v2\/posts\/15933\/revisions\/15936"}],"wp:featuredmedia":[{"embeddable":true,"href":"https:\/\/insideamateurfussball-ffm.de\/index.php?rest_route=\/wp\/v2\/media\/15934"}],"wp:attachment":[{"href":"https:\/\/insideamateurfussball-ffm.de\/index.php?rest_route=%2Fwp%2Fv2%2Fmedia&parent=15933"}],"wp:term":[{"taxonomy":"category","embeddable":true,"href":"https:\/\/insideamateurfussball-ffm.de\/index.php?rest_route=%2Fwp%2Fv2%2Fcategories&post=15933"},{"taxonomy":"post_tag","embeddable":true,"href":"https:\/\/insideamateurfussball-ffm.de\/index.php?rest_route=%2Fwp%2Fv2%2Ftags&post=15933"}],"curies":[{"name":"wp","href":"https:\/\/api.w.org\/{rel}","templated":true}]}}