{"id":15927,"date":"2024-01-18T16:36:27","date_gmt":"2024-01-18T14:36:27","guid":{"rendered":"http:\/\/insideamateurfussball-ffm.de\/?p=15927"},"modified":"2024-01-18T16:36:27","modified_gmt":"2024-01-18T14:36:27","slug":"westend-neue-hoffnung-dank-neuem-personal","status":"publish","type":"post","link":"https:\/\/insideamateurfussball-ffm.de\/?p=15927","title":{"rendered":"Westend: Neue Hoffnung dank neuem Personal"},"content":{"rendered":"<h3>Der n\u00e4chste Verein in unserer Reihe ist das derzeitige Schlusslicht der Kreisoberliga, die SG Westend. Aufgrund von Personalproblemen, zwei Nichtantritten und einer Spielsperre steht der ehemalige Gruppenligist am Abgrund, sch\u00f6pft aber durch die Verpflichtung von Trainer Vait Arslanoski und elf neuen Spielern inklusive des Coaches neue Hoffnung auf den Klassenerhalt. Unsere Fragen hat der Sportliche Leiter Thomas Horn kurz und b\u00fcndig beantwortet.<\/h3>\n<figure id=\"attachment_15884\" aria-describedby=\"caption-attachment-15884\" style=\"width: 640px\" class=\"wp-caption alignright\"><img loading=\"lazy\" decoding=\"async\" class=\"wp-image-15884 size-large\" src=\"http:\/\/insideamateurfussball-ffm.de\/wp-content\/uploads\/2024\/01\/west1-7-1024x681.jpg\" alt=\"\" width=\"640\" height=\"426\" srcset=\"https:\/\/insideamateurfussball-ffm.de\/wp-content\/uploads\/2024\/01\/west1-7-1024x681.jpg 1024w, https:\/\/insideamateurfussball-ffm.de\/wp-content\/uploads\/2024\/01\/west1-7-300x200.jpg 300w, https:\/\/insideamateurfussball-ffm.de\/wp-content\/uploads\/2024\/01\/west1-7-768x511.jpg 768w, https:\/\/insideamateurfussball-ffm.de\/wp-content\/uploads\/2024\/01\/west1-7.jpg 1040w\" sizes=\"auto, (max-width: 640px) 100vw, 640px\" \/><figcaption id=\"caption-attachment-15884\" class=\"wp-caption-text\">Zehn Spieler stellten sich vor dem Testspiel beim FV Hausen II (4:1) dem Teamfoto. Trainer Vait Arslanoski verpasste dieses. Foto: Mithat G\u00fcrser.\u00a0\u00a0<\/figcaption><\/figure>\n<p><img loading=\"lazy\" decoding=\"async\" class=\"alignnone size-full wp-image-611\" src=\"http:\/\/insideamateurfussball-ffm.de\/wp-content\/uploads\/2022\/06\/Westend.png\" alt=\"\" width=\"69\" height=\"80\" \/><\/p>\n<h3>Wie f\u00e4llt die Bewertung des ersten Saisonabschnittes aus? (Platz 17, 11 Punkte)<\/h3>\n<p>Horn: &#8222;Keine ausreichende Trainingsbeteiligung, zu wenig Spieler und die Spielsperre f\u00fchrten uns in den Tabellenkeller.&#8220;<\/p>\n<h3>Was soll sich in der restlichen R\u00fcckrunde verbessern?<\/h3>\n<p>Horn: &#8222;Gr\u00f6\u00dferer Kader und regelm\u00e4\u00dfiges Training.&#8220;<\/p>\n<h3>Wie lautet das neue Saisonziel?<\/h3>\n<p>Horn: &#8222;Abstieg vermeiden und die Mannschaft auf die n\u00e4chste Saison vorbereiten.&#8220;<\/p>\n<h3>Gibt es Ver\u00e4nderungen im Kader?<\/h3>\n<p>Zug\u00e4nge: Kenam Hadzic, Rafik El Fadili, Onur Arslan, Fanuel Kaleab, Gedeon Nsemi, Vait Arslanoski (alle SC Riedberg), Leonardo Dilema (T\u00fcrk Hattersheim), Zakaria Akaouch (T\u00fcrk G\u00fcc\u00fc Friedberg II), Salim Akaouch (Dersim R\u00fcsselsheim), Tarik Saghir (SV Frankfurt Nord), Felix Brandner (FC Wei\u00dfkirchen).<\/p>\n<figure id=\"attachment_15928\" aria-describedby=\"caption-attachment-15928\" style=\"width: 640px\" class=\"wp-caption alignright\"><img loading=\"lazy\" decoding=\"async\" class=\"wp-image-15928 size-large\" src=\"http:\/\/insideamateurfussball-ffm.de\/wp-content\/uploads\/2024\/01\/pr2-2-1024x700.jpg\" alt=\"\" width=\"640\" height=\"438\" srcset=\"https:\/\/insideamateurfussball-ffm.de\/wp-content\/uploads\/2024\/01\/pr2-2-1024x700.jpg 1024w, https:\/\/insideamateurfussball-ffm.de\/wp-content\/uploads\/2024\/01\/pr2-2-300x205.jpg 300w, https:\/\/insideamateurfussball-ffm.de\/wp-content\/uploads\/2024\/01\/pr2-2-768x525.jpg 768w, https:\/\/insideamateurfussball-ffm.de\/wp-content\/uploads\/2024\/01\/pr2-2.jpg 1095w\" sizes=\"auto, (max-width: 640px) 100vw, 640px\" \/><figcaption id=\"caption-attachment-15928\" class=\"wp-caption-text\">Hoffnungstr\u00e4ger: Der neue Westend-Trainer Vait Arslanoski verf\u00fcgt \u00fcber ein gutes Netzwerk. Foto: Mithat G\u00fcrser.<\/figcaption><\/figure>\n<h3>Welche Testspiele wurden vereinbart?<\/h3>\n<p>14. Januar beim FV Hausen II (4:1)<\/p>\n<p>21. Januar bei TSG Frankfurter Berg abgesagt!<\/p>\n<p>25. Januar 20 Uhr bei Germania Okriftel<\/p>\n<p>28. Januar 14.30 Uhr bei Eintracht Oberissigheim<\/p>\n<p>31. Januar 20 Uhr beim FSV Friedrichsdorf II<\/p>\n","protected":false},"excerpt":{"rendered":"<p>Der n\u00e4chste Verein in unserer Reihe ist das derzeitige Schlusslicht der Kreisoberliga, die SG Westend. Aufgrund von Personalproblemen, zwei Nichtantritten und einer Spielsperre steht der ehemalige Gruppenligist am Abgrund, sch\u00f6pft aber durch die Verpflichtung von Trainer Vait Arslanoski und elf neuen Spielern inklusive des Coaches neue Hoffnung auf den Klassenerhalt. Unsere Fragen hat der Sportliche [&hellip;]<\/p>\n","protected":false},"author":1,"featured_media":15884,"comment_status":"open","ping_status":"open","sticky":true,"template":"","format":"standard","meta":{"footnotes":""},"categories":[2],"tags":[],"class_list":["post-15927","post","type-post","status-publish","format-standard","has-post-thumbnail","hentry","category-kreisoberliga-frankfurt"],"_links":{"self":[{"href":"https:\/\/insideamateurfussball-ffm.de\/index.php?rest_route=\/wp\/v2\/posts\/15927","targetHints":{"allow":["GET"]}}],"collection":[{"href":"https:\/\/insideamateurfussball-ffm.de\/index.php?rest_route=\/wp\/v2\/posts"}],"about":[{"href":"https:\/\/insideamateurfussball-ffm.de\/index.php?rest_route=\/wp\/v2\/types\/post"}],"author":[{"embeddable":true,"href":"https:\/\/insideamateurfussball-ffm.de\/index.php?rest_route=\/wp\/v2\/users\/1"}],"replies":[{"embeddable":true,"href":"https:\/\/insideamateurfussball-ffm.de\/index.php?rest_route=%2Fwp%2Fv2%2Fcomments&post=15927"}],"version-history":[{"count":1,"href":"https:\/\/insideamateurfussball-ffm.de\/index.php?rest_route=\/wp\/v2\/posts\/15927\/revisions"}],"predecessor-version":[{"id":15929,"href":"https:\/\/insideamateurfussball-ffm.de\/index.php?rest_route=\/wp\/v2\/posts\/15927\/revisions\/15929"}],"wp:featuredmedia":[{"embeddable":true,"href":"https:\/\/insideamateurfussball-ffm.de\/index.php?rest_route=\/wp\/v2\/media\/15884"}],"wp:attachment":[{"href":"https:\/\/insideamateurfussball-ffm.de\/index.php?rest_route=%2Fwp%2Fv2%2Fmedia&parent=15927"}],"wp:term":[{"taxonomy":"category","embeddable":true,"href":"https:\/\/insideamateurfussball-ffm.de\/index.php?rest_route=%2Fwp%2Fv2%2Fcategories&post=15927"},{"taxonomy":"post_tag","embeddable":true,"href":"https:\/\/insideamateurfussball-ffm.de\/index.php?rest_route=%2Fwp%2Fv2%2Ftags&post=15927"}],"curies":[{"name":"wp","href":"https:\/\/api.w.org\/{rel}","templated":true}]}}