{"id":15923,"date":"2024-01-17T23:56:44","date_gmt":"2024-01-17T21:56:44","guid":{"rendered":"http:\/\/insideamateurfussball-ffm.de\/?p=15923"},"modified":"2024-01-17T23:56:44","modified_gmt":"2024-01-17T21:56:44","slug":"gemischtes-gefuehl-beim-fv-hausen","status":"publish","type":"post","link":"https:\/\/insideamateurfussball-ffm.de\/?p=15923","title":{"rendered":"Gemischtes Gef\u00fchl beim FV Hausen"},"content":{"rendered":"<h3>Weiter geht es mit unserer Serie und heute kommt der FV Hausen an die Reihe. Die Lila-Wei\u00dfen blicken auf eine wechselvolle erste Saisonperiode zur\u00fcck. Aktuell steht Rang neun zu Buche, der Abstand zum Vorletzten betr\u00e4gt aber nur f\u00fcnf Punkte. Unsere Fragen hat Trainer Federico da Costa Coutinho beantwortet.<\/h3>\n<figure id=\"attachment_15924\" aria-describedby=\"caption-attachment-15924\" style=\"width: 640px\" class=\"wp-caption alignright\"><img loading=\"lazy\" decoding=\"async\" class=\"wp-image-15924 size-large\" src=\"http:\/\/insideamateurfussball-ffm.de\/wp-content\/uploads\/2024\/01\/hau17-1-1024x670.jpg\" alt=\"\" width=\"640\" height=\"419\" srcset=\"https:\/\/insideamateurfussball-ffm.de\/wp-content\/uploads\/2024\/01\/hau17-1-1024x670.jpg 1024w, https:\/\/insideamateurfussball-ffm.de\/wp-content\/uploads\/2024\/01\/hau17-1-300x196.jpg 300w, https:\/\/insideamateurfussball-ffm.de\/wp-content\/uploads\/2024\/01\/hau17-1-768x503.jpg 768w, https:\/\/insideamateurfussball-ffm.de\/wp-content\/uploads\/2024\/01\/hau17-1.jpg 1144w\" sizes=\"auto, (max-width: 640px) 100vw, 640px\" \/><figcaption id=\"caption-attachment-15924\" class=\"wp-caption-text\">Hier wird Torsch\u00fctze Shion Tsuji von seinen Mitspielern bejubelt. Foto: Archiv Mithat G\u00fcrser.<\/figcaption><\/figure>\n<p><img loading=\"lazy\" decoding=\"async\" class=\"alignnone size-full wp-image-12700\" src=\"http:\/\/insideamateurfussball-ffm.de\/wp-content\/uploads\/2023\/09\/Hausen.jpg\" alt=\"\" width=\"80\" height=\"60\" \/><\/p>\n<h3>Wie f\u00e4llt die Bewertung des ersten Saisonabschnittes aus (9. Platz, 21 Punkte)?<\/h3>\n<p>Coutinho: &#8222;Gemischtes Gef\u00fchl: Saisonstart missgl\u00fcckt; sehr gute Phase gehabt; die zwei Schw\u00e4cheperioden sind etwas \u00e4rgerlich. Alles in allem h\u00e4tten wir gerne den einen oder anderen Punkt mehr erspielt.&#8220;<\/p>\n<h3>Was soll sich in der restlichen R\u00fcckrunde verbessern?<\/h3>\n<p>Coutinho: &#8222;Weniger individuelle Fehler vor Gegentoren; weniger Gegentore. Mehr Torchancen herausspielen und effizientere Chancenauswertung, mehr Konstanz in der eigenen Leistung und dadurch mehr Punkte.&#8220;<\/p>\n<h3>Wie lautet das neue Saisonziel?<\/h3>\n<p>Coutinho: &#8222;Unver\u00e4ndert.&#8220;<\/p>\n<h3>Gibt es Ver\u00e4nderungen im Kader?<\/h3>\n<p>Coutinho: &#8222;Abg\u00e4nge: Frias Lantigua, Maruan Benssar (beide FC Serkeftin), Julian Kielmann (TuS Nieder-Eschbach), Bautista Penayo (Heimat), Hamza Gulzar (Kreuzbandriss). Neuzug\u00e4nge noch ausstehend.&#8220;<\/p>\n<figure id=\"attachment_15925\" aria-describedby=\"caption-attachment-15925\" style=\"width: 923px\" class=\"wp-caption alignnone\"><img loading=\"lazy\" decoding=\"async\" class=\"wp-image-15925 size-full\" src=\"http:\/\/insideamateurfussball-ffm.de\/wp-content\/uploads\/2024\/01\/DSC_7894-1.jpg\" alt=\"\" width=\"923\" height=\"692\" srcset=\"https:\/\/insideamateurfussball-ffm.de\/wp-content\/uploads\/2024\/01\/DSC_7894-1.jpg 923w, https:\/\/insideamateurfussball-ffm.de\/wp-content\/uploads\/2024\/01\/DSC_7894-1-300x225.jpg 300w, https:\/\/insideamateurfussball-ffm.de\/wp-content\/uploads\/2024\/01\/DSC_7894-1-768x576.jpg 768w\" sizes=\"auto, (max-width: 923px) 100vw, 923px\" \/><figcaption id=\"caption-attachment-15925\" class=\"wp-caption-text\">Hausens Trainer Federico da Costa Coutinho (vorne in schwarzer Kleidung). Foto: Archiv J\u00f6rg Schulz.<\/figcaption><\/figure>\n<h3>Welche Testspiele wurden vereinbart?<\/h3>\n<p>27. Januar 12 Uhr bei Viktoria Kelsterbach, 1. Februar 19.30 Uhr beim FV Stierstadt und 4. Februar gegen SV Zeilsheim II.<\/p>\n","protected":false},"excerpt":{"rendered":"<p>Weiter geht es mit unserer Serie und heute kommt der FV Hausen an die Reihe. Die Lila-Wei\u00dfen blicken auf eine wechselvolle erste Saisonperiode zur\u00fcck. Aktuell steht Rang neun zu Buche, der Abstand zum Vorletzten betr\u00e4gt aber nur f\u00fcnf Punkte. Unsere Fragen hat Trainer Federico da Costa Coutinho beantwortet. Wie f\u00e4llt die Bewertung des ersten Saisonabschnittes [&hellip;]<\/p>\n","protected":false},"author":1,"featured_media":15924,"comment_status":"open","ping_status":"open","sticky":true,"template":"","format":"standard","meta":{"footnotes":""},"categories":[2],"tags":[],"class_list":["post-15923","post","type-post","status-publish","format-standard","has-post-thumbnail","hentry","category-kreisoberliga-frankfurt"],"_links":{"self":[{"href":"https:\/\/insideamateurfussball-ffm.de\/index.php?rest_route=\/wp\/v2\/posts\/15923","targetHints":{"allow":["GET"]}}],"collection":[{"href":"https:\/\/insideamateurfussball-ffm.de\/index.php?rest_route=\/wp\/v2\/posts"}],"about":[{"href":"https:\/\/insideamateurfussball-ffm.de\/index.php?rest_route=\/wp\/v2\/types\/post"}],"author":[{"embeddable":true,"href":"https:\/\/insideamateurfussball-ffm.de\/index.php?rest_route=\/wp\/v2\/users\/1"}],"replies":[{"embeddable":true,"href":"https:\/\/insideamateurfussball-ffm.de\/index.php?rest_route=%2Fwp%2Fv2%2Fcomments&post=15923"}],"version-history":[{"count":1,"href":"https:\/\/insideamateurfussball-ffm.de\/index.php?rest_route=\/wp\/v2\/posts\/15923\/revisions"}],"predecessor-version":[{"id":15926,"href":"https:\/\/insideamateurfussball-ffm.de\/index.php?rest_route=\/wp\/v2\/posts\/15923\/revisions\/15926"}],"wp:featuredmedia":[{"embeddable":true,"href":"https:\/\/insideamateurfussball-ffm.de\/index.php?rest_route=\/wp\/v2\/media\/15924"}],"wp:attachment":[{"href":"https:\/\/insideamateurfussball-ffm.de\/index.php?rest_route=%2Fwp%2Fv2%2Fmedia&parent=15923"}],"wp:term":[{"taxonomy":"category","embeddable":true,"href":"https:\/\/insideamateurfussball-ffm.de\/index.php?rest_route=%2Fwp%2Fv2%2Fcategories&post=15923"},{"taxonomy":"post_tag","embeddable":true,"href":"https:\/\/insideamateurfussball-ffm.de\/index.php?rest_route=%2Fwp%2Fv2%2Ftags&post=15923"}],"curies":[{"name":"wp","href":"https:\/\/api.w.org\/{rel}","templated":true}]}}