{"id":15910,"date":"2024-01-16T23:16:01","date_gmt":"2024-01-16T21:16:01","guid":{"rendered":"http:\/\/insideamateurfussball-ffm.de\/?p=15910"},"modified":"2024-01-17T23:18:40","modified_gmt":"2024-01-17T21:18:40","slug":"rot-weiss-startet-in-die-vorbereitung","status":"publish","type":"post","link":"https:\/\/insideamateurfussball-ffm.de\/?p=15910","title":{"rendered":"Rot-Weiss startet in die Vorbereitung"},"content":{"rendered":"<h5><span style=\"font-size: 16px;\">Bei Minusgraden ist Verbandsligist Rot-Weiss Frankfurt am Dienstagabend in die Vorbereitung auf den zweiten Saisonabschnitt gestartet. Unter der Regie von Trainer Ibrahim Cigdem drehten die Spieler dick eingepackt erstmal Runden \u00fcber den Kunstrasenplatz am R\u00f6delheimer Parkweg.\u00a0<\/span><\/h5>\n<figure id=\"attachment_15911\" aria-describedby=\"caption-attachment-15911\" style=\"width: 150px\" class=\"wp-caption alignleft\"><img loading=\"lazy\" decoding=\"async\" class=\"wp-image-15911 size-thumbnail\" src=\"http:\/\/insideamateurfussball-ffm.de\/wp-content\/uploads\/2024\/01\/team-rw-150x150.jpg\" alt=\"\" width=\"150\" height=\"150\" \/><figcaption id=\"caption-attachment-15911\" class=\"wp-caption-text\">Trainingsauftakt im Eisschrank nahe dem Brentanobad. Foto: Mithat G\u00fcrser.<\/figcaption><\/figure>\n<p><img loading=\"lazy\" decoding=\"async\" class=\"alignnone size-full wp-image-4032\" src=\"http:\/\/insideamateurfussball-ffm.de\/wp-content\/uploads\/2022\/11\/rot-weiss.png\" alt=\"\" width=\"80\" height=\"70\" \/><\/p>\n<p><span style=\"font-size: 16px;\">Zu Beginn stehen einige Leistungstests an, wobei der Schwerpunkt auf der Audauer liegt. In den kommenden Tagen sollen die Trainingseinheiten intensiver werden. Das erste Testspiel steht am Samstag (16.30 Uhr) auf dem Programm, wenn Hessenligist FC Gie\u00dfen mit Ex-Coach Daniyel Cimen zum allj\u00e4hrlichen Freundschaftsspiel aufkreuzt. <\/span><\/p>\n<p><span style=\"font-size: 16px;\">Trainer Ibrahim Cigdem und sein Co-Trainer sind gut vorbereitet, um die Spieler auf den Rest der Saison einzustimmen.<\/span><\/p>\n<p><span style=\"font-size: 16px;\">&#8222;Wir wollen das Team weiter voranbringen und jeder muss wissen, worauf es ankommt. Weiterhin werden wir hart arbeiten und alles daran setzen, um die Klasse zu halten und als Mannschaft zusammenzustehen&#8220;, teilte Cigdem mit.<\/span><\/p>\n<p><span style=\"font-size: 16px;\"> Dar\u00fcber hinaus m\u00f6chte uns der Coach am Wochenende unseren Fragebogen beantworten und uns dann auch \u00fcber die Ver\u00e4nderungen im Kader in Sachen Abg\u00e4nge und Zug\u00e4nge informieren.\u00a0<\/span><\/p>\n","protected":false},"excerpt":{"rendered":"<p>Bei Minusgraden ist Verbandsligist Rot-Weiss Frankfurt am Dienstagabend in die Vorbereitung auf den zweiten Saisonabschnitt gestartet. Unter der Regie von Trainer Ibrahim Cigdem drehten die Spieler dick eingepackt erstmal Runden \u00fcber den Kunstrasenplatz am R\u00f6delheimer Parkweg.\u00a0 Zu Beginn stehen einige Leistungstests an, wobei der Schwerpunkt auf der Audauer liegt. In den kommenden Tagen sollen die [&hellip;]<\/p>\n","protected":false},"author":1,"featured_media":15911,"comment_status":"open","ping_status":"open","sticky":true,"template":"","format":"standard","meta":{"footnotes":""},"categories":[10],"tags":[],"class_list":["post-15910","post","type-post","status-publish","format-standard","has-post-thumbnail","hentry","category-verbandsliga-sued"],"_links":{"self":[{"href":"https:\/\/insideamateurfussball-ffm.de\/index.php?rest_route=\/wp\/v2\/posts\/15910","targetHints":{"allow":["GET"]}}],"collection":[{"href":"https:\/\/insideamateurfussball-ffm.de\/index.php?rest_route=\/wp\/v2\/posts"}],"about":[{"href":"https:\/\/insideamateurfussball-ffm.de\/index.php?rest_route=\/wp\/v2\/types\/post"}],"author":[{"embeddable":true,"href":"https:\/\/insideamateurfussball-ffm.de\/index.php?rest_route=\/wp\/v2\/users\/1"}],"replies":[{"embeddable":true,"href":"https:\/\/insideamateurfussball-ffm.de\/index.php?rest_route=%2Fwp%2Fv2%2Fcomments&post=15910"}],"version-history":[{"count":3,"href":"https:\/\/insideamateurfussball-ffm.de\/index.php?rest_route=\/wp\/v2\/posts\/15910\/revisions"}],"predecessor-version":[{"id":15919,"href":"https:\/\/insideamateurfussball-ffm.de\/index.php?rest_route=\/wp\/v2\/posts\/15910\/revisions\/15919"}],"wp:featuredmedia":[{"embeddable":true,"href":"https:\/\/insideamateurfussball-ffm.de\/index.php?rest_route=\/wp\/v2\/media\/15911"}],"wp:attachment":[{"href":"https:\/\/insideamateurfussball-ffm.de\/index.php?rest_route=%2Fwp%2Fv2%2Fmedia&parent=15910"}],"wp:term":[{"taxonomy":"category","embeddable":true,"href":"https:\/\/insideamateurfussball-ffm.de\/index.php?rest_route=%2Fwp%2Fv2%2Fcategories&post=15910"},{"taxonomy":"post_tag","embeddable":true,"href":"https:\/\/insideamateurfussball-ffm.de\/index.php?rest_route=%2Fwp%2Fv2%2Ftags&post=15910"}],"curies":[{"name":"wp","href":"https:\/\/api.w.org\/{rel}","templated":true}]}}