{"id":15906,"date":"2024-01-16T00:08:09","date_gmt":"2024-01-15T22:08:09","guid":{"rendered":"http:\/\/insideamateurfussball-ffm.de\/?p=15906"},"modified":"2024-01-16T23:19:20","modified_gmt":"2024-01-16T21:19:20","slug":"union-niederrad-runde-optimal-zu-ende-spielen","status":"publish","type":"post","link":"https:\/\/insideamateurfussball-ffm.de\/?p=15906","title":{"rendered":"Union Niederrad: &#8222;Runde optimal zu Ende spielen&#8220;"},"content":{"rendered":"<h5><span style=\"font-size: 16px;\">Wir starten in die neue Woche mit dem Kreisoberligisten Union Niederrad, der zur Winterpause auf dem formidablen sechsten Tabellenplatz steht. Unsere Fragen hat Vereinsvorsitzender Khalid Lamjahed ausf\u00fchrlich beantwortet.\u00a0<\/span><\/h5>\n<figure id=\"attachment_15907\" aria-describedby=\"caption-attachment-15907\" style=\"width: 150px\" class=\"wp-caption alignleft\"><img loading=\"lazy\" decoding=\"async\" class=\"wp-image-15907 size-thumbnail\" src=\"http:\/\/insideamateurfussball-ffm.de\/wp-content\/uploads\/2024\/01\/DSC_8032-150x150.jpg\" alt=\"\" width=\"150\" height=\"150\" \/><figcaption id=\"caption-attachment-15907\" class=\"wp-caption-text\">Union-Trainer Henrique Amaral gibt Anweisungen auf dem Feld. Im Hintergrund Co-Trainer Dennis Sch\u00f6tz. Foto: Archiv J\u00f6rg Schulz.<\/figcaption><\/figure>\n<p><img loading=\"lazy\" decoding=\"async\" class=\"alignnone size-full wp-image-38\" src=\"http:\/\/insideamateurfussball-ffm.de\/wp-content\/uploads\/2021\/11\/Union-Niederrad.jpg\" alt=\"\" width=\"80\" height=\"80\" \/><\/p>\n<h5><span style=\"font-size: 16px;\">Wie f\u00e4llt die Bewertung des ersten Saisonabschnittes aus?\u00a0<\/span><\/h5>\n<p><span style=\"font-size: 16px;\">Lamjahed: &#8222;F\u00fcr uns ist der erste Saisonabschnitt optimal gelaufen. Wir haben durch den Trainerwechsel gewusst, dass der neue Trainer Impulse setzen wird und dass das der Mannschaft auch gut tun w\u00fcrde. Wir haben aber nicht gewusst oder damit gerechnet, dass Henrique Amaral zusammen mit Dennis Sch\u00f6tz die Mannschaft so schnell erreicht, dass die Handschrift so schnell erkennbar ist. Auch wenn wir am 1. Spieltag mit einem furiosen 6:0-Sieg in Hausen gestartet sind und dann zwei deftige Niederlagen kassierten haben wir uns nicht aus der Ruhe bringen lassen und im Endeffekt eine tolle Hinrunde gespielt mit dem 6. Platz. Wir sind sehr zufrieden, ruhen uns aber nicht darauf aus. Wir wissen, was die Mannschaft kann und dass wir Fu\u00dfball spielen k\u00f6nnen. Wir f\u00fchlen uns ganz sicher in der Kreisoberliga und wollen an die Leistungen nahtlos ankn\u00fcpfen.&#8220;\u00a0<\/span><\/p>\n<h5><span style=\"font-size: 16px;\">Was soll sich in der restlichen R\u00fcckrunde verbessern?\u00a0<\/span><\/h5>\n<p><span style=\"font-size: 16px;\">Lamjahed: &#8222;Wir wollen nat\u00fcrlich in erster Linie jeden Gegner ernst nehmen. Wir haben zum Beispiel gegen Tarik beide Spiele gewonnen, obwohl das ein sehr starker Gegner ist. Andererseits haben wir andere Vereine nicht ernt genommen, weil der Tabellenplatz es nicht anders hergegeben hat oder im Hinspiel klar gewonnen wurde wie mit 5:1 gegen Concordia Eschersheim und das R\u00fcckspiel verloren wurde. In der Kreisoberliga kann jede Mannschaft gegen uns gewinnen, wenn wir nicht bereit sind, alles zu geben. Das wollen wir verbessern und somit in der restlichen R\u00fcckrunde versuchen jedes Spiel zu gewinnen. Wir wollen uns nicht schonen, denn rein rechnerisch haben wir ja den Klassenerhalt noch nicht sicher. Deswegen wollen wir die Runde optimal zu Ende spielen und einen optimalen Tabellenplatz erreichen. Einstellig zu bleiben wird schwer, von daher genie\u00dfen wir die Momentaufnahme.&#8220;\u00a0<\/span><\/p>\n<h5><span style=\"font-size: 16px;\">Wie lautet das neue Saisonziel?\u00a0<\/span><\/h5>\n<p><span style=\"font-size: 16px;\">Lamjahed: &#8222;Unser Ziel ist nach wie vor der Klassenerhalt. Nach einer guten Hinrunde sind schon Mannschaften aus verschiedenen Gr\u00fcnden wie Verletzungsmiseren in den Abstiegsstrudel geraten. Wir wollen am Saisonziel Klassenerhalt definitiv festhalten. Erst wenn wir den rein rechnerisch geschafft haben, reden wir \u00fcber einen einstelligen Tabellenplatz.&#8220;\u00a0<\/span><\/p>\n<h5><span style=\"font-size: 16px;\">Gibt es Ver\u00e4nderungen im Kader?<\/span><\/h5>\n<figure id=\"attachment_15908\" aria-describedby=\"caption-attachment-15908\" style=\"width: 150px\" class=\"wp-caption alignleft\"><img loading=\"lazy\" decoding=\"async\" class=\"wp-image-15908 size-thumbnail\" src=\"http:\/\/insideamateurfussball-ffm.de\/wp-content\/uploads\/2024\/01\/DSC_8149-1-150x150.jpg\" alt=\"\" width=\"150\" height=\"150\" \/><figcaption id=\"caption-attachment-15908\" class=\"wp-caption-text\">Der Franzose Deherripon bleibt in Niederrad auch aufgrund seiner neun Saisontore in Erinnerung. Foto: Archiv J\u00f6rg Schulz.<\/figcaption><\/figure>\n<p><span style=\"font-size: 16px;\">Lamjahed: &#8222;Wir haben zwei Talente f\u00fcr uns gewonnen, Ayoub Bouzrou (SG Bornheim\/Gr\u00fcn-Wei\u00df II) und Schadad Wahidi (SV Bosnien-Herzegowina II). Verloren haben wir leider unseren absoluten Leistungstr\u00e4ger Fabien Antoine Jean-Marie Deherripon, der zur\u00fcck nach Frankreich geht. Er hat sein Praktikum hier beendet. Ansonsten gehen wir mit unver\u00e4ndertem Kader in die zweite Saisonh\u00e4lfte. Es sieht nicht so aus, als ob sich da noch was tut.&#8220;\u00a0<\/span><\/p>\n<h5><span style=\"font-size: 16px;\">Welche Testspiele wurden vereinbart?\u00a0<\/span><\/h5>\n<p><span style=\"font-size: 16px;\">21. Januar 15 Uhr gegen SV 09 Hofheim<\/span><\/p>\n<p><span style=\"font-size: 16px;\">28. Januar 15 Uhr gegen Germania Schwanheim<\/span><\/p>\n<p><span style=\"font-size: 16px;\">30. Januar\u00a0 19.30 Uhr gegen BSC Kelsterbach<\/span><\/p>\n<p><span style=\"font-size: 16px;\">4. Februar 15 Uhr gegen TSV Heusenstamm\u00a0<\/span><\/p>\n<p><span style=\"font-size: 16px;\">11. Februar 15 Uhr gegen SV Pars Neu-Isenburg II\u00a0<\/span><\/p>\n","protected":false},"excerpt":{"rendered":"<p>Wir starten in die neue Woche mit dem Kreisoberligisten Union Niederrad, der zur Winterpause auf dem formidablen sechsten Tabellenplatz steht. Unsere Fragen hat Vereinsvorsitzender Khalid Lamjahed ausf\u00fchrlich beantwortet.\u00a0 Wie f\u00e4llt die Bewertung des ersten Saisonabschnittes aus?\u00a0 Lamjahed: &#8222;F\u00fcr uns ist der erste Saisonabschnitt optimal gelaufen. Wir haben durch den Trainerwechsel gewusst, dass der neue Trainer [&hellip;]<\/p>\n","protected":false},"author":1,"featured_media":15907,"comment_status":"open","ping_status":"open","sticky":true,"template":"","format":"standard","meta":{"footnotes":""},"categories":[2],"tags":[],"class_list":["post-15906","post","type-post","status-publish","format-standard","has-post-thumbnail","hentry","category-kreisoberliga-frankfurt"],"_links":{"self":[{"href":"https:\/\/insideamateurfussball-ffm.de\/index.php?rest_route=\/wp\/v2\/posts\/15906","targetHints":{"allow":["GET"]}}],"collection":[{"href":"https:\/\/insideamateurfussball-ffm.de\/index.php?rest_route=\/wp\/v2\/posts"}],"about":[{"href":"https:\/\/insideamateurfussball-ffm.de\/index.php?rest_route=\/wp\/v2\/types\/post"}],"author":[{"embeddable":true,"href":"https:\/\/insideamateurfussball-ffm.de\/index.php?rest_route=\/wp\/v2\/users\/1"}],"replies":[{"embeddable":true,"href":"https:\/\/insideamateurfussball-ffm.de\/index.php?rest_route=%2Fwp%2Fv2%2Fcomments&post=15906"}],"version-history":[{"count":2,"href":"https:\/\/insideamateurfussball-ffm.de\/index.php?rest_route=\/wp\/v2\/posts\/15906\/revisions"}],"predecessor-version":[{"id":15914,"href":"https:\/\/insideamateurfussball-ffm.de\/index.php?rest_route=\/wp\/v2\/posts\/15906\/revisions\/15914"}],"wp:featuredmedia":[{"embeddable":true,"href":"https:\/\/insideamateurfussball-ffm.de\/index.php?rest_route=\/wp\/v2\/media\/15907"}],"wp:attachment":[{"href":"https:\/\/insideamateurfussball-ffm.de\/index.php?rest_route=%2Fwp%2Fv2%2Fmedia&parent=15906"}],"wp:term":[{"taxonomy":"category","embeddable":true,"href":"https:\/\/insideamateurfussball-ffm.de\/index.php?rest_route=%2Fwp%2Fv2%2Fcategories&post=15906"},{"taxonomy":"post_tag","embeddable":true,"href":"https:\/\/insideamateurfussball-ffm.de\/index.php?rest_route=%2Fwp%2Fv2%2Ftags&post=15906"}],"curies":[{"name":"wp","href":"https:\/\/api.w.org\/{rel}","templated":true}]}}