{"id":15882,"date":"2024-01-14T21:54:08","date_gmt":"2024-01-14T19:54:08","guid":{"rendered":"http:\/\/insideamateurfussball-ffm.de\/?p=15882"},"modified":"2024-01-14T21:54:08","modified_gmt":"2024-01-14T19:54:08","slug":"westend-gewinnt-mit-neuer-formation","status":"publish","type":"post","link":"https:\/\/insideamateurfussball-ffm.de\/?p=15882","title":{"rendered":"Westend gewinnt mit neuer Formation"},"content":{"rendered":"<h5><span style=\"font-size: 16px;\">Ab dem heutigen Sonntag rollte bereits der Testspielball trotz Minusgraden im Kreis Frankfurt. Dabei pr\u00e4sentierte sich die SG Westend mit neuem Personal in guter Verfassung. Der Tabellenletzte der Kreisoberliga gewann mit 4:1 (4:0) beim B-Ligisten FV Hausen II.\u00a0<\/span><\/h5>\n<figure id=\"attachment_15883\" aria-describedby=\"caption-attachment-15883\" style=\"width: 150px\" class=\"wp-caption alignleft\"><img loading=\"lazy\" decoding=\"async\" class=\"wp-image-15883 size-thumbnail\" src=\"http:\/\/insideamateurfussball-ffm.de\/wp-content\/uploads\/2024\/01\/west5-4-150x150.jpg\" alt=\"\" width=\"150\" height=\"150\" \/><figcaption id=\"caption-attachment-15883\" class=\"wp-caption-text\">Gedeon Nsemi (Nummer 11), einer der sechs neuen Spieler, die vom SC Riedberg zur SG Westend gekommen sind. Foto: Mithat G\u00fcrser.\u00a0\u00a0<\/figcaption><\/figure>\n<h5><span style=\"font-size: 16px;\">FV Hausen II &#8211; SG Westend 1:4 (0:4)<\/span><\/h5>\n<p><img loading=\"lazy\" decoding=\"async\" class=\"alignnone size-full wp-image-12700\" src=\"http:\/\/insideamateurfussball-ffm.de\/wp-content\/uploads\/2023\/09\/Hausen.jpg\" alt=\"\" width=\"80\" height=\"60\" \/><img loading=\"lazy\" decoding=\"async\" class=\"alignnone size-full wp-image-611\" src=\"http:\/\/insideamateurfussball-ffm.de\/wp-content\/uploads\/2022\/06\/Westend.png\" alt=\"\" width=\"69\" height=\"80\" \/><\/p>\n<p><span style=\"font-size: 16px;\">Der Hausener Reservetrainer Amine Kamboua, der im zweiten Abschnitt phasenweise aktiv mit kickte, begr\u00fcndete den fr\u00fchen Auftakt im neuen Jahr so: &#8222;Uns erwarten im Februar schon zwei Punktspiele, in denen wir ans Limit gehen m\u00fcssen. Somit haben wir unseren Vorbereitungsplan so organisiert, dass wir viele Spiele machen, um an dieses Limit zu gehen. Westend war eines dieser Spiele, die wollen in der Kreisoberliga bleiben, was die Anzahl an Winterneuzug\u00e4ngen verdeutlicht.&#8220; <\/span><\/p>\n<p><span style=\"font-size: 16px;\">Die G\u00e4ste bekamen nur elf Spieler zusammen, davon waren aber einige zum ersten Mal f\u00fcr die Blau-Gelben im Einsatz. Insgesamt konnte uns der Sportliche Leiter Thomas Horn am Spielfeldrand den Zugang von elf neuen Kickern best\u00e4tigen, darunter mit Vait &#8222;Gino&#8220; Arslanoski auch der neue Trainer, der an der M\u00fchlwiese mit der Nummer 13 im Sturm mitwirkte.<\/span><\/p>\n<ul>\n<li>\n<h5><span style=\"font-size: 16px;\">&#8222;Ich habe die Aufgabe \u00fcbernommen, weil ich davon \u00fcberzeugt bin, dass wir das schaffen&#8220; (Westend-Trainer Vait Arslanoski)<\/span><\/h5>\n<\/li>\n<\/ul>\n<p><span style=\"font-size: 16px;\">Durch Zakaria Akaouch (T\u00fcrk G\u00fcc\u00fc Friedberg II) war Westend fr\u00fch an der M\u00fchlwiese in F\u00fchrung gegangen (9.). Der vom B-Liga-Spitzenreiter SC Riedberg gekommene Gedeon Nsemi trug sich als zweifacher Torsch\u00fctze in die Statistik ein (34.\/37.). Noch vor der Pause erh\u00f6hte ein anderer Ex-Riedberger, Fanuel Kaleab, auf 4:0 (44.). Nach dem Seitenwechsel nahm der Favorit das Tempo heraus und verwaltete. Bei den Gastgebern traf Sevan Como kurz vor Schluss noch zum Ehrentreffer (84.). <\/span><\/p>\n<p><span style=\"font-size: 16px;\">G\u00e4stecoach Arslanoski betonte, dass &#8222;ich die Aufgabe \u00fcbernommen habe, weil ich davon \u00fcberzeugt bin, dass wir das schaffen. Wir haben jetzt viele neue Spieler dazu bekommen, n\u00e4chste Woche sind wir dann komplett und somit gehe ich davon aus, dass wir nicht absteigen werden.&#8220; Dennoch merkte der Mazedonier an, &#8222;dass sich die neuen Spieler erst noch finden m\u00fcssen, obwohl sich einige ja bereits kennen.&#8220; Bereits am kommenden Sonntag geht der Testreigen bei der TSG Frankfurter Berg weiter, Hausen II erwartet am gleichen Tag den SV Sachsenhausen II.\u00a0<\/span><\/p>\n<ul>\n<li>\n<h5><span style=\"font-size: 16px;\">Schiedsrichter: Theo Annendijk (SV Blau-Gelb). Zuschauer: 20. <\/span><\/h5>\n<\/li>\n<li>\n<h5><span style=\"font-size: 16px;\">Tore: 0:1 Zakaria Akaouch (9.), 0:2, 0:3 Gedeon Nsemi (34.\/37.), 0:4 Fanouel Kaleab (44.), 1:4 Sevan Como (84.).<\/span><\/h5>\n<\/li>\n<li>\n<h5><span style=\"font-size: 16px;\">Bildergalerie bei Minusgraden von Mithat G\u00fcrser! Vielen Dank!\u00a0<\/span><\/h5>\n<\/li>\n<\/ul>\n\n\n<div class=\"wp-block-columns is-layout-flex wp-container-core-columns-is-layout-28f84493 wp-block-columns-is-layout-flex\">\n<div class=\"wp-block-column is-layout-flow wp-block-column-is-layout-flow\">\n<figure class=\"wp-block-image size-large is-style-default\"><img loading=\"lazy\" decoding=\"async\" width=\"1024\" height=\"681\" src=\"http:\/\/insideamateurfussball-ffm.de\/wp-content\/uploads\/2024\/01\/west1-7-1024x681.jpg\" alt=\"\" class=\"wp-image-15884\" srcset=\"https:\/\/insideamateurfussball-ffm.de\/wp-content\/uploads\/2024\/01\/west1-7-1024x681.jpg 1024w, https:\/\/insideamateurfussball-ffm.de\/wp-content\/uploads\/2024\/01\/west1-7-300x200.jpg 300w, https:\/\/insideamateurfussball-ffm.de\/wp-content\/uploads\/2024\/01\/west1-7-768x511.jpg 768w, https:\/\/insideamateurfussball-ffm.de\/wp-content\/uploads\/2024\/01\/west1-7.jpg 1040w\" sizes=\"auto, (max-width: 1024px) 100vw, 1024px\" \/><\/figure>\n<\/div>\n\n\n\n<div class=\"wp-block-column is-layout-flow wp-block-column-is-layout-flow\">\n<figure class=\"wp-block-gallery has-nested-images columns-default is-cropped wp-block-gallery-1 is-layout-flex wp-block-gallery-is-layout-flex\">\n<figure class=\"wp-block-image size-large is-style-default\"><img loading=\"lazy\" decoding=\"async\" width=\"998\" height=\"692\" data-id=\"15885\" src=\"http:\/\/insideamateurfussball-ffm.de\/wp-content\/uploads\/2024\/01\/west6-7.jpg\" alt=\"\" class=\"wp-image-15885\" srcset=\"https:\/\/insideamateurfussball-ffm.de\/wp-content\/uploads\/2024\/01\/west6-7.jpg 998w, https:\/\/insideamateurfussball-ffm.de\/wp-content\/uploads\/2024\/01\/west6-7-300x208.jpg 300w, https:\/\/insideamateurfussball-ffm.de\/wp-content\/uploads\/2024\/01\/west6-7-768x533.jpg 768w\" sizes=\"auto, (max-width: 998px) 100vw, 998px\" \/><\/figure>\n<\/figure>\n<\/div>\n\n\n\n<div class=\"wp-block-column is-layout-flow wp-block-column-is-layout-flow\">\n<figure class=\"wp-block-gallery has-nested-images columns-default is-cropped wp-block-gallery-2 is-layout-flex wp-block-gallery-is-layout-flex\">\n<figure class=\"wp-block-image size-large is-style-default\"><img loading=\"lazy\" decoding=\"async\" width=\"899\" height=\"692\" data-id=\"15886\" src=\"http:\/\/insideamateurfussball-ffm.de\/wp-content\/uploads\/2024\/01\/west2-4.jpg\" alt=\"\" class=\"wp-image-15886\" srcset=\"https:\/\/insideamateurfussball-ffm.de\/wp-content\/uploads\/2024\/01\/west2-4.jpg 899w, https:\/\/insideamateurfussball-ffm.de\/wp-content\/uploads\/2024\/01\/west2-4-300x231.jpg 300w, https:\/\/insideamateurfussball-ffm.de\/wp-content\/uploads\/2024\/01\/west2-4-768x591.jpg 768w\" sizes=\"auto, (max-width: 899px) 100vw, 899px\" \/><\/figure>\n<\/figure>\n<\/div>\n<\/div>\n\n\n\n<div class=\"wp-block-columns is-layout-flex wp-container-core-columns-is-layout-28f84493 wp-block-columns-is-layout-flex\">\n<div class=\"wp-block-column is-layout-flow wp-block-column-is-layout-flow\">\n<figure class=\"wp-block-image size-large is-style-default\"><img loading=\"lazy\" decoding=\"async\" width=\"1024\" height=\"675\" src=\"http:\/\/insideamateurfussball-ffm.de\/wp-content\/uploads\/2024\/01\/west7-5-1024x675.jpg\" alt=\"\" class=\"wp-image-15887\" srcset=\"https:\/\/insideamateurfussball-ffm.de\/wp-content\/uploads\/2024\/01\/west7-5-1024x675.jpg 1024w, https:\/\/insideamateurfussball-ffm.de\/wp-content\/uploads\/2024\/01\/west7-5-300x198.jpg 300w, https:\/\/insideamateurfussball-ffm.de\/wp-content\/uploads\/2024\/01\/west7-5-768x506.jpg 768w, https:\/\/insideamateurfussball-ffm.de\/wp-content\/uploads\/2024\/01\/west7-5.jpg 1050w\" sizes=\"auto, (max-width: 1024px) 100vw, 1024px\" \/><\/figure>\n<\/div>\n\n\n\n<div class=\"wp-block-column is-layout-flow wp-block-column-is-layout-flow\">\n<figure class=\"wp-block-image size-full is-style-default\"><img loading=\"lazy\" decoding=\"async\" width=\"957\" height=\"692\" src=\"http:\/\/insideamateurfussball-ffm.de\/wp-content\/uploads\/2024\/01\/west3-5.jpg\" alt=\"\" class=\"wp-image-15888\" srcset=\"https:\/\/insideamateurfussball-ffm.de\/wp-content\/uploads\/2024\/01\/west3-5.jpg 957w, https:\/\/insideamateurfussball-ffm.de\/wp-content\/uploads\/2024\/01\/west3-5-300x217.jpg 300w, https:\/\/insideamateurfussball-ffm.de\/wp-content\/uploads\/2024\/01\/west3-5-768x555.jpg 768w\" sizes=\"auto, (max-width: 957px) 100vw, 957px\" \/><\/figure>\n<\/div>\n\n\n\n<div class=\"wp-block-column is-layout-flow wp-block-column-is-layout-flow\">\n<figure class=\"wp-block-image size-full is-style-default\"><img loading=\"lazy\" decoding=\"async\" width=\"948\" height=\"692\" src=\"http:\/\/insideamateurfussball-ffm.de\/wp-content\/uploads\/2024\/01\/west8-5.jpg\" alt=\"\" class=\"wp-image-15889\" srcset=\"https:\/\/insideamateurfussball-ffm.de\/wp-content\/uploads\/2024\/01\/west8-5.jpg 948w, https:\/\/insideamateurfussball-ffm.de\/wp-content\/uploads\/2024\/01\/west8-5-300x219.jpg 300w, https:\/\/insideamateurfussball-ffm.de\/wp-content\/uploads\/2024\/01\/west8-5-768x561.jpg 768w\" sizes=\"auto, (max-width: 948px) 100vw, 948px\" \/><\/figure>\n<\/div>\n<\/div>\n\n\n\n<div class=\"wp-block-columns is-layout-flex wp-container-core-columns-is-layout-28f84493 wp-block-columns-is-layout-flex\">\n<div class=\"wp-block-column is-layout-flow wp-block-column-is-layout-flow\">\n<figure class=\"wp-block-image size-full is-style-default\"><img loading=\"lazy\" decoding=\"async\" width=\"917\" height=\"692\" src=\"http:\/\/insideamateurfussball-ffm.de\/wp-content\/uploads\/2024\/01\/west4-6.jpg\" alt=\"\" class=\"wp-image-15890\" srcset=\"https:\/\/insideamateurfussball-ffm.de\/wp-content\/uploads\/2024\/01\/west4-6.jpg 917w, https:\/\/insideamateurfussball-ffm.de\/wp-content\/uploads\/2024\/01\/west4-6-300x226.jpg 300w, https:\/\/insideamateurfussball-ffm.de\/wp-content\/uploads\/2024\/01\/west4-6-768x580.jpg 768w\" sizes=\"auto, (max-width: 917px) 100vw, 917px\" \/><\/figure>\n<\/div>\n\n\n\n<div class=\"wp-block-column is-layout-flow wp-block-column-is-layout-flow\">\n<figure class=\"wp-block-image size-full is-style-default\"><img loading=\"lazy\" decoding=\"async\" width=\"877\" height=\"692\" src=\"http:\/\/insideamateurfussball-ffm.de\/wp-content\/uploads\/2024\/01\/west9-7.jpg\" alt=\"\" class=\"wp-image-15891\" srcset=\"https:\/\/insideamateurfussball-ffm.de\/wp-content\/uploads\/2024\/01\/west9-7.jpg 877w, https:\/\/insideamateurfussball-ffm.de\/wp-content\/uploads\/2024\/01\/west9-7-300x237.jpg 300w, https:\/\/insideamateurfussball-ffm.de\/wp-content\/uploads\/2024\/01\/west9-7-768x606.jpg 768w\" sizes=\"auto, (max-width: 877px) 100vw, 877px\" \/><\/figure>\n<\/div>\n\n\n\n<div class=\"wp-block-column is-layout-flow wp-block-column-is-layout-flow\">\n<figure class=\"wp-block-gallery has-nested-images columns-default is-cropped wp-block-gallery-3 is-layout-flex wp-block-gallery-is-layout-flex\">\n<figure class=\"wp-block-image size-large is-style-default\"><img loading=\"lazy\" decoding=\"async\" width=\"1024\" height=\"768\" data-id=\"15892\" src=\"http:\/\/insideamateurfussball-ffm.de\/wp-content\/uploads\/2024\/01\/west102-1024x768.jpg\" alt=\"\" class=\"wp-image-15892\" srcset=\"https:\/\/insideamateurfussball-ffm.de\/wp-content\/uploads\/2024\/01\/west102-1024x768.jpg 1024w, https:\/\/insideamateurfussball-ffm.de\/wp-content\/uploads\/2024\/01\/west102-300x225.jpg 300w, https:\/\/insideamateurfussball-ffm.de\/wp-content\/uploads\/2024\/01\/west102-768x576.jpg 768w, https:\/\/insideamateurfussball-ffm.de\/wp-content\/uploads\/2024\/01\/west102-1536x1152.jpg 1536w, https:\/\/insideamateurfussball-ffm.de\/wp-content\/uploads\/2024\/01\/west102.jpg 2048w\" sizes=\"auto, (max-width: 1024px) 100vw, 1024px\" \/><\/figure>\n<\/figure>\n<\/div>\n<\/div>\n","protected":false},"excerpt":{"rendered":"<p>Ab dem heutigen Sonntag rollte bereits der Testspielball trotz Minusgraden im Kreis Frankfurt. Dabei pr\u00e4sentierte sich die SG Westend mit neuem Personal in guter Verfassung. Der Tabellenletzte der Kreisoberliga gewann mit 4:1 (4:0) beim B-Ligisten FV Hausen II.\u00a0 FV Hausen II &#8211; SG Westend 1:4 (0:4) Der Hausener Reservetrainer Amine Kamboua, der im zweiten Abschnitt [&hellip;]<\/p>\n","protected":false},"author":1,"featured_media":15883,"comment_status":"open","ping_status":"open","sticky":true,"template":"","format":"standard","meta":{"footnotes":""},"categories":[21],"tags":[],"class_list":["post-15882","post","type-post","status-publish","format-standard","has-post-thumbnail","hentry","category-testspiele"],"_links":{"self":[{"href":"https:\/\/insideamateurfussball-ffm.de\/index.php?rest_route=\/wp\/v2\/posts\/15882","targetHints":{"allow":["GET"]}}],"collection":[{"href":"https:\/\/insideamateurfussball-ffm.de\/index.php?rest_route=\/wp\/v2\/posts"}],"about":[{"href":"https:\/\/insideamateurfussball-ffm.de\/index.php?rest_route=\/wp\/v2\/types\/post"}],"author":[{"embeddable":true,"href":"https:\/\/insideamateurfussball-ffm.de\/index.php?rest_route=\/wp\/v2\/users\/1"}],"replies":[{"embeddable":true,"href":"https:\/\/insideamateurfussball-ffm.de\/index.php?rest_route=%2Fwp%2Fv2%2Fcomments&post=15882"}],"version-history":[{"count":1,"href":"https:\/\/insideamateurfussball-ffm.de\/index.php?rest_route=\/wp\/v2\/posts\/15882\/revisions"}],"predecessor-version":[{"id":15893,"href":"https:\/\/insideamateurfussball-ffm.de\/index.php?rest_route=\/wp\/v2\/posts\/15882\/revisions\/15893"}],"wp:featuredmedia":[{"embeddable":true,"href":"https:\/\/insideamateurfussball-ffm.de\/index.php?rest_route=\/wp\/v2\/media\/15883"}],"wp:attachment":[{"href":"https:\/\/insideamateurfussball-ffm.de\/index.php?rest_route=%2Fwp%2Fv2%2Fmedia&parent=15882"}],"wp:term":[{"taxonomy":"category","embeddable":true,"href":"https:\/\/insideamateurfussball-ffm.de\/index.php?rest_route=%2Fwp%2Fv2%2Fcategories&post=15882"},{"taxonomy":"post_tag","embeddable":true,"href":"https:\/\/insideamateurfussball-ffm.de\/index.php?rest_route=%2Fwp%2Fv2%2Ftags&post=15882"}],"curies":[{"name":"wp","href":"https:\/\/api.w.org\/{rel}","templated":true}]}}