{"id":15876,"date":"2024-01-13T15:37:48","date_gmt":"2024-01-13T13:37:48","guid":{"rendered":"http:\/\/insideamateurfussball-ffm.de\/?p=15876"},"modified":"2024-01-13T16:08:10","modified_gmt":"2024-01-13T14:08:10","slug":"fc-tempo-moechte-weiter-gut-mitmischen","status":"publish","type":"post","link":"https:\/\/insideamateurfussball-ffm.de\/?p=15876","title":{"rendered":"FC Tempo m\u00f6chte weiter gut mitmischen"},"content":{"rendered":"<h4>In unserer Winterserie besch\u00e4ftigen wir uns heute mit dem Gruppenligisten FC Tempo, der als Aufsteiger mit zwei Niederlagen in die Runde startete, sich dann immer besser zurechtfand und mit 9 Siegen, 4 Remis und 7 Niederlagen einen sehr guten Mittelfeldplatz belegt. Die Fragen beantwortete Tempos Sportlicher Leiter Zoran Marcetic.<\/h4>\n<figure id=\"attachment_14311\" aria-describedby=\"caption-attachment-14311\" style=\"width: 300px\" class=\"wp-caption alignnone\"><img loading=\"lazy\" decoding=\"async\" class=\"wp-image-14311 size-medium\" src=\"http:\/\/insideamateurfussball-ffm.de\/wp-content\/uploads\/2023\/10\/tempo04-300x225.jpg\" alt=\"\" width=\"300\" height=\"225\" srcset=\"https:\/\/insideamateurfussball-ffm.de\/wp-content\/uploads\/2023\/10\/tempo04-300x225.jpg 300w, https:\/\/insideamateurfussball-ffm.de\/wp-content\/uploads\/2023\/10\/tempo04-1024x768.jpg 1024w, https:\/\/insideamateurfussball-ffm.de\/wp-content\/uploads\/2023\/10\/tempo04-768x576.jpg 768w, https:\/\/insideamateurfussball-ffm.de\/wp-content\/uploads\/2023\/10\/tempo04-1536x1152.jpg 1536w, https:\/\/insideamateurfussball-ffm.de\/wp-content\/uploads\/2023\/10\/tempo04.jpg 2000w\" sizes=\"auto, (max-width: 300px) 100vw, 300px\" \/><figcaption id=\"caption-attachment-14311\" class=\"wp-caption-text\">Der Aufsteiger FC Tempo konnte als Aufsteiger sehr h\u00e4ufig am Ende jubeln. Foto: FC Tempo<\/figcaption><\/figure>\n<p><img loading=\"lazy\" decoding=\"async\" class=\"alignnone size-full wp-image-31\" src=\"http:\/\/insideamateurfussball-ffm.de\/wp-content\/uploads\/2021\/11\/Tempo.jpg\" alt=\"\" width=\"80\" height=\"80\" \/><\/p>\n<h4>Wie f\u00e4llt die Bewertung des ersten Saisonabschnittes aus (Platz 8, 31 Punkte)?<\/h4>\n<p>Marcetic: &#8222;positiv ist zu vermerken, dass wir in der Lage sind, mit jedem Gegner aus der Liga das Tempo mitzugehen, das in der Gruppenliga deutlich schneller ist wie in der KOL, viele junge Neuzug\u00e4nge konnten wir gut integrieren.&#8220;<\/p>\n<h4>Was soll sich in der restlichen R\u00fcckrunde verbessern?<\/h4>\n<p>Marcetic: &#8222;Konstanz und Chancenverwertung.&#8220;<\/p>\n<h4>Wie lautet das neue Saisonziel?<\/h4>\n<p>Marcetic: &#8222;Einstelliger Tabellenplatz.&#8220;<\/p>\n<h4>Gibt es Ver\u00e4nderungen im Kader? Welche Zug\u00e4nge und Ang\u00e4nge stehen schon fest?<\/h4>\n<p>Marcetic: &#8220; &#8222;Wir haben vier neue Spieler, mit deren abgebenden Vereinen noch Verhandlungen bez\u00fcglich der Freigabe anstehen. Danach geben wir die Namen bekannt.&#8220;<\/p>\n<figure id=\"attachment_12554\" aria-describedby=\"caption-attachment-12554\" style=\"width: 300px\" class=\"wp-caption alignnone\"><img loading=\"lazy\" decoding=\"async\" class=\"wp-image-12554 size-medium\" src=\"http:\/\/insideamateurfussball-ffm.de\/wp-content\/uploads\/2023\/09\/DSC_2673-300x225.jpg\" alt=\"\" width=\"300\" height=\"225\" srcset=\"https:\/\/insideamateurfussball-ffm.de\/wp-content\/uploads\/2023\/09\/DSC_2673-300x225.jpg 300w, https:\/\/insideamateurfussball-ffm.de\/wp-content\/uploads\/2023\/09\/DSC_2673-1024x768.jpg 1024w, https:\/\/insideamateurfussball-ffm.de\/wp-content\/uploads\/2023\/09\/DSC_2673-768x576.jpg 768w, https:\/\/insideamateurfussball-ffm.de\/wp-content\/uploads\/2023\/09\/DSC_2673-1536x1152.jpg 1536w, https:\/\/insideamateurfussball-ffm.de\/wp-content\/uploads\/2023\/09\/DSC_2673.jpg 2048w\" sizes=\"auto, (max-width: 300px) 100vw, 300px\" \/><figcaption id=\"caption-attachment-12554\" class=\"wp-caption-text\">Natanael Batista Pereira (Nummer 20) ist mit 9 Toren Tempos bester Torj\u00e4ger. Foto: Archiv J\u00f6rg Schulz.<\/figcaption><\/figure>\n<h4>Welche Testspiele wurden vereinbart?<\/h4>\n<p>21.01. 15 Uhr beim 1.R\u00f6delheimer FC 02<\/p>\n<p>26.01. 19:30 Uhr beim SV Viktoria Preu\u00dfen<\/p>\n<p>28.01. 15:30 Uhr beim FFV Sportfreunde 04<\/p>\n<p>04.02. 15 Uhr gegen SV Pars Neu-Isenburg<\/p>\n<p>11.02. 15 Uhr gegen SG 01 H\u00f6chst<\/p>\n<p>13.02. 20 Uhr bei SG Harheim (Kreispokal)<\/p>\n<p>15.02. 19:30 Uhr gegen SV Hummetroth<\/p>\n","protected":false},"excerpt":{"rendered":"<p>In unserer Winterserie besch\u00e4ftigen wir uns heute mit dem Gruppenligisten FC Tempo, der als Aufsteiger mit zwei Niederlagen in die Runde startete, sich dann immer besser zurechtfand und mit 9 Siegen, 4 Remis und 7 Niederlagen einen sehr guten Mittelfeldplatz belegt. Die Fragen beantwortete Tempos Sportlicher Leiter Zoran Marcetic. Wie f\u00e4llt die Bewertung des ersten [&hellip;]<\/p>\n","protected":false},"author":3,"featured_media":14311,"comment_status":"open","ping_status":"open","sticky":true,"template":"","format":"standard","meta":{"footnotes":""},"categories":[13],"tags":[],"class_list":["post-15876","post","type-post","status-publish","format-standard","has-post-thumbnail","hentry","category-gruppenliga-frankfurt-west"],"_links":{"self":[{"href":"https:\/\/insideamateurfussball-ffm.de\/index.php?rest_route=\/wp\/v2\/posts\/15876","targetHints":{"allow":["GET"]}}],"collection":[{"href":"https:\/\/insideamateurfussball-ffm.de\/index.php?rest_route=\/wp\/v2\/posts"}],"about":[{"href":"https:\/\/insideamateurfussball-ffm.de\/index.php?rest_route=\/wp\/v2\/types\/post"}],"author":[{"embeddable":true,"href":"https:\/\/insideamateurfussball-ffm.de\/index.php?rest_route=\/wp\/v2\/users\/3"}],"replies":[{"embeddable":true,"href":"https:\/\/insideamateurfussball-ffm.de\/index.php?rest_route=%2Fwp%2Fv2%2Fcomments&post=15876"}],"version-history":[{"count":5,"href":"https:\/\/insideamateurfussball-ffm.de\/index.php?rest_route=\/wp\/v2\/posts\/15876\/revisions"}],"predecessor-version":[{"id":15969,"href":"https:\/\/insideamateurfussball-ffm.de\/index.php?rest_route=\/wp\/v2\/posts\/15876\/revisions\/15969"}],"wp:featuredmedia":[{"embeddable":true,"href":"https:\/\/insideamateurfussball-ffm.de\/index.php?rest_route=\/wp\/v2\/media\/14311"}],"wp:attachment":[{"href":"https:\/\/insideamateurfussball-ffm.de\/index.php?rest_route=%2Fwp%2Fv2%2Fmedia&parent=15876"}],"wp:term":[{"taxonomy":"category","embeddable":true,"href":"https:\/\/insideamateurfussball-ffm.de\/index.php?rest_route=%2Fwp%2Fv2%2Fcategories&post=15876"},{"taxonomy":"post_tag","embeddable":true,"href":"https:\/\/insideamateurfussball-ffm.de\/index.php?rest_route=%2Fwp%2Fv2%2Ftags&post=15876"}],"curies":[{"name":"wp","href":"https:\/\/api.w.org\/{rel}","templated":true}]}}