{"id":15854,"date":"2024-01-10T15:37:25","date_gmt":"2024-01-10T13:37:25","guid":{"rendered":"http:\/\/insideamateurfussball-ffm.de\/?p=15854"},"modified":"2025-01-31T16:33:38","modified_gmt":"2025-01-31T15:33:38","slug":"seckbachs-oberstes-ziel-ist-der-klassenerhalt","status":"publish","type":"post","link":"https:\/\/insideamateurfussball-ffm.de\/?p=15854","title":{"rendered":"Seckbachs oberstes Ziel ist der Klassenerhalt"},"content":{"rendered":"<h4>Unser n\u00e4chster Verein unserer Winterserie kommt ebenfalls aus der Gruppenliga. Die FG 02 Seckbach hat in den letzten Wochen vor der Winterpause gute Ergebnisse erzielt und sich erst einmal in das &#8222;sichere&#8220; Mittelfeld vorgespielt. Die Fragen beantwortete uns der Spielertrainer Manuel May.<\/h4>\n<figure id=\"attachment_15242\" aria-describedby=\"caption-attachment-15242\" style=\"width: 300px\" class=\"wp-caption alignnone\"><img loading=\"lazy\" decoding=\"async\" class=\"wp-image-15242 size-medium\" src=\"http:\/\/insideamateurfussball-ffm.de\/wp-content\/uploads\/2023\/11\/seckbachbeienheim01-300x225.jpg\" alt=\"\" width=\"300\" height=\"225\" srcset=\"https:\/\/insideamateurfussball-ffm.de\/wp-content\/uploads\/2023\/11\/seckbachbeienheim01-300x225.jpg 300w, https:\/\/insideamateurfussball-ffm.de\/wp-content\/uploads\/2023\/11\/seckbachbeienheim01-768x576.jpg 768w, https:\/\/insideamateurfussball-ffm.de\/wp-content\/uploads\/2023\/11\/seckbachbeienheim01.jpg 1024w\" sizes=\"auto, (max-width: 300px) 100vw, 300px\" \/><figcaption id=\"caption-attachment-15242\" class=\"wp-caption-text\">So wie hier nach dem Spiel gegen SKV Beienheim m\u00f6chte Seckbach des \u00d6fteren jubeln. Foto: FG Seckbach.<\/figcaption><\/figure>\n<p><img loading=\"lazy\" decoding=\"async\" class=\"alignnone size-full wp-image-544\" src=\"http:\/\/insideamateurfussball-ffm.de\/wp-content\/uploads\/2022\/06\/Seckbach.jpg\" alt=\"\" width=\"80\" height=\"80\" \/><\/p>\n<h4>Wie f\u00e4llt die Bewertung des ersten Saisonabschnittes aus (10. Platz, 30 Punkte)?<\/h4>\n<p>May: \u201eWir wollten von Anfang an nichts mit dem Abstieg zu tun haben, das ist uns leider nicht gelungen. Wir sind wieder etwas schleppend in die Saison gekommen und waren dann nun mal auch im Abstiegskampf, bzw. sind da auch noch, man wei\u00df ja nie, wie viele da ja noch absteigen werden. Das wollten wir zur Vorsaison eigentlich besser machen, haben wir aber nicht hingekriegt, vielleicht auch ein bisschen geschuldet durch die vielen jungen Neuzug\u00e4nge, die wir bekommen haben. Das hat alles noch nicht so gefruchtet, man muss auch sagen dass die letzten 7-8 Wochen dann einfach richtig ordentlich von uns waren, wo wir richtig gute Spiele gemacht haben und wir auch Mannschaften geschlagen haben, die von ganz oben kamen, was uns auch vorher nicht gelungen ist. F\u00fcr uns war wichtig, dass wir sehen, wir k\u00f6nnen es, dass wir sehen, wir k\u00f6nnen auch jeden schlagen in der Liga, deswegen sind wir auch mit einem sehr positiven Gef\u00fchl in die Winterpause gegangen.\u201c<\/p>\n<h4>Was soll sich in der restlichen R\u00fcckrunde verbessern?<\/h4>\n<p>Keine explizite Antwort<\/p>\n<h4>Wie lautet das neue Saisonziel?<\/h4>\n<p>May: \u201eDas oberste Ziel ist, erst einmal den Klassenerhalt zu sichern, aber sich dann auch weiter einzuspielen, und da wieder so in einen Rausch kommen, so wir es die letzten 6 bis 8 Wochen dann auch hatten. Deswegen w\u00e4re es sch\u00f6n, wenn man da ankn\u00fcpfen k\u00f6nnte, und das hoffe ich, dass wir eine gute Vorbereitung machen, verletzungsfrei bleiben und dann den einen oder anderen noch \u00e4rgern k\u00f6nnen, nachdem wir dann auch rechnerisch den Klassenerhalt klargemacht haben. Und dann einfach gucken, jeder Tabellenplatz, den wir weiter nach oben kommen, w\u00e4re was Sch\u00f6nes, aber so ein richtiges Ziel bis auf den Klassenerhalt gibt es da nicht.\u201c<\/p>\n<h4>Gibt es Ver\u00e4nderungen im Kader? Welche Zug\u00e4nge und Abg\u00e4nge stehen fest?<\/h4>\n<p>May: \u201eMatteo Streiter, damals von Makkabi gekommen, war jetzt ein halbes Jahr auf Bali gewesen und hat dort ein Auslandssemester gemacht. Er hat sich jetzt entschieden, sich einem anderen Verein anzuschlie\u00dfen und wird wohl nach Karben gehen. Armin Denck, der die letzte Zeit nicht mehr bei uns gespielt hat, hat sich auch entschieden, sich im Winter was anderes zu suchen und wird zum SV Gronau wechseln. Das sind die zwei Abg\u00e4nge, und Neuzug\u00e4nge wird es wahrscheinlich nicht geben.\u201c<\/p>\n<figure id=\"attachment_10356\" aria-describedby=\"caption-attachment-10356\" style=\"width: 300px\" class=\"wp-caption alignnone\"><img loading=\"lazy\" decoding=\"async\" class=\"wp-image-10356 size-medium\" src=\"http:\/\/insideamateurfussball-ffm.de\/wp-content\/uploads\/2023\/07\/FS5-300x227.jpg\" alt=\"\" width=\"300\" height=\"227\" srcset=\"https:\/\/insideamateurfussball-ffm.de\/wp-content\/uploads\/2023\/07\/FS5-300x227.jpg 300w, https:\/\/insideamateurfussball-ffm.de\/wp-content\/uploads\/2023\/07\/FS5-1024x776.jpg 1024w, https:\/\/insideamateurfussball-ffm.de\/wp-content\/uploads\/2023\/07\/FS5-768x582.jpg 768w, https:\/\/insideamateurfussball-ffm.de\/wp-content\/uploads\/2023\/07\/FS5.jpg 1064w\" sizes=\"auto, (max-width: 300px) 100vw, 300px\" \/><figcaption id=\"caption-attachment-10356\" class=\"wp-caption-text\">Florian Schuberth, im Sommer aus der KOL nach Seckbach gewechselt, zeigt mit bisher 20 Toren seine Torj\u00e4gerqualit\u00e4ten auch in der Gruppenliga. Foto: Archiv Seckbach<\/figcaption><\/figure>\n<h4>Welche Testspiele wurden vereinbart?<\/h4>\n<p>21.01. 14:30 Uhr gegen OSC Rosenh\u00f6he<\/p>\n<p>27.01 15 Uhr gegen SG 1946 Sandbach<\/p>\n<p>04.02. 15 Uhr gegen SG Westerfeld<\/p>\n<p>15.02. 20 Uhr gegen 1.FC 04 Oberursel<\/p>\n","protected":false},"excerpt":{"rendered":"<p>Unser n\u00e4chster Verein unserer Winterserie kommt ebenfalls aus der Gruppenliga. Die FG 02 Seckbach hat in den letzten Wochen vor der Winterpause gute Ergebnisse erzielt und sich erst einmal in das &#8222;sichere&#8220; Mittelfeld vorgespielt. Die Fragen beantwortete uns der Spielertrainer Manuel May. Wie f\u00e4llt die Bewertung des ersten Saisonabschnittes aus (10. Platz, 30 Punkte)? May: [&hellip;]<\/p>\n","protected":false},"author":3,"featured_media":15242,"comment_status":"open","ping_status":"open","sticky":false,"template":"","format":"standard","meta":{"footnotes":""},"categories":[13],"tags":[],"class_list":["post-15854","post","type-post","status-publish","format-standard","has-post-thumbnail","hentry","category-gruppenliga-frankfurt-west"],"_links":{"self":[{"href":"https:\/\/insideamateurfussball-ffm.de\/index.php?rest_route=\/wp\/v2\/posts\/15854","targetHints":{"allow":["GET"]}}],"collection":[{"href":"https:\/\/insideamateurfussball-ffm.de\/index.php?rest_route=\/wp\/v2\/posts"}],"about":[{"href":"https:\/\/insideamateurfussball-ffm.de\/index.php?rest_route=\/wp\/v2\/types\/post"}],"author":[{"embeddable":true,"href":"https:\/\/insideamateurfussball-ffm.de\/index.php?rest_route=\/wp\/v2\/users\/3"}],"replies":[{"embeddable":true,"href":"https:\/\/insideamateurfussball-ffm.de\/index.php?rest_route=%2Fwp%2Fv2%2Fcomments&post=15854"}],"version-history":[{"count":5,"href":"https:\/\/insideamateurfussball-ffm.de\/index.php?rest_route=\/wp\/v2\/posts\/15854\/revisions"}],"predecessor-version":[{"id":15870,"href":"https:\/\/insideamateurfussball-ffm.de\/index.php?rest_route=\/wp\/v2\/posts\/15854\/revisions\/15870"}],"wp:featuredmedia":[{"embeddable":true,"href":"https:\/\/insideamateurfussball-ffm.de\/index.php?rest_route=\/wp\/v2\/media\/15242"}],"wp:attachment":[{"href":"https:\/\/insideamateurfussball-ffm.de\/index.php?rest_route=%2Fwp%2Fv2%2Fmedia&parent=15854"}],"wp:term":[{"taxonomy":"category","embeddable":true,"href":"https:\/\/insideamateurfussball-ffm.de\/index.php?rest_route=%2Fwp%2Fv2%2Fcategories&post=15854"},{"taxonomy":"post_tag","embeddable":true,"href":"https:\/\/insideamateurfussball-ffm.de\/index.php?rest_route=%2Fwp%2Fv2%2Ftags&post=15854"}],"curies":[{"name":"wp","href":"https:\/\/api.w.org\/{rel}","templated":true}]}}