{"id":15836,"date":"2024-01-08T23:25:05","date_gmt":"2024-01-08T21:25:05","guid":{"rendered":"http:\/\/insideamateurfussball-ffm.de\/?p=15836"},"modified":"2025-01-31T16:34:00","modified_gmt":"2025-01-31T15:34:00","slug":"preussen-kann-der-grosse-wurf-gelingen","status":"publish","type":"post","link":"https:\/\/insideamateurfussball-ffm.de\/?p=15836","title":{"rendered":"Preu\u00dfen kann der gro\u00dfe Wurf gelingen"},"content":{"rendered":"<h4>Wir beginnen mit unserer Serie in der Winterpause und haben dazu den Vereinsvertretern f\u00fcnf Fragen gestellt. F\u00fcr den Tabellenf\u00fchrer der Kreisoberliga Frankfurt SV Viktoria Preu\u00dfen, der zehn Jahre nach dem Abstieg die R\u00fcckkehr in die Gruppenliga Frankfurt West schaffen k\u00f6nnte, hat Trainer Artur Rissling uns seine Antworten geschickt.<\/h4>\n<figure id=\"attachment_15837\" aria-describedby=\"caption-attachment-15837\" style=\"width: 309px\" class=\"wp-caption alignnone\"><img loading=\"lazy\" decoding=\"async\" class=\"wp-image-15837\" src=\"http:\/\/insideamateurfussball-ffm.de\/wp-content\/uploads\/2024\/01\/pr15-4-300x225.jpg\" alt=\"\" width=\"309\" height=\"232\" srcset=\"https:\/\/insideamateurfussball-ffm.de\/wp-content\/uploads\/2024\/01\/pr15-4-300x225.jpg 300w, https:\/\/insideamateurfussball-ffm.de\/wp-content\/uploads\/2024\/01\/pr15-4-768x576.jpg 768w, https:\/\/insideamateurfussball-ffm.de\/wp-content\/uploads\/2024\/01\/pr15-4.jpg 998w\" sizes=\"auto, (max-width: 309px) 100vw, 309px\" \/><figcaption id=\"caption-attachment-15837\" class=\"wp-caption-text\">Torj\u00e4ger Cherano (links) und Kapit\u00e4n Antonie Willef\u00fchr sind ma\u00dfgeblich am H\u00f6henflug von Viktoria Preu\u00dfen beteiligt. Foto: Archiv Mithat G\u00fcrser.<\/figcaption><\/figure>\n<p><img loading=\"lazy\" decoding=\"async\" class=\"alignnone size-full wp-image-12\" src=\"http:\/\/insideamateurfussball-ffm.de\/wp-content\/uploads\/2021\/11\/preussen.jpg\" alt=\"\" width=\"72\" height=\"80\" \/><\/p>\n<h4>Wie f\u00e4llt die Bewertung des ersten Saisonabschnittes aus (Platz 1, 48 Punkte)?<\/h4>\n<div>Rissling: &#8222;<span style=\"color: initial;\">Einfach nur Top. Nach 20 Spielen auf Platz 1 zu stehen ist in dieser schwierigen Liga nicht selbstverst\u00e4ndlich. Wir mussten viel investieren und bis auf das Spiel gegen Griesheim Tarik (1:3, Anmerkung der Redaktion) ist es uns sehr gut gelungen. <\/span><span style=\"color: initial;\">Nat\u00fcrlich hatten wir auch mal Gl\u00fcck in einigen Spielen, haben es uns aber erarbeitet. Die Mannschaft glaubt immer an sich und gibt bis zum Schluss nicht auf!<\/span><\/div>\n<h4>Was soll sich in der restlichen R\u00fcckrunde verbessern?<\/h4>\n<p>Rissling: &#8222;Ich hoffe, dass wir so weiter machen und immer hungrig bleiben. Die Trainingsbeteiligung ist top und nun gilt es eine gute Vorbereitung zu absolvieren (inklusive vier Freundschaftsspielen gegen Gruppenliga-Mannschaften) und dann schauen wir mal was rauskommt. Wir wollen nat\u00fcrlich versuchen bis zum Ende oben dabei zu bleiben, wissen aber auch dass alles passen muss. Wir haben eine junge Mannschaft, aber wir wachsen von Spiel zu Spiel. Nicht nachlassen &#8211; das ist meine Botschaft. Wenn wir denken, wir sind Tabellenf\u00fchrer und k\u00f6nnen einen Gang herunterschalten, dann geht es bergab! Also geht es darum die restlichen 12 Spiele noch besser zu gestalten und dann haben wir eine gute M\u00f6glichkeit etwas richtig Sch\u00f6nes zu erleben.&#8220;<\/p>\n<h4>Wie lautet das neue Saisonziel?<\/h4>\n<p>Rissling: &#8222;Saisonziel vor der Saison war unter die ersten 5-6 zu kommen. Ich denke wir fahren gut damit es dabei zu belassen und weiterhin von Spiel zu Spiel zu denken. Ich hatte vor der Saison gesagt, es gibt keinen Topfavoriten und bleibe dabei, auch wenn wir Erster sind. Ich denke jede Mannschaft, die nach 20 Spielen oben dabei ist, hat es verdient und hat die Chance auf den gro\u00dfen Wurf.&#8220;<\/p>\n<h4>Gibt es Ver\u00e4nderungen im Kader bzw. stehen schon Zug\u00e4nge oder Abg\u00e4nge fest?<\/h4>\n<div>Rissling: &#8222;Wir haben erneut einen jungen Perspektivspieler gewinnen k\u00f6nnen: Suorru Bawa-Darru. Er kommt aus der A-Jugend von der Spvgg. 03 Neu Isenburg (Verbandsliga). Das bleibt unsere Ausrichtung: junge Spieler entwickeln. Mit zwei Spielern sind wir noch in Gespr\u00e4chen.<\/div>\n<div><\/div>\n<div><\/div>\n<div>\n<figure id=\"attachment_15838\" aria-describedby=\"caption-attachment-15838\" style=\"width: 310px\" class=\"wp-caption alignnone\"><img loading=\"lazy\" decoding=\"async\" class=\"wp-image-15838\" src=\"http:\/\/insideamateurfussball-ffm.de\/wp-content\/uploads\/2024\/01\/pr9-2-300x210.jpg\" alt=\"\" width=\"310\" height=\"217\" srcset=\"https:\/\/insideamateurfussball-ffm.de\/wp-content\/uploads\/2024\/01\/pr9-2-300x210.jpg 300w, https:\/\/insideamateurfussball-ffm.de\/wp-content\/uploads\/2024\/01\/pr9-2-768x538.jpg 768w, https:\/\/insideamateurfussball-ffm.de\/wp-content\/uploads\/2024\/01\/pr9-2.jpg 987w\" sizes=\"auto, (max-width: 310px) 100vw, 310px\" \/><figcaption id=\"caption-attachment-15838\" class=\"wp-caption-text\">Preu\u00dfen-Trainer Artur Rissling f\u00fchrte sein Team auf Rang eins. Foto: Archiv Mithat G\u00fcrser.<\/figcaption><\/figure>\n<\/div>\n<h4>Welche Testspiele wurden vereinbart?<\/h4>\n<p>21.1. 15.30 Uhr beim FC Kalbach<\/p>\n<p>26.1. 19.30 Uhr gegen FC Tempo<\/p>\n<p>3.2. 16 Uhr gegen 1. FC 09 Oberstedten<\/p>\n<p>11.2. 15 Uhr gegen FC Neu-Anspach<\/p>\n<div><\/div>\n<h4><\/h4>\n<h4><\/h4>\n","protected":false},"excerpt":{"rendered":"<p>Wir beginnen mit unserer Serie in der Winterpause und haben dazu den Vereinsvertretern f\u00fcnf Fragen gestellt. F\u00fcr den Tabellenf\u00fchrer der Kreisoberliga Frankfurt SV Viktoria Preu\u00dfen, der zehn Jahre nach dem Abstieg die R\u00fcckkehr in die Gruppenliga Frankfurt West schaffen k\u00f6nnte, hat Trainer Artur Rissling uns seine Antworten geschickt. Wie f\u00e4llt die Bewertung des ersten Saisonabschnittes [&hellip;]<\/p>\n","protected":false},"author":1,"featured_media":15837,"comment_status":"open","ping_status":"open","sticky":false,"template":"","format":"standard","meta":{"footnotes":""},"categories":[2],"tags":[],"class_list":["post-15836","post","type-post","status-publish","format-standard","has-post-thumbnail","hentry","category-kreisoberliga-frankfurt"],"_links":{"self":[{"href":"https:\/\/insideamateurfussball-ffm.de\/index.php?rest_route=\/wp\/v2\/posts\/15836","targetHints":{"allow":["GET"]}}],"collection":[{"href":"https:\/\/insideamateurfussball-ffm.de\/index.php?rest_route=\/wp\/v2\/posts"}],"about":[{"href":"https:\/\/insideamateurfussball-ffm.de\/index.php?rest_route=\/wp\/v2\/types\/post"}],"author":[{"embeddable":true,"href":"https:\/\/insideamateurfussball-ffm.de\/index.php?rest_route=\/wp\/v2\/users\/1"}],"replies":[{"embeddable":true,"href":"https:\/\/insideamateurfussball-ffm.de\/index.php?rest_route=%2Fwp%2Fv2%2Fcomments&post=15836"}],"version-history":[{"count":5,"href":"https:\/\/insideamateurfussball-ffm.de\/index.php?rest_route=\/wp\/v2\/posts\/15836\/revisions"}],"predecessor-version":[{"id":15843,"href":"https:\/\/insideamateurfussball-ffm.de\/index.php?rest_route=\/wp\/v2\/posts\/15836\/revisions\/15843"}],"wp:featuredmedia":[{"embeddable":true,"href":"https:\/\/insideamateurfussball-ffm.de\/index.php?rest_route=\/wp\/v2\/media\/15837"}],"wp:attachment":[{"href":"https:\/\/insideamateurfussball-ffm.de\/index.php?rest_route=%2Fwp%2Fv2%2Fmedia&parent=15836"}],"wp:term":[{"taxonomy":"category","embeddable":true,"href":"https:\/\/insideamateurfussball-ffm.de\/index.php?rest_route=%2Fwp%2Fv2%2Fcategories&post=15836"},{"taxonomy":"post_tag","embeddable":true,"href":"https:\/\/insideamateurfussball-ffm.de\/index.php?rest_route=%2Fwp%2Fv2%2Ftags&post=15836"}],"curies":[{"name":"wp","href":"https:\/\/api.w.org\/{rel}","templated":true}]}}