{"id":1571,"date":"2022-07-22T17:58:46","date_gmt":"2022-07-22T17:58:46","guid":{"rendered":"http:\/\/insideamateurfussball-ffm.de\/?p=1571"},"modified":"2025-01-07T15:17:11","modified_gmt":"2025-01-07T14:17:11","slug":"tiryaki-gastspiel-beim-91-gegen-kalbach","status":"publish","type":"post","link":"https:\/\/insideamateurfussball-ffm.de\/?p=1571","title":{"rendered":"Tiryaki-Gastspiel beim 9:1 gegen Kalbach"},"content":{"rendered":"<h5>Der 9:1-Testspielsieg von Verbandsligist Rot-Weiss Frankfurt gegen Gruppenliga-Aufsteiger FC Kalbach stand im Zeichen des Einsatzes von Murat Tiryaki im roten Trikot. Der St\u00fcrmer des TSKV T\u00fcrkg\u00fcc\u00fc wirkte mit einer Gastspielgenehmigung eine Halbzeit lang im Team von Trainer Jonel Goncalves mit. Da ging fast unter, dass mit Ayoub Lahchaychi vom Ligakonkurrenten FV Bad Vilbel auch noch ein anderer Spieler vorspielte.\u00a0<\/h5>\n<p>\u00a0<\/p>\n<figure id=\"attachment_1572\" aria-describedby=\"caption-attachment-1572\" style=\"width: 300px\" class=\"wp-caption alignnone\"><img loading=\"lazy\" decoding=\"async\" class=\"wp-image-1572 size-medium\" src=\"http:\/\/insideamateurfussball-ffm.de\/wp-content\/uploads\/2022\/07\/kal5-1-300x216.jpg\" alt=\"\" width=\"300\" height=\"216\" \/><figcaption id=\"caption-attachment-1572\" class=\"wp-caption-text\">Der Kalbacher Oliver Pauls stoppt den Ball mit der Brust vor dem anst\u00fcrmendem &#8222;Roten&#8220; Mario Shuteriqi. Foto: Mithat G\u00fcrser.<\/figcaption><\/figure>\n<h5>Rot-Weiss Frankfurt &#8211; FC Kalbach 9:1 (4:1)<\/h5>\n<p><img loading=\"lazy\" decoding=\"async\" class=\"alignnone size-full wp-image-120\" src=\"http:\/\/insideamateurfussball-ffm.de\/wp-content\/uploads\/2022\/05\/rot-weiss.png\" alt=\"\" width=\"80\" height=\"70\" \/><img loading=\"lazy\" decoding=\"async\" class=\"alignnone size-full wp-image-16\" src=\"http:\/\/insideamateurfussball-ffm.de\/wp-content\/uploads\/2021\/11\/kalbach-wappen.jpg\" alt=\"\" width=\"80\" height=\"80\" \/><\/p>\n<p>W\u00e4hrend Lahchaychi zwei Treffer gelangen, blieb Tiryaki bei seinem merkw\u00fcrdigem Auftritt im zweiten Abschnitt ohne Torerfolg. F\u00fcr den Kreisoberliga-Spieler war der omin\u00f6se Einsatz ein Freundschaftsdienst f\u00fcr seinen Jugendfreund Jonel Goncalves: &#8222;Ihm sind die St\u00fcrmer ausgegangen und da hat er mich gebeten, auszuhelfen. Er wollte mir eine Freude machen und ich habe gerne ausgeholfen. Ich bedanke mich bei meinem Verein T\u00fcrkg\u00fcc\u00fc f\u00fcr die Gastspielgenehmigung und bei der Sportlichen Leitung und der Mannschaft von Rot-Weiss, dass sie mich so toll aufgenommen haben.&#8220;<\/p>\n<p>Unorthodox lie\u00df man Tiryaki au\u00dfer der Reihe mitspielen, das ganze wirkte auf den Betrachter dann doch etwas kurios. Denn dem Vernehmen nach ist nicht geplant, Tiryaki unter Vertrag zu nehmen, obwohl der Angreifer seine komplette Jugendzeit am Brentanobad verbrachte, also eine Rot-Weiss-Vergangenheit besitzt.<\/p>\n<blockquote>\n<p>&#8222;Der kleine Platz ist eigentlich nicht f\u00fcr Seniorenspiele geeignet&#8220; (Kalbachs Sportlicher Leiter Manfred Meyer).<\/p>\n<\/blockquote>\n<p>Da w\u00fcrde schon eher die Verpflichtung Lahchaychis eine Option darstellen, da mit Filip Cirpaci und Mario Shuteriqi schon zwei Ex-Vilbeler bei den Frankfurtern spielen. Die Begegnung verlief dann auf dem kleinen Kunstrasen vollkommen einseitig, da die G\u00e4ste extrem vom Verletzungspech betroffen waren und auch noch auf Torj\u00e4ger Achraf Gara Ali verzichten mussten. &#8222;Die Personallage war katastrophal und der kleine Platz ist eigentlich nicht f\u00fcr Seniorenspiele geeignet&#8220;, stellte Manfred Meyer klar, der Sportliche Leiter der Kalbacher.<\/p>\n<p>Die 4:0-F\u00fchrung der Gastgeber nach 30 Minuten trug wesentlich dazu bei, dass bei Kalbach die K\u00f6pfe nach unten gingen. Auch nach dem Seitenwechsel war Rot-Weiss spielfreudiger und markierte ab Mitte der 2. Halbzeit Tore im Minutentakt. Unterdessen wurde das letzte geplante Testspiel der Roten gegen den Mitte-Verbandsligisten SV Niedernhausen am Sonntag von Seiten der Gastgeber abgesagt.\u00a0\u00a0<\/p>\n<h5>Schiedsrichter: Georgios Gouziotis (FFV Sportfreunde). Zuschauer: 70.<\/h5>\n<h5>Tore: 1:0, 2:0 Mbaka Emanuel Lodama (2.\/6.), 3:0 Fabian Lanthaler (18.\/Eigentor), 4:0 Kani Yildirimoglu (30.), 4:1 Mass Barrow (45.), 5:1 Mario Shuteriqi (68.), 6:1, 7:1 Ayoub Lahchaychi (72.\/76.), 8:1 Oliver Rukic (78.), 9:1 Luka Cabraja (84.).\u00a0<\/h5>\n<p>\u00a0<\/p>\n\n\n<figure class=\"wp-block-gallery has-nested-images columns-default is-cropped wp-block-gallery-1 is-layout-flex wp-block-gallery-is-layout-flex\">\n<figure class=\"wp-block-image size-large is-style-default\"><img decoding=\"async\" data-id=\"1573\" src=\"http:\/\/insideamateurfussball-ffm.de\/wp-content\/uploads\/2022\/07\/kal10-1-1.jpg\" alt=\"\" class=\"wp-image-1573\"\/><figcaption>Gastspieler Murat Tiryaki am Ball. Foto: Mithat G\u00fcrser.<\/figcaption><\/figure>\n<\/figure>\n\n\n\n<div class=\"wp-block-columns is-layout-flex wp-container-core-columns-is-layout-28f84493 wp-block-columns-is-layout-flex\">\n<div class=\"wp-block-column is-layout-flow wp-block-column-is-layout-flow\">\n<figure class=\"wp-block-image size-full is-style-default\"><img decoding=\"async\" src=\"http:\/\/insideamateurfussball-ffm.de\/wp-content\/uploads\/2022\/07\/kal2-1-1.jpg\" alt=\"\" class=\"wp-image-1575\"\/><\/figure>\n<\/div>\n\n\n\n<div class=\"wp-block-column is-layout-flow wp-block-column-is-layout-flow\">\n<figure class=\"wp-block-image size-full is-style-default\"><img decoding=\"async\" src=\"http:\/\/insideamateurfussball-ffm.de\/wp-content\/uploads\/2022\/07\/kal7-1.jpg\" alt=\"\" class=\"wp-image-1576\"\/><\/figure>\n<\/div>\n\n\n\n<div class=\"wp-block-column is-layout-flow wp-block-column-is-layout-flow\">\n<figure class=\"wp-block-image size-full is-style-default\"><img decoding=\"async\" src=\"http:\/\/insideamateurfussball-ffm.de\/wp-content\/uploads\/2022\/07\/kal12-1.jpg\" alt=\"\" class=\"wp-image-1577\"\/><\/figure>\n<\/div>\n<\/div>\n\n\n\n<div class=\"wp-block-columns is-layout-flex wp-container-core-columns-is-layout-28f84493 wp-block-columns-is-layout-flex\">\n<div class=\"wp-block-column is-layout-flow wp-block-column-is-layout-flow\">\n<figure class=\"wp-block-image size-full is-style-default\"><img decoding=\"async\" src=\"http:\/\/insideamateurfussball-ffm.de\/wp-content\/uploads\/2022\/07\/kal4-1.jpg\" alt=\"\" class=\"wp-image-1578\"\/><\/figure>\n<\/div>\n\n\n\n<div class=\"wp-block-column is-layout-flow wp-block-column-is-layout-flow\">\n<figure class=\"wp-block-image size-full is-style-default\"><img decoding=\"async\" src=\"http:\/\/insideamateurfussball-ffm.de\/wp-content\/uploads\/2022\/07\/kal9-1.jpg\" alt=\"\" class=\"wp-image-1579\"\/><\/figure>\n<\/div>\n\n\n\n<div class=\"wp-block-column is-layout-flow wp-block-column-is-layout-flow\">\n<figure class=\"wp-block-image size-full is-style-default\"><img decoding=\"async\" src=\"http:\/\/insideamateurfussball-ffm.de\/wp-content\/uploads\/2022\/07\/kal1-1.jpg\" alt=\"\" class=\"wp-image-1580\"\/><\/figure>\n<\/div>\n<\/div>\n\n\n\n<div class=\"wp-block-columns is-layout-flex wp-container-core-columns-is-layout-28f84493 wp-block-columns-is-layout-flex\">\n<div class=\"wp-block-column is-layout-flow wp-block-column-is-layout-flow\">\n<figure class=\"wp-block-image size-full is-style-default\"><img decoding=\"async\" src=\"http:\/\/insideamateurfussball-ffm.de\/wp-content\/uploads\/2022\/07\/kal6-1.jpg\" alt=\"\" class=\"wp-image-1581\"\/><\/figure>\n<\/div>\n\n\n\n<div class=\"wp-block-column is-layout-flow wp-block-column-is-layout-flow\">\n<figure class=\"wp-block-image size-full is-style-default\"><img decoding=\"async\" src=\"http:\/\/insideamateurfussball-ffm.de\/wp-content\/uploads\/2022\/07\/kal11-1.jpg\" alt=\"\" class=\"wp-image-1582\"\/><\/figure>\n<\/div>\n\n\n\n<div class=\"wp-block-column is-layout-flow wp-block-column-is-layout-flow\">\n<div class=\"wp-block-columns is-layout-flex wp-container-core-columns-is-layout-28f84493 wp-block-columns-is-layout-flex\">\n<div class=\"wp-block-column is-layout-flow wp-block-column-is-layout-flow\">\n<figure class=\"wp-block-image size-full is-style-default\"><img decoding=\"async\" src=\"http:\/\/insideamateurfussball-ffm.de\/wp-content\/uploads\/2022\/07\/kal3-1.jpg\" alt=\"\" class=\"wp-image-1583\"\/><\/figure>\n<\/div>\n<\/div>\n<\/div>\n<\/div>\n\n\n\n<div class=\"wp-block-columns is-layout-flex wp-container-core-columns-is-layout-28f84493 wp-block-columns-is-layout-flex\">\n<div class=\"wp-block-column is-layout-flow wp-block-column-is-layout-flow\">\n<figure class=\"wp-block-image size-full is-style-default\"><img decoding=\"async\" src=\"http:\/\/insideamateurfussball-ffm.de\/wp-content\/uploads\/2022\/07\/kal8-1.jpg\" alt=\"\" class=\"wp-image-1584\"\/><\/figure>\n<\/div>\n\n\n\n<div class=\"wp-block-column is-layout-flow wp-block-column-is-layout-flow\">\n<figure class=\"wp-block-image size-full is-style-default\"><img decoding=\"async\" src=\"http:\/\/insideamateurfussball-ffm.de\/wp-content\/uploads\/2022\/07\/kal13-1.jpg\" alt=\"\" class=\"wp-image-1585\"\/><\/figure>\n<\/div>\n<\/div>\n","protected":false},"excerpt":{"rendered":"<p>Der 9:1-Testspielsieg von Verbandsligist Rot-Weiss Frankfurt gegen Gruppenliga-Aufsteiger FC Kalbach stand im Zeichen des Einsatzes von Murat Tiryaki im roten Trikot. Der St\u00fcrmer des TSKV T\u00fcrkg\u00fcc\u00fc wirkte mit einer Gastspielgenehmigung eine Halbzeit lang im Team von Trainer Jonel Goncalves mit. Da ging fast unter, dass mit Ayoub Lahchaychi vom Ligakonkurrenten FV Bad Vilbel auch noch [&hellip;]<\/p>\n","protected":false},"author":1,"featured_media":0,"comment_status":"open","ping_status":"open","sticky":false,"template":"","format":"standard","meta":{"footnotes":""},"categories":[21],"tags":[],"class_list":["post-1571","post","type-post","status-publish","format-standard","hentry","category-testspiele"],"_links":{"self":[{"href":"https:\/\/insideamateurfussball-ffm.de\/index.php?rest_route=\/wp\/v2\/posts\/1571","targetHints":{"allow":["GET"]}}],"collection":[{"href":"https:\/\/insideamateurfussball-ffm.de\/index.php?rest_route=\/wp\/v2\/posts"}],"about":[{"href":"https:\/\/insideamateurfussball-ffm.de\/index.php?rest_route=\/wp\/v2\/types\/post"}],"author":[{"embeddable":true,"href":"https:\/\/insideamateurfussball-ffm.de\/index.php?rest_route=\/wp\/v2\/users\/1"}],"replies":[{"embeddable":true,"href":"https:\/\/insideamateurfussball-ffm.de\/index.php?rest_route=%2Fwp%2Fv2%2Fcomments&post=1571"}],"version-history":[{"count":3,"href":"https:\/\/insideamateurfussball-ffm.de\/index.php?rest_route=\/wp\/v2\/posts\/1571\/revisions"}],"predecessor-version":[{"id":1588,"href":"https:\/\/insideamateurfussball-ffm.de\/index.php?rest_route=\/wp\/v2\/posts\/1571\/revisions\/1588"}],"wp:attachment":[{"href":"https:\/\/insideamateurfussball-ffm.de\/index.php?rest_route=%2Fwp%2Fv2%2Fmedia&parent=1571"}],"wp:term":[{"taxonomy":"category","embeddable":true,"href":"https:\/\/insideamateurfussball-ffm.de\/index.php?rest_route=%2Fwp%2Fv2%2Fcategories&post=1571"},{"taxonomy":"post_tag","embeddable":true,"href":"https:\/\/insideamateurfussball-ffm.de\/index.php?rest_route=%2Fwp%2Fv2%2Ftags&post=1571"}],"curies":[{"name":"wp","href":"https:\/\/api.w.org\/{rel}","templated":true}]}}