{"id":1567,"date":"2022-07-20T19:43:36","date_gmt":"2022-07-20T19:43:36","guid":{"rendered":"http:\/\/insideamateurfussball-ffm.de\/?p=1567"},"modified":"2025-01-06T13:22:22","modified_gmt":"2025-01-06T12:22:22","slug":"b2-stadtkarte-von-marko-cickovic","status":"publish","type":"post","link":"https:\/\/insideamateurfussball-ffm.de\/?p=1567","title":{"rendered":"B2-Stadtkarte von Marko Cickovic"},"content":{"rendered":"<h5>Unser Freund Marko Cickovic ist weiter flei\u00dfig und begeistert unsere Leser mit seinen einzigartigen Stadt\/Landkarten zu den heimischen Fu\u00dfball-Staffeln. Heute hat sich der begeisterte Fu\u00dfball-Historiker und Pressewart vom A-Ligisten SV Bonames mit der Kreisliga B (Gruppe 2) befasst. Eine Liga, die nur noch mit 15 Vereinen in die Runde startet, da mit der TSG Niederrad II und dem SC Weiss-Blau II zwei Mannschaften aus Personalmangel zur\u00fcckgezogen haben.<\/h5>\n<figure id=\"attachment_1568\" aria-describedby=\"caption-attachment-1568\" style=\"width: 692px\" class=\"wp-caption alignnone\"><img loading=\"lazy\" decoding=\"async\" class=\"wp-image-1568 size-full\" src=\"http:\/\/insideamateurfussball-ffm.de\/wp-content\/uploads\/2022\/07\/220630_KLB_G2.png\" alt=\"\" width=\"692\" height=\"692\" srcset=\"https:\/\/insideamateurfussball-ffm.de\/wp-content\/uploads\/2022\/07\/220630_KLB_G2.png 692w, https:\/\/insideamateurfussball-ffm.de\/wp-content\/uploads\/2022\/07\/220630_KLB_G2-300x300.png 300w, https:\/\/insideamateurfussball-ffm.de\/wp-content\/uploads\/2022\/07\/220630_KLB_G2-150x150.png 150w\" sizes=\"auto, (max-width: 692px) 100vw, 692px\" \/><figcaption id=\"caption-attachment-1568\" class=\"wp-caption-text\">Grafik: Marko Cickovic.<\/figcaption><\/figure>\n<p>Aus dem Schaubild wird ersichtlich, dass neun Vereine im S\u00fcdosten beheimatet sind, sechs Clubs unterhalb der Mainlinie liegen und drei Vereine, insbesondere der FC Kalbach II im Nordwesten, sich eine andere geographische Einteilung gew\u00fcnscht h\u00e4tten. Die Kalbacher Reserve ist neu in der Klasse, denn man musste letzte Saison recht fr\u00fch in der Runde aus Personalmangel zur\u00fcckziehen. Au\u00dferdem neu ist die aus der C-Klasse aufgestiegene Reserve vom SV Griesheim Tarik. Der Meister steigt direkt in die A-Klasse auf, der Vizemeister erh\u00e4lt in der wieder eingef\u00fchrten Relegationsrunde mit vier Vereinen eine zus\u00e4tzliche Aufstiegschance. Das Er\u00f6ffnungsspiel bestreiten bereits am 3. August der FC Ethio Addis und der FC Posavina II.<\/p>\n<h5>1. Spieltag (7. August):<\/h5>\n<p>FC Ethio Addis &#8211; FC Posavina II (Mi., 3.8., 19.30 Uhr)<\/p>\n<p>FC Gudesding II &#8211; Spvgg. Fechenheim II<\/p>\n<p>Union Niederrad &#8211; Griechische Sport-Union<\/p>\n<p>FC Germania Enkheim II &#8211; SG Riederwald (alle 13 Uhr)<\/p>\n<p>FC Korea &#8211; SV Griesheim Tarik II (15 Uhr)<\/p>\n<p>FC Fortuna &#8211; SV Sandhof Niederrad (15.30 Uhr)<\/p>\n<p>spielfrei: VfL Germania 94 II, SV Sachsenhausen II, FC Kalbach II.<\/p>\n<h5>2. Spieltag (14. August):<\/h5>\n<p>Spvgg. Fechenheim II &#8211; SV Sachsenhausen II<\/p>\n<p>VfL Germania 94 II &#8211; FC Fortuna<\/p>\n<p>SV Griesheim Tarik II &#8211; FC Posavina II (alle 13 Uhr)<\/p>\n<p>SV Sandhof Niederrad &#8211; FC Kalbach II<\/p>\n<p>FC Ethio Addis &#8211; FC Union Niederrad II (beide 15 Uhr)<\/p>\n<p>Griechische Sport-Union &#8211; FC Gudesding II<\/p>\n<p>SG Riederwald &#8211; FC Korea (beide 15.30 Uhr)<\/p>\n<p>spielfrei: FC Germania Enkheim II.<\/p>\n<h5><\/h5>\n","protected":false},"excerpt":{"rendered":"<p>Unser Freund Marko Cickovic ist weiter flei\u00dfig und begeistert unsere Leser mit seinen einzigartigen Stadt\/Landkarten zu den heimischen Fu\u00dfball-Staffeln. Heute hat sich der begeisterte Fu\u00dfball-Historiker und Pressewart vom A-Ligisten SV Bonames mit der Kreisliga B (Gruppe 2) befasst. Eine Liga, die nur noch mit 15 Vereinen in die Runde startet, da mit der TSG Niederrad [&hellip;]<\/p>\n","protected":false},"author":1,"featured_media":1568,"comment_status":"open","ping_status":"open","sticky":false,"template":"","format":"standard","meta":{"footnotes":""},"categories":[11],"tags":[],"class_list":["post-1567","post","type-post","status-publish","format-standard","has-post-thumbnail","hentry","category-kreisliga-b"],"_links":{"self":[{"href":"https:\/\/insideamateurfussball-ffm.de\/index.php?rest_route=\/wp\/v2\/posts\/1567","targetHints":{"allow":["GET"]}}],"collection":[{"href":"https:\/\/insideamateurfussball-ffm.de\/index.php?rest_route=\/wp\/v2\/posts"}],"about":[{"href":"https:\/\/insideamateurfussball-ffm.de\/index.php?rest_route=\/wp\/v2\/types\/post"}],"author":[{"embeddable":true,"href":"https:\/\/insideamateurfussball-ffm.de\/index.php?rest_route=\/wp\/v2\/users\/1"}],"replies":[{"embeddable":true,"href":"https:\/\/insideamateurfussball-ffm.de\/index.php?rest_route=%2Fwp%2Fv2%2Fcomments&post=1567"}],"version-history":[{"count":2,"href":"https:\/\/insideamateurfussball-ffm.de\/index.php?rest_route=\/wp\/v2\/posts\/1567\/revisions"}],"predecessor-version":[{"id":1570,"href":"https:\/\/insideamateurfussball-ffm.de\/index.php?rest_route=\/wp\/v2\/posts\/1567\/revisions\/1570"}],"wp:featuredmedia":[{"embeddable":true,"href":"https:\/\/insideamateurfussball-ffm.de\/index.php?rest_route=\/wp\/v2\/media\/1568"}],"wp:attachment":[{"href":"https:\/\/insideamateurfussball-ffm.de\/index.php?rest_route=%2Fwp%2Fv2%2Fmedia&parent=1567"}],"wp:term":[{"taxonomy":"category","embeddable":true,"href":"https:\/\/insideamateurfussball-ffm.de\/index.php?rest_route=%2Fwp%2Fv2%2Fcategories&post=1567"},{"taxonomy":"post_tag","embeddable":true,"href":"https:\/\/insideamateurfussball-ffm.de\/index.php?rest_route=%2Fwp%2Fv2%2Ftags&post=1567"}],"curies":[{"name":"wp","href":"https:\/\/api.w.org\/{rel}","templated":true}]}}