{"id":1563,"date":"2022-07-20T19:10:09","date_gmt":"2022-07-20T19:10:09","guid":{"rendered":"http:\/\/insideamateurfussball-ffm.de\/?p=1563"},"modified":"2025-01-06T13:22:30","modified_gmt":"2025-01-06T12:22:30","slug":"bornheim-will-wieder-im-oberen-drittel-mitmischen","status":"publish","type":"post","link":"https:\/\/insideamateurfussball-ffm.de\/?p=1563","title":{"rendered":"Bornheim will im oberen Drittel mitmischen"},"content":{"rendered":"<h5>Nach der besten Saison in der Vereinsgeschichte mit dem zweiten Platz in der Fu\u00dfball-Verbandsliga S\u00fcd und dem Gewinn des Kreispokals geht die SG Bornheim\/Gr\u00fcn-Wei\u00df optimistisch in das f\u00fcnfte Verbandsliga-Jahr. Allerdings ohne in die Offensive zu gehen, was die Saisonziele anbelangt. Ein Platz im oberen Drittel sollte es dann aber schon sein.<\/h5>\n<figure id=\"attachment_1564\" aria-describedby=\"caption-attachment-1564\" style=\"width: 300px\" class=\"wp-caption alignnone\"><img loading=\"lazy\" decoding=\"async\" class=\"wp-image-1564 size-medium\" src=\"http:\/\/insideamateurfussball-ffm.de\/wp-content\/uploads\/2022\/07\/final21b-300x211.jpg\" alt=\"\" width=\"300\" height=\"211\"><figcaption id=\"caption-attachment-1564\" class=\"wp-caption-text\">Mit Torh\u00fcter Gianluca Colombo (Mitte) kann Bornheim weiter rechnen. Foto: Mithat G\u00fcrser.<\/figcaption><\/figure>\n<p><img loading=\"lazy\" decoding=\"async\" class=\"alignnone size-full wp-image-119\" src=\"http:\/\/insideamateurfussball-ffm.de\/wp-content\/uploads\/2022\/05\/Bornheim.jpg\" alt=\"\" width=\"80\" height=\"80\"><\/p>\n<p>F\u00fcr den erstmaligen Aufstieg in die Hessenliga, der in der abgelaufenen Spielzeit zeitweise m\u00f6glich war, m\u00fcsste nach der Einsch\u00e4tzung von Trainer Sascha Volk &#8222;alles klappen. Unser realistisches Ziel ist es, die Leistungen der Vorsaison zu best\u00e4tigen. Es muss unser Ansporn sein, weiter im oberen Drittel mitzumischen, obwohl die Liga st\u00e4rker geworden ist.&#8220; Dabei denkt der 40-j\u00e4hrige ehemalige Hessenliga-Spieler (FV Bad Vilbel, FSV Frankfurt, 1. FC Eschborn) vor allem an den Hanauer SC, den er neben Rot-Wei\u00df Darmstadt zu den Topfavoriten z\u00e4hlt. Nat\u00fcrlich rechnet Volk auch mit den Hessenliga-Absteigern FV Bad Vilbel und dem VfB Ginsheim sowie dem personell sehr gut aufgestellten Aufsteiger Sportfreunde Seligenstadt.<\/p>\n<p>In personeller Hinsicht kann der Coach mit einem ver\u00e4ndertem Kader arbeiten, nachdem neun Abg\u00e4ngen zehn Zug\u00e4nge gegen\u00fcber stehen. Dabei setzt der Verein den vor einigen Jahren begonnenen Prozess der Verj\u00fcngung fort. Aus der eigenen U19 wurden Mahir Karusu, Valerio Lettieri, Syvler Kadrijaj und Max Flamme hochgezogen. Zus\u00e4tzlich st\u00f6\u00dft aus der in die Kreisoberliga aufgestiegenen Reserve Raphael Gure zum Kreis der Ersten Mannschaft. Weitere junge Leute wurden aus der Umgebung verpflichtet: Pau Babot und Jonathan H\u00f6ser (beide Karbener SV U19), Minjae Kim (TSG Wieseck U19) und Mika Lindner (TSG Lengfeld). Dazu kommt mit Denis Flie\u00df vom FC Kalbach ein erfahrener Spieler, der aber nur als Stand-by-Spieler geplant ist und im Scouting-Bereich Volks Trainerteam mit Alexander J\u00f6rg (FC Rendel) und Moritz Schneider (bis zuletzt aktiver Spieler) komplettiert. Erfahrene Spieler wie Marius Troll (FC Karben), Mario Marx (Babypause), Moritz Schneider und Simon Horn (beide Karriereende) stehen hingegen nicht mehr zur Verf\u00fcgung.<\/p>\n<blockquote><p>&#8222;Wir setzen hier nicht nur auf die Jugend&#8220; (Bornheims Trainer Sascha Volk).<\/p><\/blockquote>\n<p>Leonardo Kovacevic und Emanuel Opoku haben ihr Bet\u00e4tigungsfeld k\u00fcnftig im Kreisoberliga-Team. Dazu haben Lino Hindelang (SSV Heilsberg) und Gianluca Mancuso (Ziel unbekannt) den Verein verlassen. Und unverhofft musste Bornheim noch einen Abgang eines Stammspielers hinnehmen. Der zentrale Mittelfeldspieler Og\u00fcn \u00dcnal ist zum Hessenligisten SC Waldgirmes gewechselt. Nach all diesen umfangreichen Personalwechseln d\u00fcrfte der Konkurrenzkampf im Kader damit so hoch wie lange nicht mehr sein. 27 Spieler k\u00e4mpfen um die elf Stammpl\u00e4tze, was ein Vorteil beim Tanz auf drei Hochzeiten sein d\u00fcrfte (Liga, Hessenpokal, Kreispokal). Volk kann weiterhin auf vertraute Kr\u00e4fte wie Tim Flie\u00df, Natsuki Wada, Lukas Knell oder Torh\u00fcter Gianluca Colombo bauen, &#8222;wir setzen hier nicht nur auf die Jugend, wollen ihnen aber mit unserer Vereinsidentit\u00e4t die M\u00f6glichkeit bieten, sich weiterzuentwickeln&#8220;, unterstreicht Volk, der seit Januar 2020 in Bornheim t\u00e4tig ist.<\/p>\n<p>Erfolgsdruck sp\u00fcrt der Coach nach der erfolgreichen, ersten kompletten Saison seines Wirkens, an der Seckbacher Landstra\u00dfe keinen: &#8222;Hier sind alle gl\u00fccklich, wenn wir auch \u00fcbern\u00e4chste Saison weiter Verbandsliga spielen. Wir wollen unser Offensivspiel weiterentwickeln und spielerisch vorankommen. Wir bevorzugen dabei den kontrollierten Ballbesitz, wollen aber auch aktiv nach vorne spielen, um Tore zu erzielen.&#8220; In seiner nun vierten Saison ist es dem Trainer wichtig, dass sich &#8222;Verein und Mannschaft weiterentwickeln. Es muss nicht immer weiter so laufen, weil wir mal eine \u00fcberragende Saison hatten.&#8220; Das solide Umfeld mit dem treuen Publikum und dem stets auch ausw\u00e4rts pr\u00e4sentem F\u00f6rderverein schafft Identifikation mit dem Verein. Der Hessenliga-Aufstieg ist dabei nicht das prim\u00e4re Ziel. Die Bornheimer m\u00fcssen allerdings damit leben, von den Konkurrenten als Mitfavorit angesehen zu werden. Schafft es Bornheim wieder, eine Einheit zu formen, sollte es m\u00f6glich sein, zumindest die eigenen Erwartungen (mindestens Platz f\u00fcnf) zu erf\u00fcllen.<\/p>\n","protected":false},"excerpt":{"rendered":"<p>Nach der besten Saison in der Vereinsgeschichte mit dem zweiten Platz in der Fu\u00dfball-Verbandsliga S\u00fcd und dem Gewinn des Kreispokals geht die SG Bornheim\/Gr\u00fcn-Wei\u00df optimistisch in das f\u00fcnfte Verbandsliga-Jahr. Allerdings ohne in die Offensive zu gehen, was die Saisonziele anbelangt. Ein Platz im oberen Drittel sollte es dann aber schon sein. F\u00fcr den erstmaligen Aufstieg [&hellip;]<\/p>\n","protected":false},"author":1,"featured_media":0,"comment_status":"open","ping_status":"open","sticky":false,"template":"","format":"standard","meta":{"footnotes":""},"categories":[10],"tags":[],"class_list":["post-1563","post","type-post","status-publish","format-standard","hentry","category-verbandsliga-sued"],"_links":{"self":[{"href":"https:\/\/insideamateurfussball-ffm.de\/index.php?rest_route=\/wp\/v2\/posts\/1563","targetHints":{"allow":["GET"]}}],"collection":[{"href":"https:\/\/insideamateurfussball-ffm.de\/index.php?rest_route=\/wp\/v2\/posts"}],"about":[{"href":"https:\/\/insideamateurfussball-ffm.de\/index.php?rest_route=\/wp\/v2\/types\/post"}],"author":[{"embeddable":true,"href":"https:\/\/insideamateurfussball-ffm.de\/index.php?rest_route=\/wp\/v2\/users\/1"}],"replies":[{"embeddable":true,"href":"https:\/\/insideamateurfussball-ffm.de\/index.php?rest_route=%2Fwp%2Fv2%2Fcomments&post=1563"}],"version-history":[{"count":2,"href":"https:\/\/insideamateurfussball-ffm.de\/index.php?rest_route=\/wp\/v2\/posts\/1563\/revisions"}],"predecessor-version":[{"id":1566,"href":"https:\/\/insideamateurfussball-ffm.de\/index.php?rest_route=\/wp\/v2\/posts\/1563\/revisions\/1566"}],"wp:attachment":[{"href":"https:\/\/insideamateurfussball-ffm.de\/index.php?rest_route=%2Fwp%2Fv2%2Fmedia&parent=1563"}],"wp:term":[{"taxonomy":"category","embeddable":true,"href":"https:\/\/insideamateurfussball-ffm.de\/index.php?rest_route=%2Fwp%2Fv2%2Fcategories&post=1563"},{"taxonomy":"post_tag","embeddable":true,"href":"https:\/\/insideamateurfussball-ffm.de\/index.php?rest_route=%2Fwp%2Fv2%2Ftags&post=1563"}],"curies":[{"name":"wp","href":"https:\/\/api.w.org\/{rel}","templated":true}]}}