{"id":1549,"date":"2022-07-20T17:09:51","date_gmt":"2022-07-20T17:09:51","guid":{"rendered":"http:\/\/insideamateurfussball-ffm.de\/?p=1549"},"modified":"2025-01-06T13:22:42","modified_gmt":"2025-01-06T12:22:42","slug":"rot-weiss-die-vier-fuer-die-erste-mannschaft","status":"publish","type":"post","link":"https:\/\/insideamateurfussball-ffm.de\/?p=1549","title":{"rendered":"Rot-Weiss: &#8222;Die Vier&#8220; f\u00fcr die Erste Mannschaft"},"content":{"rendered":"<h5>Verbandsligist Rot-Weiss Frankfurt stellt sich im Trainerstab breiter auf. Unter der Federf\u00fchrung des neuen Cheftrainers Jonel Goncalves geh\u00f6ren noch Mirko Kelava, Nassratullah Jamali und Driss Harchaoui zum Quartett f\u00fcr die Erste Mannschaft.<\/h5>\n<figure id=\"attachment_1550\" aria-describedby=\"caption-attachment-1550\" style=\"width: 313px\" class=\"wp-caption alignnone\"><img loading=\"lazy\" decoding=\"async\" class=\"wp-image-1550\" src=\"http:\/\/insideamateurfussball-ffm.de\/wp-content\/uploads\/2022\/07\/trainer-team2022-23-300x200.jpg\" alt=\"\" width=\"313\" height=\"208\" \/><figcaption id=\"caption-attachment-1550\" class=\"wp-caption-text\">Nassratullah Jamali, Jonel Goncalves, Mirko Kelava und Driss Harchaoui bilden den Trainerstab von Rot-Weiss Frankfurt. Foto: Mithat G\u00fcrser.<\/figcaption><\/figure>\n<p><img loading=\"lazy\" decoding=\"async\" class=\"alignnone size-full wp-image-120\" src=\"http:\/\/insideamateurfussball-ffm.de\/wp-content\/uploads\/2022\/05\/rot-weiss.png\" alt=\"\" width=\"80\" height=\"70\" \/><\/p>\n<h5 data-canvas-width=\"634.0320000000002\">Jonel Goncalves war seit etlichen Jahren im Jugendbereich von Rot-Weiss sehr erfolgreich t\u00e4tig und f\u00fchrte die U19 zur Vizemeisterschaft in der Hessenliga und damit zur besten Platzierung der Vereinsgeschichte. Seit dem Beginn der Vorbereitung auf die Saison 2022\/23 ist der Portugiese als Cheftrainer f\u00fcr die Erste Mannschaft in der Verbandsliga S\u00fcd zust\u00e4ndig. Weiterhin fungiert er auch im Verbunf mit Michael &#8222;Mikki&#8220; Bauer in der Sportlichen Leitung des Traditionsvereins.<\/h5>\n<h5 data-canvas-width=\"634.0320000000002\"><span style=\"color: initial;\">Nassratullah Jamali ist als Co-Trainer f\u00fcr die Taktik zust\u00e4ndig<\/span><\/h5>\n<div data-canvas-width=\"634.0320000000002\"><span style=\"color: initial;\">Der ehemalige Hessenliga-Spieler (Saison 2012\/13 beim 1. FCA 04 Darmstadt) durchlief weitere Stationen bei Kickers Offenbach, dem FSV Frankfurt und dem SV Zeilsheim. Seit einigen Jahren ist Jamali im Jugendbereich als Co-Trainer zusammen mit Goncalves t\u00e4tig gewesen. <\/span><span style=\"color: initial;\">Mirko Kelava ist auch schon seit etlichen Jahren im Verbund von Rot-Weiss in verschiedenen Funktionen t\u00e4tig. So war er bis zur Abmeldung der Zweiten Mannschaft aus der Verbandsliga S\u00fcd in der Saison 2017\/18 unter Hicham Tahrioui Co-Trainer, nach der Winterpause dann in gleicher Funktion im Abstiegsjahr des Hessenliga-Teams.<\/span><\/div>\n<h5 data-canvas-width=\"634.0320000000002\">Kelava zeichnet sich durch Loyalit\u00e4t aus<\/h5>\n<div data-canvas-width=\"634.0320000000002\"><span style=\"color: initial;\">Nach einem Abstecher zu Germania Schwanheim, wo Kelava unter Tomas Pelayo Assistent war, kehrte er an das Brentanobad zur\u00fcck und war zun\u00e4chst unter Siar Daudi Co-Trainer, ehe er nach seiner Entlassung zum Interimstrainer bef\u00f6rdert wurde, dann aber unter Benjamin L\u00f6bert wieder in das zweite Glied r\u00fcckte. Keleva zeichnet sich durch Loyalit\u00e4t, Zuverl\u00e4ssigkeit und Fachkenntnis aus.<\/span><\/div>\n<h5 data-canvas-width=\"634.0320000000002\">Driss Harchaoui Athletiktrainer<\/h5>\n<div data-canvas-width=\"634.0320000000002\"><span style=\"color: initial;\">Vierter im Bunde ist <\/span><span style=\"color: initial;\">Driss Harchaoui als Athletiktrainer f\u00fcr die Erste <\/span><span style=\"color: initial;\">Mannschaft. Schon im Jugendbereich unterst\u00fctzte er die Goncalves-Mannschaften. <\/span><span style=\"color: initial;\">Im vergangenen Sommer hat er ein Praktikum bei der <\/span><span style=\"color: initial;\">marokkanischen Nationalmannschaft absolviert. Au\u00dferdem fungiert noch Enver Osmanovic (nicht im Bild) als Torwarttrainer.\u00a0<\/span><\/div>\n<div data-canvas-width=\"634.0320000000002\"><\/div>\n<div data-canvas-width=\"634.0320000000002\"><\/div>\n","protected":false},"excerpt":{"rendered":"<p>Verbandsligist Rot-Weiss Frankfurt stellt sich im Trainerstab breiter auf. Unter der Federf\u00fchrung des neuen Cheftrainers Jonel Goncalves geh\u00f6ren noch Mirko Kelava, Nassratullah Jamali und Driss Harchaoui zum Quartett f\u00fcr die Erste Mannschaft. Jonel Goncalves war seit etlichen Jahren im Jugendbereich von Rot-Weiss sehr erfolgreich t\u00e4tig und f\u00fchrte die U19 zur Vizemeisterschaft in der Hessenliga und [&hellip;]<\/p>\n","protected":false},"author":1,"featured_media":0,"comment_status":"open","ping_status":"open","sticky":false,"template":"","format":"standard","meta":{"footnotes":""},"categories":[10],"tags":[],"class_list":["post-1549","post","type-post","status-publish","format-standard","hentry","category-verbandsliga-sued"],"_links":{"self":[{"href":"https:\/\/insideamateurfussball-ffm.de\/index.php?rest_route=\/wp\/v2\/posts\/1549","targetHints":{"allow":["GET"]}}],"collection":[{"href":"https:\/\/insideamateurfussball-ffm.de\/index.php?rest_route=\/wp\/v2\/posts"}],"about":[{"href":"https:\/\/insideamateurfussball-ffm.de\/index.php?rest_route=\/wp\/v2\/types\/post"}],"author":[{"embeddable":true,"href":"https:\/\/insideamateurfussball-ffm.de\/index.php?rest_route=\/wp\/v2\/users\/1"}],"replies":[{"embeddable":true,"href":"https:\/\/insideamateurfussball-ffm.de\/index.php?rest_route=%2Fwp%2Fv2%2Fcomments&post=1549"}],"version-history":[{"count":7,"href":"https:\/\/insideamateurfussball-ffm.de\/index.php?rest_route=\/wp\/v2\/posts\/1549\/revisions"}],"predecessor-version":[{"id":1589,"href":"https:\/\/insideamateurfussball-ffm.de\/index.php?rest_route=\/wp\/v2\/posts\/1549\/revisions\/1589"}],"wp:attachment":[{"href":"https:\/\/insideamateurfussball-ffm.de\/index.php?rest_route=%2Fwp%2Fv2%2Fmedia&parent=1549"}],"wp:term":[{"taxonomy":"category","embeddable":true,"href":"https:\/\/insideamateurfussball-ffm.de\/index.php?rest_route=%2Fwp%2Fv2%2Fcategories&post=1549"},{"taxonomy":"post_tag","embeddable":true,"href":"https:\/\/insideamateurfussball-ffm.de\/index.php?rest_route=%2Fwp%2Fv2%2Ftags&post=1549"}],"curies":[{"name":"wp","href":"https:\/\/api.w.org\/{rel}","templated":true}]}}