{"id":1516,"date":"2022-07-19T16:03:24","date_gmt":"2022-07-19T16:03:24","guid":{"rendered":"http:\/\/insideamateurfussball-ffm.de\/?p=1516"},"modified":"2025-01-06T13:23:29","modified_gmt":"2025-01-06T12:23:29","slug":"griesheim-peko-kommt-von-den-speuzern","status":"publish","type":"post","link":"https:\/\/insideamateurfussball-ffm.de\/?p=1516","title":{"rendered":"Griesheim: Peko kommt von den &#8222;Speuzern&#8220;"},"content":{"rendered":"\n<pre class=\"wp-block-preformatted has-luminous-vivid-amber-color has-black-background-color has-text-color has-background\" style=\"font-size:17px\">Kreisoberligist Spvgg. 02 Griesheim hat zwei Neuerwerbungen nachgereicht. Vom Verbandsligisten FFV Sportfreunde kommt Mittelfeldspieler Ante Peko an die Eichenstra\u00dfe. Au\u00dferdem hat sich mit Tarik Cigdem ein Talent den \"Schleifern\" angeschlossen, der zuletzt in der U19 von Bayern Alzenau spielte.    <\/pre>\n\n\n\n<figure class=\"wp-block-image size-full is-style-default\"><img decoding=\"async\" src=\"http:\/\/insideamateurfussball-ffm.de\/wp-content\/uploads\/2022\/07\/Maroc-Grie1.jpg\" alt=\"\" class=\"wp-image-1519\"\/><figcaption><strong>Griesheims Trainer Marco Santonastaso freut sich \u00fcber weitere Verst\u00e4rkungen. Foto: Mithat G\u00fcrser. <\/strong><\/figcaption><\/figure>\n\n\n<p><img loading=\"lazy\" decoding=\"async\" class=\"alignnone size-full wp-image-287\" src=\"http:\/\/insideamateurfussball-ffm.de\/wp-content\/uploads\/2022\/05\/SpVgg._02_Griesheim_02.jpg\" alt=\"\" width=\"100\" height=\"100\" \/><\/p>\n<p>In der Liste der Zu- und Abg\u00e4nge fehlten zwei neue Spieler, die von der Spielvereinigung gesondert gemeldet wurden. Vom FFV Sportfreunde konnte der 24-j\u00e4hrige Ante Peko losgeeist werden, der in den letzten vier Jahren auf 30 Eins\u00e4tze in der Verbandsliga S\u00fcd kommt.<\/p>\n<p>Zuvor spielte der Mittelfeldakteur beim FC Posavina und in seiner Jugendzeit bei den &#8222;Speuzern&#8220; und der DJK SW Griesheim. &#8222;Mit Ante bekommen wir einen gestandenen Fu\u00dfballer mit einem starken Stellungsspiel&#8220;, freut sich Griesheims Trainer Marco Santonastaso \u00fcber den Zugang.<\/p>\n<p>Au\u00dferdem neu ist Tarik Cigdem, der in der Jugend beim FSV Frankfurt, Rot-Weiss Frankfurt und Bayern Alzenau bei renommierten Vereinen ausgebildet wurde. Nach einem Kreuzbandriss m\u00f6chte sich der junge Spieler in Griesheim langsam an den Seniorenfu\u00dfball heranbringen lassen.<\/p>\n<p>&#8222;Wir haben eine gute Truppe beisammen. Mir war wichtig, den Kader entsprechend zu vergr\u00f6\u00dfern, um mehr Optionen zu haben&#8220;, ist der Griesheimer Trainer mit dem Kader zufrieden.\u00a0\u00a0<\/p>","protected":false},"excerpt":{"rendered":"<p>Kreisoberligist Spvgg. 02 Griesheim hat zwei Neuerwerbungen nachgereicht. Vom Verbandsligisten FFV Sportfreunde kommt Mittelfeldspieler Ante Peko an die Eichenstra\u00dfe. Au\u00dferdem hat sich mit Tarik Cigdem ein Talent den &#8222;Schleifern&#8220; angeschlossen, der zuletzt in der U19 von Bayern Alzenau spielte. In der Liste der Zu- und Abg\u00e4nge fehlten zwei neue Spieler, die von der Spielvereinigung gesondert [&hellip;]<\/p>\n","protected":false},"author":1,"featured_media":0,"comment_status":"open","ping_status":"open","sticky":false,"template":"","format":"standard","meta":{"footnotes":""},"categories":[22],"tags":[],"class_list":["post-1516","post","type-post","status-publish","format-standard","hentry","category-spielerwechsel"],"_links":{"self":[{"href":"https:\/\/insideamateurfussball-ffm.de\/index.php?rest_route=\/wp\/v2\/posts\/1516","targetHints":{"allow":["GET"]}}],"collection":[{"href":"https:\/\/insideamateurfussball-ffm.de\/index.php?rest_route=\/wp\/v2\/posts"}],"about":[{"href":"https:\/\/insideamateurfussball-ffm.de\/index.php?rest_route=\/wp\/v2\/types\/post"}],"author":[{"embeddable":true,"href":"https:\/\/insideamateurfussball-ffm.de\/index.php?rest_route=\/wp\/v2\/users\/1"}],"replies":[{"embeddable":true,"href":"https:\/\/insideamateurfussball-ffm.de\/index.php?rest_route=%2Fwp%2Fv2%2Fcomments&post=1516"}],"version-history":[{"count":1,"href":"https:\/\/insideamateurfussball-ffm.de\/index.php?rest_route=\/wp\/v2\/posts\/1516\/revisions"}],"predecessor-version":[{"id":1520,"href":"https:\/\/insideamateurfussball-ffm.de\/index.php?rest_route=\/wp\/v2\/posts\/1516\/revisions\/1520"}],"wp:attachment":[{"href":"https:\/\/insideamateurfussball-ffm.de\/index.php?rest_route=%2Fwp%2Fv2%2Fmedia&parent=1516"}],"wp:term":[{"taxonomy":"category","embeddable":true,"href":"https:\/\/insideamateurfussball-ffm.de\/index.php?rest_route=%2Fwp%2Fv2%2Fcategories&post=1516"},{"taxonomy":"post_tag","embeddable":true,"href":"https:\/\/insideamateurfussball-ffm.de\/index.php?rest_route=%2Fwp%2Fv2%2Ftags&post=1516"}],"curies":[{"name":"wp","href":"https:\/\/api.w.org\/{rel}","templated":true}]}}