{"id":1482,"date":"2022-07-18T18:55:45","date_gmt":"2022-07-18T18:55:45","guid":{"rendered":"http:\/\/insideamateurfussball-ffm.de\/?p=1482"},"modified":"2025-01-06T13:23:58","modified_gmt":"2025-01-06T12:23:58","slug":"fsv-gewinnt-deutlich-in-eddersheim","status":"publish","type":"post","link":"https:\/\/insideamateurfussball-ffm.de\/?p=1482","title":{"rendered":"FSV gewinnt 3:0 in Eddersheim"},"content":{"rendered":"\n<pre class=\"wp-block-preformatted has-luminous-vivid-amber-color has-black-background-color has-text-color has-background\" style=\"font-size:17px\">Regionalligist FSV Frankfurt gewann am Samstag ein Testspiel beim Hessenligisten FC Eddersheim mit 3:0. Fotograf Sandro (Anzzo Sports) hat einige Impressionen zusammengestellt. <\/pre>\n\n\n\n<figure class=\"wp-block-image size-large is-style-default\"><img decoding=\"async\" src=\"http:\/\/insideamateurfussball-ffm.de\/wp-content\/uploads\/2022\/07\/FSV14-683x1024.jpg\" alt=\"\" class=\"wp-image-1484\"\/><figcaption><strong>Testspieler Miguel Costa de Figueiredo stellte sich im FSV-Trikot vor. Foto: Anzzo Sports. <\/strong><\/figcaption><\/figure>\n\n\n<p><strong>FC Eddersheim &#8211; FSV Frankfurt 0:3 (0:2)<\/strong><\/p>\n<p><strong><img loading=\"lazy\" decoding=\"async\" class=\"alignnone size-full wp-image-1485\" src=\"http:\/\/insideamateurfussball-ffm.de\/wp-content\/uploads\/2022\/07\/Eddersh.jpg\" alt=\"\" width=\"71\" height=\"80\" \/><img loading=\"lazy\" decoding=\"async\" class=\"alignnone size-full wp-image-1179\" src=\"http:\/\/insideamateurfussball-ffm.de\/wp-content\/uploads\/2022\/07\/FSV-Frankfurt-Emblem.jpg\" alt=\"\" width=\"68\" height=\"80\" \/><br \/><\/strong><\/p>\n<p>Zwei Wochen vor dem Saisonstart in der Hessenliga empfing der Fu\u00dfballclub aus dem Main-Taunus-Kreis erneut G\u00e4ste aus der Regionalliga S\u00fcdwest. Nachdem sich die Mannschaft von Trainer Christian L\u00fcllig vor einer Woche von Kickers Offenbach mit einem 0:0-Unentschieden trennte, war der Hessenligist im ersten Abschnitt gut im Spiel und kam sogar zu guten Torm\u00f6glichkeiten. Am Ende unterlag Eddersheim dem FSV Frankfurt aber mit 0:3. Sandro (Anzzo Sports) war an der Staustufe und hat uns sch\u00f6ne Bilder zugesendet. Vielen Dank f\u00fcr die Unterst\u00fctzung!\u00a0<\/p>\n<pre>Schiedsrichter: Alexander Hauser (Waldbrunn). Zuschauer: 350. <br \/>Tore: 0:1 Leon M\u00fcller (18.), 0:2 Cas Peters (40.), 0:3 Amid Khan Agha (65.).<br \/><br \/> <\/pre>\n\n\n<figure class=\"wp-block-image size-large is-style-default\"><img decoding=\"async\" src=\"http:\/\/insideamateurfussball-ffm.de\/wp-content\/uploads\/2022\/07\/FSV1-1024x682.jpg\" alt=\"\" class=\"wp-image-1486\"\/><\/figure>\n\n\n\n<figure class=\"wp-block-image size-large is-style-default\"><img decoding=\"async\" src=\"http:\/\/insideamateurfussball-ffm.de\/wp-content\/uploads\/2022\/07\/FSV2-683x1024.jpg\" alt=\"\" class=\"wp-image-1487\"\/><\/figure>\n\n\n\n<figure class=\"wp-block-image size-large is-style-default\"><img decoding=\"async\" src=\"http:\/\/insideamateurfussball-ffm.de\/wp-content\/uploads\/2022\/07\/FSV3-683x1024.jpg\" alt=\"\" class=\"wp-image-1488\"\/><\/figure>\n\n\n\n<figure class=\"wp-block-image size-large is-style-default\"><img decoding=\"async\" src=\"http:\/\/insideamateurfussball-ffm.de\/wp-content\/uploads\/2022\/07\/FSV4-1024x683.jpg\" alt=\"\" class=\"wp-image-1489\"\/><\/figure>\n\n\n\n<figure class=\"wp-block-image size-large is-style-default\"><img decoding=\"async\" src=\"http:\/\/insideamateurfussball-ffm.de\/wp-content\/uploads\/2022\/07\/FSV5-683x1024.jpg\" alt=\"\" class=\"wp-image-1490\"\/><\/figure>\n\n\n\n<figure class=\"wp-block-image size-large is-style-default\"><img decoding=\"async\" src=\"http:\/\/insideamateurfussball-ffm.de\/wp-content\/uploads\/2022\/07\/FSV6-1024x683.jpg\" alt=\"\" class=\"wp-image-1491\"\/><\/figure>\n\n\n\n<figure class=\"wp-block-image size-full is-style-default\"><img decoding=\"async\" src=\"http:\/\/insideamateurfussball-ffm.de\/wp-content\/uploads\/2022\/07\/FSV7.jpg\" alt=\"\" class=\"wp-image-1492\"\/><figcaption><strong>Fotos: Anzzo Sports.<\/strong><\/figcaption><\/figure>\n","protected":false},"excerpt":{"rendered":"<p>Regionalligist FSV Frankfurt gewann am Samstag ein Testspiel beim Hessenligisten FC Eddersheim mit 3:0. Fotograf Sandro (Anzzo Sports) hat einige Impressionen zusammengestellt. FC Eddersheim &#8211; FSV Frankfurt 0:3 (0:2) Zwei Wochen vor dem Saisonstart in der Hessenliga empfing der Fu\u00dfballclub aus dem Main-Taunus-Kreis erneut G\u00e4ste aus der Regionalliga S\u00fcdwest. Nachdem sich die Mannschaft von Trainer [&hellip;]<\/p>\n","protected":false},"author":1,"featured_media":0,"comment_status":"open","ping_status":"open","sticky":false,"template":"","format":"standard","meta":{"footnotes":""},"categories":[27],"tags":[],"class_list":["post-1482","post","type-post","status-publish","format-standard","hentry","category-bildergalerie"],"_links":{"self":[{"href":"https:\/\/insideamateurfussball-ffm.de\/index.php?rest_route=\/wp\/v2\/posts\/1482","targetHints":{"allow":["GET"]}}],"collection":[{"href":"https:\/\/insideamateurfussball-ffm.de\/index.php?rest_route=\/wp\/v2\/posts"}],"about":[{"href":"https:\/\/insideamateurfussball-ffm.de\/index.php?rest_route=\/wp\/v2\/types\/post"}],"author":[{"embeddable":true,"href":"https:\/\/insideamateurfussball-ffm.de\/index.php?rest_route=\/wp\/v2\/users\/1"}],"replies":[{"embeddable":true,"href":"https:\/\/insideamateurfussball-ffm.de\/index.php?rest_route=%2Fwp%2Fv2%2Fcomments&post=1482"}],"version-history":[{"count":3,"href":"https:\/\/insideamateurfussball-ffm.de\/index.php?rest_route=\/wp\/v2\/posts\/1482\/revisions"}],"predecessor-version":[{"id":1511,"href":"https:\/\/insideamateurfussball-ffm.de\/index.php?rest_route=\/wp\/v2\/posts\/1482\/revisions\/1511"}],"wp:attachment":[{"href":"https:\/\/insideamateurfussball-ffm.de\/index.php?rest_route=%2Fwp%2Fv2%2Fmedia&parent=1482"}],"wp:term":[{"taxonomy":"category","embeddable":true,"href":"https:\/\/insideamateurfussball-ffm.de\/index.php?rest_route=%2Fwp%2Fv2%2Fcategories&post=1482"},{"taxonomy":"post_tag","embeddable":true,"href":"https:\/\/insideamateurfussball-ffm.de\/index.php?rest_route=%2Fwp%2Fv2%2Ftags&post=1482"}],"curies":[{"name":"wp","href":"https:\/\/api.w.org\/{rel}","templated":true}]}}