{"id":1442,"date":"2022-07-17T21:40:40","date_gmt":"2022-07-17T21:40:40","guid":{"rendered":"http:\/\/insideamateurfussball-ffm.de\/?p=1442"},"modified":"2025-01-06T13:24:04","modified_gmt":"2025-01-06T12:24:04","slug":"spvgg-fechenheim-unterliegt-souveraenem-fv-bad-vilbel","status":"publish","type":"post","link":"https:\/\/insideamateurfussball-ffm.de\/?p=1442","title":{"rendered":"SpVgg Fechenheim unterliegt souver\u00e4nem FV Bad Vilbel"},"content":{"rendered":"\n<h5 class=\"wp-block-heading\">Die SpVgg 03 Fechenheim testet flei\u00dfig weiter f\u00fcr die kommende Gruppenliga-Saison. Am Samstag-Nachmittag unterlag die Mannschaft von Trainer Maximilian Schmidt dem Hessenliga-Absteiger und kommenden Verbandsligisten FV Bad Vilbel mit 0:3.<\/h5>\n\n\n<figure id=\"attachment_1460\" aria-describedby=\"caption-attachment-1460\" style=\"width: 480px\" class=\"wp-caption aligncenter\"><img loading=\"lazy\" decoding=\"async\" class=\"wp-image-1460\" src=\"http:\/\/insideamateurfussball-ffm.de\/wp-content\/uploads\/2022\/07\/IMG_0005-300x200.jpg\" alt=\"\" width=\"480\" height=\"320\" \/><figcaption id=\"caption-attachment-1460\" class=\"wp-caption-text\">Murat Bulut im Duell mit den Vilbelern Alexander Bauscher und Flakron Thaci<\/figcaption><\/figure>\n<h5 style=\"text-align: left;\">\u00a0<\/h5>\n<h5>SpVgg 03 Fechenheim &#8211; FV Bad Vilbel 0:3 (0:1)\u00a0<\/h5>\n<p><strong><img loading=\"lazy\" decoding=\"async\" class=\"alignnone size-full wp-image-603\" src=\"http:\/\/insideamateurfussball-ffm.de\/wp-content\/uploads\/2022\/06\/Fech03.jpg\" alt=\"\" width=\"52\" height=\"80\" \/>\u00a0<\/strong><img loading=\"lazy\" decoding=\"async\" class=\"alignnone size-full wp-image-146\" src=\"http:\/\/insideamateurfussball-ffm.de\/wp-content\/uploads\/2022\/05\/FV-Bad-Vilbel.jpg\" alt=\"\" width=\"80\" height=\"80\" \/><\/p>\n<p>Der Gast aus der Wetterau dominierte auf dem Rasenplatz in der Sportanlage Pfortenstra\u00dfe von Beginn an das Spiel und erspielte sich immer wieder gute M\u00f6glichkeiten. Die Heimelf pr\u00e4sentierte sich eher abwartend und versuchte, mit einzelnen Nadelstichen dagegenzuhalten. 20 Minuten wehrten sich die Blau-Schwarzen, mussten dann aber nach einem schnell ausgef\u00fchrten Freisto\u00df das 0:1 hinnehmen. Alexander Bauscher passte auf Niklas Kraus und in der Mitte musste Erkan G\u00f6k nur noch einschieben (21.). Kurz zuvor musste Fechenheims St\u00fcrmer Kevin Klein angeschlagen ausgewechselt werden. Er verletzte sich in der Anfangsphase ungl\u00fccklich nach einem fairen Zweikampf, bei dem Vilbels Innenverteidiger klar den Ball spielte.<\/p>\n<p>Bis zur Halbzeit h\u00e4tte der FV Bad Vilbel locker erh\u00f6hen k\u00f6nnen, die Angriffe wurden aber nicht ausreichend zu Ende gespielt oder ein Fechenheimer Bein bzw. die H\u00e4nde von Torwart Armin Buchholz waren im Weg. Quassim Quass hatte auf Seiten der Hausherren einen Abschluss aus der Ferne parat.<\/p>\n<p>In Halbzeit zwei passierte zun\u00e4chst nicht allzu viel. Erst nach etwa einer Stunde die erste gr\u00f6\u00dfere M\u00f6glichkeit f\u00fcr den weiter dominanten Verbandsligisten. Simeon Stellflugs Kopfball nach Freisto\u00dfflanke von Kraus konnte durch den eingewechselten Dennis Reuswig pariert werden. Weitere Vilbeler Chancen blieben ungenutzt. Als die Kr\u00e4fte der Gastgeber merklich schwanden, lieferte Bauscher nach toller Einzelleistung die Vorlage zum 0:2 durch Marco Caltagirone (78.). Zwei Minuten sp\u00e4ter dann die gr\u00f6\u00dfte Chance der Sportvereinigung, aber Daniel Lotz scheiterte am Pfosten. Zum Endstand von 0:3 traf dann kurz vor dem Ende Bauscher, der einen quergelegten Pass von Kraus m\u00fchelos ins leere Tor bugsierte.\u00a0\u00a0<\/p>\n<p>\u00a0<\/p>\n<pre>Schiedsrichter: Hashim Rehman (SG Bornheim Gr\u00fcn-Wei\u00df). <br \/>Zuschauer: 59.<br \/>Tore: 0:1 Erkan G\u00f6k (21.), 0:2 Marco Caltagirone (78.), 0:3 Alexander Bauscher (86.).<\/pre>\n<p>\u00a0<\/p>\n<p><img loading=\"lazy\" decoding=\"async\" class=\"aligncenter wp-image-1475 size-large\" src=\"http:\/\/insideamateurfussball-ffm.de\/wp-content\/uploads\/2022\/07\/IMG_0002-1024x683.jpg\" alt=\"\" width=\"640\" height=\"427\" \/><\/p>\n<p><img loading=\"lazy\" decoding=\"async\" class=\"aligncenter wp-image-1477 size-large\" src=\"http:\/\/insideamateurfussball-ffm.de\/wp-content\/uploads\/2022\/07\/IMG_0064-1024x683.jpg\" alt=\"\" width=\"640\" height=\"427\" \/><\/p>\n<p><img loading=\"lazy\" decoding=\"async\" class=\"wp-image-1467 size-large aligncenter\" src=\"http:\/\/insideamateurfussball-ffm.de\/wp-content\/uploads\/2022\/07\/IMG_0111-1024x683.jpg\" alt=\"\" width=\"640\" height=\"427\" \/><\/p>\n<p><img loading=\"lazy\" decoding=\"async\" class=\"wp-image-1465 size-large aligncenter\" src=\"http:\/\/insideamateurfussball-ffm.de\/wp-content\/uploads\/2022\/07\/IMG_0097-1024x683.jpg\" alt=\"\" width=\"640\" height=\"427\" \/><\/p>\n<p><img loading=\"lazy\" decoding=\"async\" class=\"alignleft wp-image-1464 size-medium\" src=\"http:\/\/insideamateurfussball-ffm.de\/wp-content\/uploads\/2022\/07\/IMG_0073-300x200.jpg\" alt=\"\" width=\"300\" height=\"200\" \/><\/p>\n<p><img loading=\"lazy\" decoding=\"async\" class=\"alignright wp-image-1463 size-medium\" src=\"http:\/\/insideamateurfussball-ffm.de\/wp-content\/uploads\/2022\/07\/IMG_0020-1-300x200.jpg\" alt=\"\" width=\"300\" height=\"200\" \/><\/p>\n<p><img loading=\"lazy\" decoding=\"async\" class=\"alignleft wp-image-1462 size-medium\" src=\"http:\/\/insideamateurfussball-ffm.de\/wp-content\/uploads\/2022\/07\/IMG_0012-300x200.jpg\" alt=\"\" width=\"300\" height=\"200\" \/> <img loading=\"lazy\" decoding=\"async\" class=\"alignright wp-image-1461 size-medium\" src=\"http:\/\/insideamateurfussball-ffm.de\/wp-content\/uploads\/2022\/07\/IMG_0011-300x200.jpg\" alt=\"\" width=\"300\" height=\"200\" \/><\/p>\n\n\n<p><\/p>\n\n\n\n<p><\/p>\n","protected":false},"excerpt":{"rendered":"<p>Die SpVgg 03 Fechenheim testet flei\u00dfig weiter f\u00fcr die kommende Gruppenliga-Saison. Am Samstag-Nachmittag unterlag die Mannschaft von Trainer Maximilian Schmidt dem Hessenliga-Absteiger und kommenden Verbandsligisten FV Bad Vilbel mit 0:3. \u00a0 SpVgg 03 Fechenheim &#8211; FV Bad Vilbel 0:3 (0:1)\u00a0 \u00a0 Der Gast aus der Wetterau dominierte auf dem Rasenplatz in der Sportanlage Pfortenstra\u00dfe von [&hellip;]<\/p>\n","protected":false},"author":2,"featured_media":0,"comment_status":"open","ping_status":"open","sticky":false,"template":"","format":"standard","meta":{"footnotes":""},"categories":[21],"tags":[],"class_list":["post-1442","post","type-post","status-publish","format-standard","hentry","category-testspiele"],"_links":{"self":[{"href":"https:\/\/insideamateurfussball-ffm.de\/index.php?rest_route=\/wp\/v2\/posts\/1442","targetHints":{"allow":["GET"]}}],"collection":[{"href":"https:\/\/insideamateurfussball-ffm.de\/index.php?rest_route=\/wp\/v2\/posts"}],"about":[{"href":"https:\/\/insideamateurfussball-ffm.de\/index.php?rest_route=\/wp\/v2\/types\/post"}],"author":[{"embeddable":true,"href":"https:\/\/insideamateurfussball-ffm.de\/index.php?rest_route=\/wp\/v2\/users\/2"}],"replies":[{"embeddable":true,"href":"https:\/\/insideamateurfussball-ffm.de\/index.php?rest_route=%2Fwp%2Fv2%2Fcomments&post=1442"}],"version-history":[{"count":16,"href":"https:\/\/insideamateurfussball-ffm.de\/index.php?rest_route=\/wp\/v2\/posts\/1442\/revisions"}],"predecessor-version":[{"id":1731,"href":"https:\/\/insideamateurfussball-ffm.de\/index.php?rest_route=\/wp\/v2\/posts\/1442\/revisions\/1731"}],"wp:attachment":[{"href":"https:\/\/insideamateurfussball-ffm.de\/index.php?rest_route=%2Fwp%2Fv2%2Fmedia&parent=1442"}],"wp:term":[{"taxonomy":"category","embeddable":true,"href":"https:\/\/insideamateurfussball-ffm.de\/index.php?rest_route=%2Fwp%2Fv2%2Fcategories&post=1442"},{"taxonomy":"post_tag","embeddable":true,"href":"https:\/\/insideamateurfussball-ffm.de\/index.php?rest_route=%2Fwp%2Fv2%2Ftags&post=1442"}],"curies":[{"name":"wp","href":"https:\/\/api.w.org\/{rel}","templated":true}]}}