{"id":1394,"date":"2022-07-15T19:14:54","date_gmt":"2022-07-15T19:14:54","guid":{"rendered":"http:\/\/insideamateurfussball-ffm.de\/?p=1394"},"modified":"2025-01-06T13:24:29","modified_gmt":"2025-01-06T12:24:29","slug":"rot-weiss-gewinnt-trotz-schwerer-beine","status":"publish","type":"post","link":"https:\/\/insideamateurfussball-ffm.de\/?p=1394","title":{"rendered":"Rot-Weiss gewinnt trotz schwerer Beine"},"content":{"rendered":"\n<pre class=\"wp-block-preformatted has-black-color has-luminous-vivid-amber-background-color has-text-color has-background\" style=\"font-size:17px\">Verbandsligist Rot-Weiss Frankfurt gewann am Donnerstagabend in seinem dritten Testspiel gegen den 1. FC-TSG K\u00f6nigstein aus der Gruppenliga Frankfurt West mit 2:0 (1:0).  <\/pre>\n\n\n\n<figure class=\"wp-block-image size-full is-style-default\"><img decoding=\"async\" src=\"http:\/\/insideamateurfussball-ffm.de\/wp-content\/uploads\/2022\/07\/rw-koen6.jpg\" alt=\"\" class=\"wp-image-1395\"\/><figcaption><strong>Ely Ndombe Kayembe von Rot-Weiss (links) st\u00f6rt K\u00f6nigsteins Kapit\u00e4n Maurice Rudolph. Foto: Mithat G\u00fcrser.<\/strong><\/figcaption><\/figure>\n\n\n<p><strong>SG Rot-Weiss Frankfurt &#8211; 1. FC-TSG K\u00f6nigstein 2:0 (1:0)<\/strong><\/p>\n<p><img loading=\"lazy\" decoding=\"async\" class=\"alignnone size-full wp-image-120\" src=\"http:\/\/insideamateurfussball-ffm.de\/wp-content\/uploads\/2022\/05\/rot-weiss.png\" alt=\"\" width=\"80\" height=\"70\"><img loading=\"lazy\" decoding=\"async\" class=\"alignnone size-full wp-image-1396\" src=\"http:\/\/insideamateurfussball-ffm.de\/wp-content\/uploads\/2022\/07\/koenigstein.png\" alt=\"\" width=\"80\" height=\"72\"><\/p>\n<p>Gespielt wurde auf dem kleinen Kunstrasen am R\u00f6delheimer Parkweg, denn der gr\u00f6\u00dfere Platz befindet sich derzeit im Umbau. Dort wird ein neuer Kunstrasenbelag in den n\u00e4chsten Tagen ausgerollt. Dass Corona noch nicht vorbei ist, verdeutlichte die Kunde, dass vier Spieler der Gastgeber positiv getestet wurden und dementsprechend f\u00fcnf Tage zwischen ihren vier W\u00e4nden verbringen m\u00fcssen. Daf\u00fcr nominierte Rot-Weiss-Trainer Jonel Goncalves nach einer harten Trainingswoche drei A-Jugendliche. &#8222;Wir hatten schwere Beine durch intensive Trainingseinheiten. Deswegen war dieses Spiel schon kr\u00e4ftezehrend. Die U19-Spieler haben es relativ gut gemacht. Wir wollen die Jugend noch n\u00e4her an die Erste Mannschaft bringen durch solche Eins\u00e4tze&#8220;, sagte Goncalves.<\/p>\n<p>Die G\u00e4ste aus dem Kurort boten ebenfalls ein sehr junges Team auf unter der Regie von Trainer Till Sommerfeld, von 2013 bis 2015 auch beim SV Heddernheim t\u00e4tig. Beide Seiten boten auf dem kleinen Feld ein engagiertes Spiel mit allerdings recht wenigen Torraumszenen.<\/p>\n<blockquote>\n<p>&#8222;K\u00f6nigstein hat tief und eng verteidigt&#8220; (Rot-Weiss-Trainer Jonel Goncalves.)<\/p>\n<\/blockquote>\n<p>Die F\u00fchrung der Hausherren durch den von der Spvgg. 05 Oberrad zur\u00fcckgekehrten Hakan G\u00fcltekin (35.) zeigte die Torj\u00e4gerqualit\u00e4ten des Angreifers, der diese Chance sicher verwandelte. Auch nach der Pause investierte Rot-Weiss nicht viel, bei K\u00f6nigstein h\u00e4uften sich indes Fehlp\u00e4sse und Missverst\u00e4ndnisse im Defensivbereich. G\u00fcltekin (65.) und Ayman Amjahed Qandil (71.) trafen den Pfosten, K\u00f6nigstein hatte mit Krish Raweri (74.) und Jonas L\u00f6ffler (81.) Ausgleichschancen. F\u00fcr das 2:0 sorgte schlie\u00dflich vier Minuten vor Schluss der Ex-Vilbeler Mario Shuteriqi (86.).<\/p>\n<p>&#8222;K\u00f6nigstein hat tief und eng verteidigt, sodass es nur wenige Offensivaktionen gab&#8220;, erkannte Goncalves. Der Testreigen geht am Sonntag gegen den SV Zeilsheim aus der Verbandsliga Mitte weiter (15 Uhr). Dann sind es nur noch zwei Wochen bis zum ersten Pflichtspiel, dem Kreispokal-Spiel der 1. Runde beim FC Gudesding. &#8222;Wir wollen die Spieler fit bekommen und erh\u00f6hen langsam die Anzahl der Spielminuten. Die Leute brauchen Ausdauer, Kraft und Konzentration f\u00fcr 90 Minuten&#8220;, unterstrich Goncalves.&nbsp;&nbsp;<\/p>\n<pre>Schiedsrichter: Lennart Steppe (SV Blau-Gelb). Zuschauer: 78. <br>Tore: 1:0 Hakan G\u00fcltekin (35.), 2:0 Mario Shuteriqi (86.).<\/pre>\n<p><\/p>\n\n\n<figure class=\"wp-block-gallery has-nested-images columns-default is-cropped wp-block-gallery-1 is-layout-flex wp-block-gallery-is-layout-flex\">\n<figure class=\"wp-block-image size-large is-style-default\"><img decoding=\"async\" data-id=\"1397\" src=\"http:\/\/insideamateurfussball-ffm.de\/wp-content\/uploads\/2022\/07\/rw-koen3.jpg\" alt=\"\" class=\"wp-image-1397\"\/><figcaption>Fotos: Mithat G\u00fcrser.<\/figcaption><\/figure>\n<\/figure>\n\n\n\n<figure class=\"wp-block-image size-full is-style-default\"><img decoding=\"async\" src=\"http:\/\/insideamateurfussball-ffm.de\/wp-content\/uploads\/2022\/07\/rw-koe9.jpg\" alt=\"\" class=\"wp-image-1398\"\/><\/figure>\n\n\n\n<figure class=\"wp-block-image size-full is-style-default\"><img decoding=\"async\" src=\"http:\/\/insideamateurfussball-ffm.de\/wp-content\/uploads\/2022\/07\/rw-koen7.jpg\" alt=\"\" class=\"wp-image-1399\"\/><\/figure>\n\n\n\n<figure class=\"wp-block-image size-full is-style-default\"><img decoding=\"async\" src=\"http:\/\/insideamateurfussball-ffm.de\/wp-content\/uploads\/2022\/07\/rw-koen4.jpg\" alt=\"\" class=\"wp-image-1400\"\/><\/figure>\n\n\n\n<figure class=\"wp-block-image size-full is-style-default\"><img decoding=\"async\" src=\"http:\/\/insideamateurfussball-ffm.de\/wp-content\/uploads\/2022\/07\/rw-koen1.jpg\" alt=\"\" class=\"wp-image-1401\"\/><\/figure>\n\n\n\n<figure class=\"wp-block-image size-full is-style-default\"><img decoding=\"async\" src=\"http:\/\/insideamateurfussball-ffm.de\/wp-content\/uploads\/2022\/07\/rw-koen8.jpg\" alt=\"\" class=\"wp-image-1402\"\/><\/figure>\n\n\n\n<figure class=\"wp-block-image size-full is-style-default\"><img decoding=\"async\" src=\"http:\/\/insideamateurfussball-ffm.de\/wp-content\/uploads\/2022\/07\/rw-koen5.jpg\" alt=\"\" class=\"wp-image-1403\"\/><\/figure>\n\n\n\n<div class=\"wp-block-columns is-layout-flex wp-container-core-columns-is-layout-28f84493 wp-block-columns-is-layout-flex\">\n<div class=\"wp-block-column is-layout-flow wp-block-column-is-layout-flow\">\n<figure class=\"wp-block-image size-full is-style-default\"><img decoding=\"async\" src=\"http:\/\/insideamateurfussball-ffm.de\/wp-content\/uploads\/2022\/07\/rw-koen2.jpg\" alt=\"\" class=\"wp-image-1404\"\/><\/figure>\n<\/div>\n<\/div>\n\n\n\n<figure class=\"wp-block-image size-full is-style-default\"><img decoding=\"async\" src=\"http:\/\/insideamateurfussball-ffm.de\/wp-content\/uploads\/2022\/07\/rw-koen10.jpg\" alt=\"\" class=\"wp-image-1405\"\/><\/figure>\n\n\n\n<figure class=\"wp-block-image size-full is-style-default\"><img decoding=\"async\" src=\"http:\/\/insideamateurfussball-ffm.de\/wp-content\/uploads\/2022\/07\/trainer2.jpg\" alt=\"\" class=\"wp-image-1408\"\/><figcaption><strong>K\u00f6nigsteins Trainer Till Sommerfeld. Foto: Mithat G\u00fcrser. <\/strong><\/figcaption><\/figure>\n","protected":false},"excerpt":{"rendered":"<p>Verbandsligist Rot-Weiss Frankfurt gewann am Donnerstagabend in seinem dritten Testspiel gegen den 1. FC-TSG K\u00f6nigstein aus der Gruppenliga Frankfurt West mit 2:0 (1:0). SG Rot-Weiss Frankfurt &#8211; 1. FC-TSG K\u00f6nigstein 2:0 (1:0) Gespielt wurde auf dem kleinen Kunstrasen am R\u00f6delheimer Parkweg, denn der gr\u00f6\u00dfere Platz befindet sich derzeit im Umbau. Dort wird ein neuer Kunstrasenbelag [&hellip;]<\/p>\n","protected":false},"author":1,"featured_media":0,"comment_status":"open","ping_status":"open","sticky":false,"template":"","format":"standard","meta":{"footnotes":""},"categories":[21],"tags":[],"class_list":["post-1394","post","type-post","status-publish","format-standard","hentry","category-testspiele"],"_links":{"self":[{"href":"https:\/\/insideamateurfussball-ffm.de\/index.php?rest_route=\/wp\/v2\/posts\/1394","targetHints":{"allow":["GET"]}}],"collection":[{"href":"https:\/\/insideamateurfussball-ffm.de\/index.php?rest_route=\/wp\/v2\/posts"}],"about":[{"href":"https:\/\/insideamateurfussball-ffm.de\/index.php?rest_route=\/wp\/v2\/types\/post"}],"author":[{"embeddable":true,"href":"https:\/\/insideamateurfussball-ffm.de\/index.php?rest_route=\/wp\/v2\/users\/1"}],"replies":[{"embeddable":true,"href":"https:\/\/insideamateurfussball-ffm.de\/index.php?rest_route=%2Fwp%2Fv2%2Fcomments&post=1394"}],"version-history":[{"count":3,"href":"https:\/\/insideamateurfussball-ffm.de\/index.php?rest_route=\/wp\/v2\/posts\/1394\/revisions"}],"predecessor-version":[{"id":1410,"href":"https:\/\/insideamateurfussball-ffm.de\/index.php?rest_route=\/wp\/v2\/posts\/1394\/revisions\/1410"}],"wp:attachment":[{"href":"https:\/\/insideamateurfussball-ffm.de\/index.php?rest_route=%2Fwp%2Fv2%2Fmedia&parent=1394"}],"wp:term":[{"taxonomy":"category","embeddable":true,"href":"https:\/\/insideamateurfussball-ffm.de\/index.php?rest_route=%2Fwp%2Fv2%2Fcategories&post=1394"},{"taxonomy":"post_tag","embeddable":true,"href":"https:\/\/insideamateurfussball-ffm.de\/index.php?rest_route=%2Fwp%2Fv2%2Ftags&post=1394"}],"curies":[{"name":"wp","href":"https:\/\/api.w.org\/{rel}","templated":true}]}}