{"id":1382,"date":"2022-07-14T14:53:17","date_gmt":"2022-07-14T14:53:17","guid":{"rendered":"http:\/\/insideamateurfussball-ffm.de\/?p=1382"},"modified":"2025-01-06T13:24:42","modified_gmt":"2025-01-06T12:24:42","slug":"zeravica-wieder-bei-croatia","status":"publish","type":"post","link":"https:\/\/insideamateurfussball-ffm.de\/?p=1382","title":{"rendered":"Zeravica wieder bei Croatia"},"content":{"rendered":"\n<pre class=\"wp-block-preformatted has-black-color has-luminous-vivid-amber-background-color has-text-color has-background\" style=\"font-size:17px;font-style:normal;font-weight:600\">Kreisoberligist FC Croatia geht mit einem neuen Trainergespann in die Saison 2022\/23. <\/pre>\n\n\n\n<figure class=\"wp-block-image size-full is-style-default\"><img loading=\"lazy\" decoding=\"async\" width=\"737\" height=\"650\" src=\"http:\/\/insideamateurfussball-ffm.de\/wp-content\/uploads\/2022\/07\/Zeravica.jpg\" alt=\"\" class=\"wp-image-1383\" srcset=\"https:\/\/insideamateurfussball-ffm.de\/wp-content\/uploads\/2022\/07\/Zeravica.jpg 737w, https:\/\/insideamateurfussball-ffm.de\/wp-content\/uploads\/2022\/07\/Zeravica-300x265.jpg 300w\" sizes=\"auto, (max-width: 737px) 100vw, 737px\" \/><figcaption><strong>Dino Bozinovic-Mador (links) und Josip Zeravica bilden das Trainergespann beim FC Croatia. Foto: FCC.<\/strong><\/figcaption><\/figure>\n\n\n<p>In der Saison 2020\/21 war Zeravica schon einmal bei Croatia, damals kam er mit seinem Trainerkollegen Milan Pavlicic, mit dem der in Mainz wohnhafte Coach bis zum Ende der vergangenen Spielzeit beim FC Fortuna Mombach in der Landesliga S\u00fcdwest (Gruppe Ost) t\u00e4tig war. Mit dem Mainzer Stadtteilverein stieg Zeravica in der Abstiegsrunde in die Bezirksliga Rheinhessen ab. Vor zwei Jahren war das Trainerduo bei Croatia nur bis Ende Oktober t\u00e4tig, denn der Spielbetrieb wurde in jener Spielzeit aufgrund der Corona-Pandemie im Herbst abgebrochen, die Saison wurde bekanntlich annulliert. Croatia stand zum Zeitpunkt des Abbruchs auf dem soliden elften Tabellenplatz. Nachdem der Club sich im Fr\u00fchjahr von Trainer Daniel Konta getrennt hatte, \u00fcbernahm interimsweise Dino Bozinovic-Mador die Mannschaft als Spielertrainer und schaffte erst am letzten Spieltag mit dem 4:0 gegen den TSKV T\u00fcrkg\u00fcc\u00fc den Klassenerhalt.<\/p>\n<p>In Abstiegsgefahr waren die Kroaten durch ein Urteil des Kreissportgerichtes geraten. Nach dem 0:6 im Kreispokal-Viertelfinale beim SV Heddernheim hatten eigene Anh\u00e4nger den Schiedsrichter als S\u00fcndenbock auserkoren und ihn t\u00e4tlich angegriffen. Die Ausschreitungen wurden unter anderem mit dem Abzug von drei Punkten geahndet, was beinahe sogar den Ligaerhalt gekostet h\u00e4tte. Dass Zeravica nun in seine zweite Amtsperiode an der Br\u00fchlwiese geht, hat einfache Gr\u00fcnde: &#8222;Der stetige Kontakt zu den Spielern ist nie abgerissen, deswegen musste ich das unbedingt machen.&#8220; Die bei Croatia sonst \u00fcblichen Personal\u00e4nderungen hielten sich diesmal in Grenzen. Bisher stehen mit Antonio Milicevic aus Kroatien, Ivan Banovic (BSC Brunsb\u00fcttel), Marko Brasnic (Fortuna Mombach) und Kristijan Gavran (TuS Makkabi) vier Neuzug\u00e4nge fest.<\/p>\n<blockquote>\n<p>&#8222;Trotz der Urlaubsphase stimmt die Chemie, wir bilden eine homegene Einheit&#8220; (Croatia-Trainer Josip Zeravica).<\/p>\n<\/blockquote>\n<p>Drazen Gluhakovic (Spvgg. Oberrad) und Dario Iljazovic (DJK Schwarz-Wei\u00df Griesheim) haben den Club verlassen. Durch die diesmal geringe personelle Fluktuation sei ein gutes Fundament f\u00fcr die neue Saison aufgebaut worden, &#8222;das passt jetzt so&#8220;, unterstreicht der 30-j\u00e4hrige. In der Vorbereitungsphase wurden nur wenige Testspiele vereinbart, das letzte Woche anberaumte Spiel bei A-Ligist SC Goldstein konnte nicht stattfinden. Es bleiben jetzt nur noch das Gastspiel am Sonntag (16 Uhr) bei Eintracht Oberursel und das f\u00fcr kommenden Donnerstag (21.7.\/20 Uhr) angesetzte Spiel beim SV Sachsenhausen, um sich einzuspielen.<\/p>\n<p>Denn Ende des Monats steht am 31. Juli das erste Pflichtspiel im Rahmen der ersten Kreispokal-Runde beim A-Ligisten FFC Olympia 07 (15 Uhr) an, ehe die Kreisoberliga-Saison kurioserweise mit dem gleichen Spiel beginnt, wie sie aufgeh\u00f6rt hat. Es geht am ersten Spieltag gegen T\u00fcrkg\u00fcc\u00fc, gegen die Mitte Juni durch den 4:0-Sieg die Klasse erst gehalten wurde. &#8222;Trotz der Urlaubsphase stimmt die Chemie, wir bilden eine homogene Einheit&#8220;, unterstreicht Zeravica, dem ein guter Saisonstart vorschwebt: &#8222;M\u00f6glichst viele Punkte am Anfang bilden eine Grundlage f\u00fcr den Rest der Saison. Wir haben deutlich mehr Potenzial als letzte Saison und haben jetzt schon &#8211; trotz der Urlaubszeit &#8211; ein gutes Team beisammen&#8220;, bekennt der neue und alte Croatia-Coach.&nbsp; &nbsp;&nbsp;<\/p>","protected":false},"excerpt":{"rendered":"<p>Kreisoberligist FC Croatia geht mit einem neuen Trainergespann in die Saison 2022\/23. In der Saison 2020\/21 war Zeravica schon einmal bei Croatia, damals kam er mit seinem Trainerkollegen Milan Pavlicic, mit dem der in Mainz wohnhafte Coach bis zum Ende der vergangenen Spielzeit beim FC Fortuna Mombach in der Landesliga S\u00fcdwest (Gruppe Ost) t\u00e4tig war. [&hellip;]<\/p>\n","protected":false},"author":1,"featured_media":1383,"comment_status":"open","ping_status":"open","sticky":false,"template":"","format":"standard","meta":{"footnotes":""},"categories":[2],"tags":[],"class_list":["post-1382","post","type-post","status-publish","format-standard","has-post-thumbnail","hentry","category-kreisoberliga-frankfurt"],"_links":{"self":[{"href":"https:\/\/insideamateurfussball-ffm.de\/index.php?rest_route=\/wp\/v2\/posts\/1382","targetHints":{"allow":["GET"]}}],"collection":[{"href":"https:\/\/insideamateurfussball-ffm.de\/index.php?rest_route=\/wp\/v2\/posts"}],"about":[{"href":"https:\/\/insideamateurfussball-ffm.de\/index.php?rest_route=\/wp\/v2\/types\/post"}],"author":[{"embeddable":true,"href":"https:\/\/insideamateurfussball-ffm.de\/index.php?rest_route=\/wp\/v2\/users\/1"}],"replies":[{"embeddable":true,"href":"https:\/\/insideamateurfussball-ffm.de\/index.php?rest_route=%2Fwp%2Fv2%2Fcomments&post=1382"}],"version-history":[{"count":5,"href":"https:\/\/insideamateurfussball-ffm.de\/index.php?rest_route=\/wp\/v2\/posts\/1382\/revisions"}],"predecessor-version":[{"id":1390,"href":"https:\/\/insideamateurfussball-ffm.de\/index.php?rest_route=\/wp\/v2\/posts\/1382\/revisions\/1390"}],"wp:featuredmedia":[{"embeddable":true,"href":"https:\/\/insideamateurfussball-ffm.de\/index.php?rest_route=\/wp\/v2\/media\/1383"}],"wp:attachment":[{"href":"https:\/\/insideamateurfussball-ffm.de\/index.php?rest_route=%2Fwp%2Fv2%2Fmedia&parent=1382"}],"wp:term":[{"taxonomy":"category","embeddable":true,"href":"https:\/\/insideamateurfussball-ffm.de\/index.php?rest_route=%2Fwp%2Fv2%2Fcategories&post=1382"},{"taxonomy":"post_tag","embeddable":true,"href":"https:\/\/insideamateurfussball-ffm.de\/index.php?rest_route=%2Fwp%2Fv2%2Ftags&post=1382"}],"curies":[{"name":"wp","href":"https:\/\/api.w.org\/{rel}","templated":true}]}}