{"id":1355,"date":"2022-07-12T16:12:10","date_gmt":"2022-07-12T16:12:10","guid":{"rendered":"http:\/\/insideamateurfussball-ffm.de\/?p=1355"},"modified":"2025-01-06T13:20:12","modified_gmt":"2025-01-06T12:20:12","slug":"rot-weiss-erst-am-9-8-gegen-neu-isenburg","status":"publish","type":"post","link":"https:\/\/insideamateurfussball-ffm.de\/?p=1355","title":{"rendered":"Rot-Weiss erst am 9.8. gegen Neu-Isenburg"},"content":{"rendered":"<h5>Mit 17 Vereinen startet die Verbandsliga S\u00fcd am ersten August-Wochenende in die Saison 2022\/23. Im Er\u00f6ffnungsspiel stehen sich am Freitagabend die beiden Aufsteiger Sportfreunde Seligenstadt und VfR Fehlheim gegen\u00fcber. Hessenliga-Abteiger FV Bad Vilbel tr\u00e4gt sein erstes Heimspiel an einem Samstagabend um 18 Uhr gegen Eintracht Wald-Michelbach aus. Die Frankfurter Vereine FFV Sportfreunde (beim JSK Rodgau) und SG Bornheim Gr\u00fcn-Weiss (bei Rot-Wei\u00df Darmstadt) starten ausw\u00e4rts. Das Heimspiel von Rot-Weiss Frankfurt gegen die Spvgg. 03 Neu-Isenburg wurde auf Dienstag, 9. August verlegt.<\/h5>\n<figure id=\"attachment_1356\" aria-describedby=\"caption-attachment-1356\" style=\"width: 313px\" class=\"wp-caption alignnone\"><img loading=\"lazy\" decoding=\"async\" class=\"wp-image-1356\" src=\"http:\/\/insideamateurfussball-ffm.de\/wp-content\/uploads\/2022\/07\/etw9-1-300x189.jpg\" alt=\"\" width=\"313\" height=\"197\"><figcaption id=\"caption-attachment-1356\" class=\"wp-caption-text\">Auf der G\u00e4stebank nimmt am 9.8. die Spvgg. Neu-Isenburg Platz. Foto: Mithat G\u00fcrser.<\/figcaption><\/figure>\n<h5>1. Spieltag 7. August:<\/h5>\n<p>Sportfreunde Seligenstadt &#8211; VfR Fehlheim (Fr., 19 Uhr)<\/p>\n<p>TS Ober-Roden &#8211; VfB Ginsheim (Sa., 14 Uhr)<\/p>\n<p>FV Bad Vilbel &#8211; Eintracht Wald-Michelbach (Sa., 18 Uhr)<\/p>\n<p>SV M\u00fcnster &#8211; SC Dortelweil<\/p>\n<p>JSK Rodgau &#8211; FFV Sportfreunde 04<\/p>\n<p>SC Hanau 1960 &#8211; Germania Ober-Roden<\/p>\n<p>Rot-Wei\u00df Darmstadt &#8211; SG Bornheim Gr\u00fcn-Weiss (alle So., 15 Uhr)<\/p>\n<p>Rot-Weiss Frankfurt &#8211; Spvgg. 03 Neu-Isenburg (Di., 19.30 Uhr)<\/p>\n<h5>2. Spieltag 14. August:<\/h5>\n<p>SC Dortelweil &#8211; FV Bad Vilbel (Fr., 19.30 Uhr)<\/p>\n<p>Eintracht Wald-Michelbach &#8211; Sportfreunde Seligenstadt (Sa., 16 Uhr)<\/p>\n<p>Dersim R\u00fcsselsheim &#8211; Rot-Wei\u00df Darmstadt<\/p>\n<p>Germania Ober-Roden &#8211; JSK Rodgau<\/p>\n<p>VfB Ginsheim &#8211; Spvgg. 03 Neu-Isenburg<\/p>\n<p>Rot-Weiss Frankfurt &#8211; SC Hanau 1960 (alle So., 15 Uhr)<\/p>\n<p>SG Bornheim Gr\u00fcn-Weiss &#8211; TS Ober-Roden<\/p>\n<p>FFV Sportfreunde 04 &#8211; SV M\u00fcnster (beide So., 15.30 Uhr)<\/p>\n<h5><\/h5>\n","protected":false},"excerpt":{"rendered":"<p>Mit 17 Vereinen startet die Verbandsliga S\u00fcd am ersten August-Wochenende in die Saison 2022\/23. Im Er\u00f6ffnungsspiel stehen sich am Freitagabend die beiden Aufsteiger Sportfreunde Seligenstadt und VfR Fehlheim gegen\u00fcber. Hessenliga-Abteiger FV Bad Vilbel tr\u00e4gt sein erstes Heimspiel an einem Samstagabend um 18 Uhr gegen Eintracht Wald-Michelbach aus. Die Frankfurter Vereine FFV Sportfreunde (beim JSK Rodgau) [&hellip;]<\/p>\n","protected":false},"author":1,"featured_media":0,"comment_status":"open","ping_status":"open","sticky":false,"template":"","format":"standard","meta":{"footnotes":""},"categories":[26],"tags":[],"class_list":["post-1355","post","type-post","status-publish","format-standard","hentry","category-spielplaene"],"_links":{"self":[{"href":"https:\/\/insideamateurfussball-ffm.de\/index.php?rest_route=\/wp\/v2\/posts\/1355","targetHints":{"allow":["GET"]}}],"collection":[{"href":"https:\/\/insideamateurfussball-ffm.de\/index.php?rest_route=\/wp\/v2\/posts"}],"about":[{"href":"https:\/\/insideamateurfussball-ffm.de\/index.php?rest_route=\/wp\/v2\/types\/post"}],"author":[{"embeddable":true,"href":"https:\/\/insideamateurfussball-ffm.de\/index.php?rest_route=\/wp\/v2\/users\/1"}],"replies":[{"embeddable":true,"href":"https:\/\/insideamateurfussball-ffm.de\/index.php?rest_route=%2Fwp%2Fv2%2Fcomments&post=1355"}],"version-history":[{"count":2,"href":"https:\/\/insideamateurfussball-ffm.de\/index.php?rest_route=\/wp\/v2\/posts\/1355\/revisions"}],"predecessor-version":[{"id":1358,"href":"https:\/\/insideamateurfussball-ffm.de\/index.php?rest_route=\/wp\/v2\/posts\/1355\/revisions\/1358"}],"wp:attachment":[{"href":"https:\/\/insideamateurfussball-ffm.de\/index.php?rest_route=%2Fwp%2Fv2%2Fmedia&parent=1355"}],"wp:term":[{"taxonomy":"category","embeddable":true,"href":"https:\/\/insideamateurfussball-ffm.de\/index.php?rest_route=%2Fwp%2Fv2%2Fcategories&post=1355"},{"taxonomy":"post_tag","embeddable":true,"href":"https:\/\/insideamateurfussball-ffm.de\/index.php?rest_route=%2Fwp%2Fv2%2Ftags&post=1355"}],"curies":[{"name":"wp","href":"https:\/\/api.w.org\/{rel}","templated":true}]}}