{"id":1352,"date":"2022-07-12T15:40:34","date_gmt":"2022-07-12T15:40:34","guid":{"rendered":"http:\/\/insideamateurfussball-ffm.de\/?p=1352"},"modified":"2025-01-06T13:20:18","modified_gmt":"2025-01-06T12:20:18","slug":"stadtkarte-kla2","status":"publish","type":"post","link":"https:\/\/insideamateurfussball-ffm.de\/?p=1352","title":{"rendered":"Stadtkarte KLA2"},"content":{"rendered":"<h5>Unser Freund Marko Cickovic vom SV Bonames nimmt sich heute die Kreisliga A Frankfurt (Gruppe 2) graphisch und geographisch vor. Aus dem Schaubild wird ersichtlich, dass es sich bei der Einteilung um die klassische &#8222;S\u00fcdost-Gruppe&#8220; handelt. Neu in der Klasse sind Kreisoberliga-Absteiger SC Weiss-Blau und drei Aufsteiger aus den B-Ligen: TuS Makkabi II, SV Frankfurt Nord und der SV BKC Bosnien II. Au\u00dferdem wurde die Reserve des FFV Sportfreunde 04 aus der Gruppe 1 &#8222;verschoben&#8220;, da es sonst mit den Schl\u00fcsselzahlen nicht gestimmt h\u00e4tte. Acht Vereine liegen s\u00fcdlich des Mains, zehn n\u00f6rdlich des Flusses. Viele Nachbarschaftduelle wie der Klassiker im Osten zwischen Germania Enkheim und dem FSV Bergen versprechen eine interessante Runde.<\/h5>\n<figure id=\"attachment_1353\" aria-describedby=\"caption-attachment-1353\" style=\"width: 692px\" class=\"wp-caption alignnone\"><img loading=\"lazy\" decoding=\"async\" class=\"wp-image-1353 size-full\" src=\"http:\/\/insideamateurfussball-ffm.de\/wp-content\/uploads\/2022\/07\/220630_KLA_G2.png\" alt=\"\" width=\"692\" height=\"692\" srcset=\"https:\/\/insideamateurfussball-ffm.de\/wp-content\/uploads\/2022\/07\/220630_KLA_G2.png 692w, https:\/\/insideamateurfussball-ffm.de\/wp-content\/uploads\/2022\/07\/220630_KLA_G2-300x300.png 300w, https:\/\/insideamateurfussball-ffm.de\/wp-content\/uploads\/2022\/07\/220630_KLA_G2-150x150.png 150w\" sizes=\"auto, (max-width: 692px) 100vw, 692px\" \/><figcaption id=\"caption-attachment-1353\" class=\"wp-caption-text\">Fast jeder Verein hat einen unmittelbaren Nachbarn, was viele Derbys in der KLA2 verspricht. Grafik: Marko Cickovic (SV Bonames).<\/figcaption><\/figure>\n","protected":false},"excerpt":{"rendered":"<p>Unser Freund Marko Cickovic vom SV Bonames nimmt sich heute die Kreisliga A Frankfurt (Gruppe 2) graphisch und geographisch vor. Aus dem Schaubild wird ersichtlich, dass es sich bei der Einteilung um die klassische &#8222;S\u00fcdost-Gruppe&#8220; handelt. Neu in der Klasse sind Kreisoberliga-Absteiger SC Weiss-Blau und drei Aufsteiger aus den B-Ligen: TuS Makkabi II, SV Frankfurt [&hellip;]<\/p>\n","protected":false},"author":1,"featured_media":1353,"comment_status":"open","ping_status":"open","sticky":false,"template":"","format":"standard","meta":{"footnotes":""},"categories":[14],"tags":[],"class_list":["post-1352","post","type-post","status-publish","format-standard","has-post-thumbnail","hentry","category-kreisliga-a2"],"_links":{"self":[{"href":"https:\/\/insideamateurfussball-ffm.de\/index.php?rest_route=\/wp\/v2\/posts\/1352","targetHints":{"allow":["GET"]}}],"collection":[{"href":"https:\/\/insideamateurfussball-ffm.de\/index.php?rest_route=\/wp\/v2\/posts"}],"about":[{"href":"https:\/\/insideamateurfussball-ffm.de\/index.php?rest_route=\/wp\/v2\/types\/post"}],"author":[{"embeddable":true,"href":"https:\/\/insideamateurfussball-ffm.de\/index.php?rest_route=\/wp\/v2\/users\/1"}],"replies":[{"embeddable":true,"href":"https:\/\/insideamateurfussball-ffm.de\/index.php?rest_route=%2Fwp%2Fv2%2Fcomments&post=1352"}],"version-history":[{"count":1,"href":"https:\/\/insideamateurfussball-ffm.de\/index.php?rest_route=\/wp\/v2\/posts\/1352\/revisions"}],"predecessor-version":[{"id":1354,"href":"https:\/\/insideamateurfussball-ffm.de\/index.php?rest_route=\/wp\/v2\/posts\/1352\/revisions\/1354"}],"wp:featuredmedia":[{"embeddable":true,"href":"https:\/\/insideamateurfussball-ffm.de\/index.php?rest_route=\/wp\/v2\/media\/1353"}],"wp:attachment":[{"href":"https:\/\/insideamateurfussball-ffm.de\/index.php?rest_route=%2Fwp%2Fv2%2Fmedia&parent=1352"}],"wp:term":[{"taxonomy":"category","embeddable":true,"href":"https:\/\/insideamateurfussball-ffm.de\/index.php?rest_route=%2Fwp%2Fv2%2Fcategories&post=1352"},{"taxonomy":"post_tag","embeddable":true,"href":"https:\/\/insideamateurfussball-ffm.de\/index.php?rest_route=%2Fwp%2Fv2%2Ftags&post=1352"}],"curies":[{"name":"wp","href":"https:\/\/api.w.org\/{rel}","templated":true}]}}