{"id":1344,"date":"2022-07-11T21:09:20","date_gmt":"2022-07-11T21:09:20","guid":{"rendered":"http:\/\/insideamateurfussball-ffm.de\/?p=1344"},"modified":"2025-01-05T12:22:03","modified_gmt":"2025-01-05T11:22:03","slug":"makkabi-stellt-neues-trainerteam-vor","status":"publish","type":"post","link":"https:\/\/insideamateurfussball-ffm.de\/?p=1344","title":{"rendered":"Makkabi stellt neues Trainerteam vor"},"content":{"rendered":"<h5>Als Nachfolger des \u00fcberraschend zur\u00fcckgetretenen Steven Kessler hat der Frankfurter Kreisoberligist TuS Makkabi ein neues Trainerteam vorgestellt, welches unter Federf\u00fchrung von Marlon Huberman in die anstehende Kreisoberliga-Saison gehen soll.<\/h5>\n<figure id=\"attachment_1345\" aria-describedby=\"caption-attachment-1345\" style=\"width: 150px\" class=\"wp-caption alignnone\"><img loading=\"lazy\" decoding=\"async\" class=\"wp-image-1345 size-thumbnail\" src=\"http:\/\/insideamateurfussball-ffm.de\/wp-content\/uploads\/2022\/07\/Makki-150x150.png\" alt=\"\" width=\"150\" height=\"150\" \/><figcaption id=\"caption-attachment-1345\" class=\"wp-caption-text\">Yan Gurevych, Marlon Huberman und Peter Ogrodnik bilden das neue Trainerteam beim TuS Makkabi. Foto: TuSM.<\/figcaption><\/figure>\n<p><img loading=\"lazy\" decoding=\"async\" class=\"alignnone size-full wp-image-90\" src=\"http:\/\/insideamateurfussball-ffm.de\/wp-content\/uploads\/2022\/05\/makkabi-neu.jpg\" alt=\"\" width=\"80\" height=\"80\" \/><\/p>\n<p>Marlon, Sohn von Makkabi-Trainerlegende Jorge Huberman und langj\u00e4hriger Spieler der Ersten Mannschaft, war zuletzt mit Yan Gurevych f\u00fcr die in die A-Klasse aufgestiegene Reserve zust\u00e4ndig, wo beide aktiv auf dem Spielfeld zum Aufstieg beitrugen. Gurevych fungierte zudem als Pressesprecher der Reserve. Ogrodnik ist ebenfalls ein langj\u00e4hriger Makkab\u00e4er, der einst an der Bertramswiese f\u00fcr seine weiten Einw\u00fcrfe gef\u00fcrchtet war und in den letzten Jahren einen Abstecher zum SV Bonames machte. Nun ist der erfahrene Ogrodnik Bestandteil des Trainerteams, welches nach dem gro\u00dfen Aderlass mit Spielerabg\u00e4ngen wichtiger Stammspieler eine wettbewerbsf\u00e4hige Mannschaft bilden soll. Aktuell sind vier Testspiele ausw\u00e4rts geplant, bis es am 31. Juli mit dem Kreispokalspiel bei der Griechischen Sport-Union in den Pflichtspielbetrieb geht. Das erste Punktspiel in der Kreisoberliga f\u00fchrt Makkabi am 7. August zum FC Posavina.<\/p>\n<h5>Die Testspiele: Donnerstag, 14. Juli TuS Nieder-Eschbach (A), Dienstag, 19. Juli FSC Eschborn (A), Sonntag 24. Juli VfL Germania 94 (A), Dienstag 26. Juli TSG Nieder-Erlenbach (A).<\/h5>\n","protected":false},"excerpt":{"rendered":"<p>Als Nachfolger des \u00fcberraschend zur\u00fcckgetretenen Steven Kessler hat der Frankfurter Kreisoberligist TuS Makkabi ein neues Trainerteam vorgestellt, welches unter Federf\u00fchrung von Marlon Huberman in die anstehende Kreisoberliga-Saison gehen soll. Marlon, Sohn von Makkabi-Trainerlegende Jorge Huberman und langj\u00e4hriger Spieler der Ersten Mannschaft, war zuletzt mit Yan Gurevych f\u00fcr die in die A-Klasse aufgestiegene Reserve zust\u00e4ndig, wo [&hellip;]<\/p>\n","protected":false},"author":1,"featured_media":0,"comment_status":"open","ping_status":"open","sticky":false,"template":"","format":"standard","meta":{"footnotes":""},"categories":[2],"tags":[],"class_list":["post-1344","post","type-post","status-publish","format-standard","hentry","category-kreisoberliga-frankfurt"],"_links":{"self":[{"href":"https:\/\/insideamateurfussball-ffm.de\/index.php?rest_route=\/wp\/v2\/posts\/1344","targetHints":{"allow":["GET"]}}],"collection":[{"href":"https:\/\/insideamateurfussball-ffm.de\/index.php?rest_route=\/wp\/v2\/posts"}],"about":[{"href":"https:\/\/insideamateurfussball-ffm.de\/index.php?rest_route=\/wp\/v2\/types\/post"}],"author":[{"embeddable":true,"href":"https:\/\/insideamateurfussball-ffm.de\/index.php?rest_route=\/wp\/v2\/users\/1"}],"replies":[{"embeddable":true,"href":"https:\/\/insideamateurfussball-ffm.de\/index.php?rest_route=%2Fwp%2Fv2%2Fcomments&post=1344"}],"version-history":[{"count":1,"href":"https:\/\/insideamateurfussball-ffm.de\/index.php?rest_route=\/wp\/v2\/posts\/1344\/revisions"}],"predecessor-version":[{"id":1346,"href":"https:\/\/insideamateurfussball-ffm.de\/index.php?rest_route=\/wp\/v2\/posts\/1344\/revisions\/1346"}],"wp:attachment":[{"href":"https:\/\/insideamateurfussball-ffm.de\/index.php?rest_route=%2Fwp%2Fv2%2Fmedia&parent=1344"}],"wp:term":[{"taxonomy":"category","embeddable":true,"href":"https:\/\/insideamateurfussball-ffm.de\/index.php?rest_route=%2Fwp%2Fv2%2Fcategories&post=1344"},{"taxonomy":"post_tag","embeddable":true,"href":"https:\/\/insideamateurfussball-ffm.de\/index.php?rest_route=%2Fwp%2Fv2%2Ftags&post=1344"}],"curies":[{"name":"wp","href":"https:\/\/api.w.org\/{rel}","templated":true}]}}