{"id":1330,"date":"2022-07-11T19:20:21","date_gmt":"2022-07-11T19:20:21","guid":{"rendered":"http:\/\/insideamateurfussball-ffm.de\/?p=1330"},"modified":"2025-01-05T12:22:16","modified_gmt":"2025-01-05T11:22:16","slug":"rfc-sprecher-flauaus-wagt-ausblick-auf-neue-saison","status":"publish","type":"post","link":"https:\/\/insideamateurfussball-ffm.de\/?p=1330","title":{"rendered":"RFC-Sprecher Flauaus wagt Ausblick auf neue Saison"},"content":{"rendered":"<h5>Unser Gastautor Volker Flauaus, Presssprecher beim 1. FC 02 R\u00f6delheim wagt in seiner Vorschau einen Ausblick auf die neue Saison in der Kreisliga A Frankfurt (Gruppe 1). Vielen Dank an Volker f\u00fcr seinen Beitrag.<\/h5>\n<figure id=\"attachment_1331\" aria-describedby=\"caption-attachment-1331\" style=\"width: 150px\" class=\"wp-caption alignnone\"><img loading=\"lazy\" decoding=\"async\" class=\"wp-image-1331 size-thumbnail\" src=\"http:\/\/insideamateurfussball-ffm.de\/wp-content\/uploads\/2022\/07\/roe2-1-150x150.jpg\" alt=\"\" width=\"150\" height=\"150\" \/><figcaption id=\"caption-attachment-1331\" class=\"wp-caption-text\">Szene aus dem Testspiel der R\u00f6delheimer gegen den FSV Bergen (3:3). Foto: Mithat G\u00fcrser.<\/figcaption><\/figure>\n<p><img loading=\"lazy\" decoding=\"async\" class=\"alignnone size-full wp-image-932\" src=\"http:\/\/insideamateurfussball-ffm.de\/wp-content\/uploads\/2022\/06\/Roedelheim.jpg\" alt=\"\" width=\"80\" height=\"73\" \/><\/p>\n<div data-canvas-width=\"511.184\">\n<div data-canvas-width=\"577.3919999999998\">Nachdem nun die Spielpl\u00e4ne f\u00fcr die Saison 2022\/2023 finalisiert wurden, fiebern Spieler,<\/div>\n<div data-canvas-width=\"397.31199999999995\">Trainer, Vorstand und die Fans vom RFC dem Start entgegen.<\/div>\n<div data-canvas-width=\"397.31199999999995\"><\/div>\n<div data-canvas-width=\"397.31199999999995\">Wer sind die Favoriten in der Kreisliga A Frankfurt, Klasse 1? Sicherlich als hei\u00dfeste Titelanw\u00e4rter sind die Absteiger aus der Kreisoberliga Frankfurt SV Griesheim-Tarik, TSG Nieder-Erlenbach und FC Maroc zu nennen, die alle wieder \u201ehoch wollen\u201c. Auch der letztj\u00e4hrige Tabellenzweite BSC 19, die TSG 51 und der VfR Bockenheim sollte man immer auf der Rechnung haben. Es wird, und da sind sich alle Experten einig, eine b\u00e4renstarke Kreisliga A werden. Wie sieht es beim Club aus? Sportvorstand Angel Loureiro Mato gibt als Ziel \u201eoben mitspielen\u201c aus, das bei realistischer Einsch\u00e4tzung des vorhandenen Spielermaterials auch erreicht werden kann. Das Potenzial hat die junge Mannschaft allemal, vorausgesetzt man wird von schwereren Verletzungen verschont und es gelingt wie in der \u00fcberragenden Vorsaison, die man als Tabellendritter mit nur drei Niederlagen abschloss, gute Leistungen auch \u00fcber mehrere Spiele auf den Platz zu bringen. Abg\u00e4nge sind Marlon Rodriguez Roiz, der seinem Bruder Borja zum FV Hausen folgt und Lukas Storz, bei dem ein neuer Verein noch nicht feststeht. Als Zug\u00e4nge freuen wir uns auf R\u00fcckkehrer Jakob Nobbe von Blau-Gelb, Soufien El Hadouchi, der Sohn von unserem \u201eMo\u201c, aus der A-Jugend von Neu-Anspach, Niklas Henkel vom VFB Unterliederbach sowie Pascal Marinic von Griesheim 02. Der Tabellenerste steigt auf, der Tabellenzweite spielt die Aufstiegsrelegation gegen den Zweiten der Kreisliga A Frankfurt, Klasse 2 und der vor den Absteigern stehende Verein aus der Kreisoberliga.<\/div>\n<\/div>\n","protected":false},"excerpt":{"rendered":"<p>Unser Gastautor Volker Flauaus, Presssprecher beim 1. FC 02 R\u00f6delheim wagt in seiner Vorschau einen Ausblick auf die neue Saison in der Kreisliga A Frankfurt (Gruppe 1). Vielen Dank an Volker f\u00fcr seinen Beitrag. Nachdem nun die Spielpl\u00e4ne f\u00fcr die Saison 2022\/2023 finalisiert wurden, fiebern Spieler, Trainer, Vorstand und die Fans vom RFC dem Start [&hellip;]<\/p>\n","protected":false},"author":1,"featured_media":0,"comment_status":"open","ping_status":"open","sticky":false,"template":"","format":"standard","meta":{"footnotes":""},"categories":[12],"tags":[],"class_list":["post-1330","post","type-post","status-publish","format-standard","hentry","category-kreisliga-a1"],"_links":{"self":[{"href":"https:\/\/insideamateurfussball-ffm.de\/index.php?rest_route=\/wp\/v2\/posts\/1330","targetHints":{"allow":["GET"]}}],"collection":[{"href":"https:\/\/insideamateurfussball-ffm.de\/index.php?rest_route=\/wp\/v2\/posts"}],"about":[{"href":"https:\/\/insideamateurfussball-ffm.de\/index.php?rest_route=\/wp\/v2\/types\/post"}],"author":[{"embeddable":true,"href":"https:\/\/insideamateurfussball-ffm.de\/index.php?rest_route=\/wp\/v2\/users\/1"}],"replies":[{"embeddable":true,"href":"https:\/\/insideamateurfussball-ffm.de\/index.php?rest_route=%2Fwp%2Fv2%2Fcomments&post=1330"}],"version-history":[{"count":3,"href":"https:\/\/insideamateurfussball-ffm.de\/index.php?rest_route=\/wp\/v2\/posts\/1330\/revisions"}],"predecessor-version":[{"id":1334,"href":"https:\/\/insideamateurfussball-ffm.de\/index.php?rest_route=\/wp\/v2\/posts\/1330\/revisions\/1334"}],"wp:attachment":[{"href":"https:\/\/insideamateurfussball-ffm.de\/index.php?rest_route=%2Fwp%2Fv2%2Fmedia&parent=1330"}],"wp:term":[{"taxonomy":"category","embeddable":true,"href":"https:\/\/insideamateurfussball-ffm.de\/index.php?rest_route=%2Fwp%2Fv2%2Fcategories&post=1330"},{"taxonomy":"post_tag","embeddable":true,"href":"https:\/\/insideamateurfussball-ffm.de\/index.php?rest_route=%2Fwp%2Fv2%2Ftags&post=1330"}],"curies":[{"name":"wp","href":"https:\/\/api.w.org\/{rel}","templated":true}]}}