{"id":1327,"date":"2022-07-11T19:06:49","date_gmt":"2022-07-11T19:06:49","guid":{"rendered":"http:\/\/insideamateurfussball-ffm.de\/?p=1327"},"modified":"2025-01-05T12:22:24","modified_gmt":"2025-01-05T11:22:24","slug":"afkir-und-nordmeyer-verstaerken-svh-kader","status":"publish","type":"post","link":"https:\/\/insideamateurfussball-ffm.de\/?p=1327","title":{"rendered":"Afkir und Nordmeyer verst\u00e4rken SVH-Kader"},"content":{"rendered":"<h5>Der SV 07 Heddernheim aus der Kreisoberliga Frankfurt vermeldet zwei Neuzug\u00e4nge. Aus der eigenen U19 ist Innenverteidiger Johannes Nordmeyer in den Kader des Tabellenf\u00fcnften der abgelaufenen Saison gesto\u00dfen. Der zweite neue Spieler ist ein alter Bekannter. Mit Offensivspieler Fouzi Afkir von KOL-Absteiger FC Maroc ist jener Spieler wieder an Bord, der in der Saison 2015\/16 ma\u00dfgeblich mit seinen Toren zum damaligen Klassenerhalt beitrug.<\/h5>\n<figure id=\"attachment_1328\" aria-describedby=\"caption-attachment-1328\" style=\"width: 312px\" class=\"wp-caption alignnone\"><img loading=\"lazy\" decoding=\"async\" class=\"wp-image-1328\" src=\"http:\/\/insideamateurfussball-ffm.de\/wp-content\/uploads\/2022\/07\/AfkirNord-300x225.jpg\" alt=\"\" width=\"312\" height=\"234\" \/><figcaption id=\"caption-attachment-1328\" class=\"wp-caption-text\">Johannes Nordmeyer (links) und Faouzi Afkir wurden als erste Neuzug\u00e4nge des Kreisoberligisten SV 07 Heddernheim pr\u00e4sentiert. Foto: PA.<\/figcaption><\/figure>\n<p><img loading=\"lazy\" decoding=\"async\" class=\"alignnone size-full wp-image-302\" src=\"http:\/\/insideamateurfussball-ffm.de\/wp-content\/uploads\/2022\/05\/1sv07_news2_4511-1.jpg\" alt=\"\" width=\"80\" height=\"80\" \/><\/p>\n<p>Nordmeyer kam in der abgelaufenen Saison im Heimspiel gegen den FC Gudesding (2:2) schon zu einem Kurzeinsatz und r\u00fcckt nun aus der A-Jugend in den Kader von Trainer Andreas Berggold auf, der das Talent mit offenen Armen empf\u00e4ngt: &#8222;Mit Johannes haben wir einen starken und vielversprechenden Mann aus der A-Jugend bekommen&#8220;. Afkir kam in der Winterpause der Saison 2015\/16 vom damaligen 1. FC Eschborn an die Br\u00fchlwiese und trug in jener R\u00fcckrunde mit vielen Toren zum Klassenerhalt der Gr\u00fcn-Wei\u00dfen bei.<\/p>\n<p>In der darauffolgenden Spielzeit erlitt der Marokkaner im Derby bei der TSG 51 am 3. Spieltag einen Kreuzbandriss und lief danach nicht mehr f\u00fcr die Gr\u00fcn-Wei\u00dfen auf. Und obwohl Afkir zwischenzeitlich nach Neuss (Nordrhein-Westfalen) zog und sich dem PSV Neustadt und dem SVG Weissenburg anschloss, riss der Kontakt zum Spielausschuss-Vorsitzenden Klaus Schleicher nicht ab.<\/p>\n<p>Nach seiner R\u00fcckkehr nach Frankfurt half Afkir zun\u00e4chst seinen Landsleuten vom FC Maroc aus, wo der Klassenerhalt knapp verpasst wurde. Am 22. Mai markierte der 25-j\u00e4hrige beim 6:3-Sieg \u00fcber den SVH einen Treffer. Nach dem Abstieg sah Faouzi Afkir bei Maroc aufgrund einer Vielzahl an Spielerabg\u00e4ngen keine Perspektive mehr und hat sich nun wieder dem SV Heddernheim angeschlossen.<\/p>\n<p>&#8222;Faouzi wird uns spielerische Qualit\u00e4t bringen, keine Frage. Man sieht ganz klar, dass er Fu\u00dfball spielen kann. Ich habe ihn 2017, als ich beim SVH anfing, nicht richtig mitbekommen, da er damals verletzt war. Jetzt freue ich mich, dass der Wechsel geklappt hat&#8220;, so Berggold.<\/p>\n","protected":false},"excerpt":{"rendered":"<p>Der SV 07 Heddernheim aus der Kreisoberliga Frankfurt vermeldet zwei Neuzug\u00e4nge. Aus der eigenen U19 ist Innenverteidiger Johannes Nordmeyer in den Kader des Tabellenf\u00fcnften der abgelaufenen Saison gesto\u00dfen. Der zweite neue Spieler ist ein alter Bekannter. Mit Offensivspieler Fouzi Afkir von KOL-Absteiger FC Maroc ist jener Spieler wieder an Bord, der in der Saison 2015\/16 [&hellip;]<\/p>\n","protected":false},"author":1,"featured_media":0,"comment_status":"open","ping_status":"open","sticky":false,"template":"","format":"standard","meta":{"footnotes":""},"categories":[22],"tags":[],"class_list":["post-1327","post","type-post","status-publish","format-standard","hentry","category-spielerwechsel"],"_links":{"self":[{"href":"https:\/\/insideamateurfussball-ffm.de\/index.php?rest_route=\/wp\/v2\/posts\/1327","targetHints":{"allow":["GET"]}}],"collection":[{"href":"https:\/\/insideamateurfussball-ffm.de\/index.php?rest_route=\/wp\/v2\/posts"}],"about":[{"href":"https:\/\/insideamateurfussball-ffm.de\/index.php?rest_route=\/wp\/v2\/types\/post"}],"author":[{"embeddable":true,"href":"https:\/\/insideamateurfussball-ffm.de\/index.php?rest_route=\/wp\/v2\/users\/1"}],"replies":[{"embeddable":true,"href":"https:\/\/insideamateurfussball-ffm.de\/index.php?rest_route=%2Fwp%2Fv2%2Fcomments&post=1327"}],"version-history":[{"count":1,"href":"https:\/\/insideamateurfussball-ffm.de\/index.php?rest_route=\/wp\/v2\/posts\/1327\/revisions"}],"predecessor-version":[{"id":1329,"href":"https:\/\/insideamateurfussball-ffm.de\/index.php?rest_route=\/wp\/v2\/posts\/1327\/revisions\/1329"}],"wp:attachment":[{"href":"https:\/\/insideamateurfussball-ffm.de\/index.php?rest_route=%2Fwp%2Fv2%2Fmedia&parent=1327"}],"wp:term":[{"taxonomy":"category","embeddable":true,"href":"https:\/\/insideamateurfussball-ffm.de\/index.php?rest_route=%2Fwp%2Fv2%2Fcategories&post=1327"},{"taxonomy":"post_tag","embeddable":true,"href":"https:\/\/insideamateurfussball-ffm.de\/index.php?rest_route=%2Fwp%2Fv2%2Ftags&post=1327"}],"curies":[{"name":"wp","href":"https:\/\/api.w.org\/{rel}","templated":true}]}}