{"id":129,"date":"2022-05-08T20:55:58","date_gmt":"2022-05-08T20:55:58","guid":{"rendered":"http:\/\/insideamateurfussball-ffm.de\/?p=129"},"modified":"2024-12-17T12:44:58","modified_gmt":"2024-12-17T10:44:58","slug":"bornheim-muss-aufstieg-abhaken","status":"publish","type":"post","link":"https:\/\/insideamateurfussball-ffm.de\/?p=129","title":{"rendered":"Bornheim muss Aufstieg abhaken"},"content":{"rendered":"<h3>Nach dem 1:3 im Stadtduell gegen Rot-Weiss Frankfurt muss die SG Bornheim Gr\u00fcn-Weiss wohl den Odenw\u00e4ldern vom SV Unter-Flockenbach in Sachen Hessenliga-Aufstieg den Vortritt lassen. W\u00e4hrend der FFV Sportfreunde die Saison ordentlich ausklingen l\u00e4sst, machten die &#8222;Roten&#8220; einen wichtigen Schritt Richtung Klassenerhalt. W\u00e4hrend die Spvgg. Oberrad n\u00e4chste Woche ein Endspiel in R\u00fcsselsheim hat, wird es f\u00fcr den SV BKC Bosnien wohl eine Etage tiefer in die Gruppenliga gehen.&nbsp;<\/h3>\n<p><img loading=\"lazy\" decoding=\"async\" class=\"alignnone size-medium wp-image-130\" src=\"http:\/\/insideamateurfussball-ffm.de\/wp-content\/uploads\/2022\/05\/born-rw8-300x228.jpg\" alt=\"\" width=\"300\" height=\"228\"><\/p>\n<h3>SG Bornheim Gr\u00fcn-Weiss &#8211; SG Rot-Weiss Frankfurt 1:3 (0:1)<\/h3>\n<p><img loading=\"lazy\" decoding=\"async\" class=\"alignnone size-full wp-image-119\" src=\"http:\/\/insideamateurfussball-ffm.de\/wp-content\/uploads\/2022\/05\/Bornheim.jpg\" alt=\"\" width=\"80\" height=\"80\"><img loading=\"lazy\" decoding=\"async\" class=\"alignnone size-full wp-image-120\" src=\"http:\/\/insideamateurfussball-ffm.de\/wp-content\/uploads\/2022\/05\/rot-weiss.png\" alt=\"\" width=\"80\" height=\"70\"><\/p>\n<p>SG Bornheim\/Gr\u00fcn-Wei\u00df &#8211; Rot-Weiss Frankfurt 1:3 (0:1). &#8211; &#8222;Wir haben die letzten Wochen versucht, den Glauben an den Aufstieg aufrecht zu erhalten&#8220;, betonte Bornheims Trainer Sascha Volk. Nach der Heimniederlage gegen die &#8222;Roten&#8220; musste aber auch Volk konstatieren, dass &#8222;die letzten Tr\u00e4ume vorbei sein d\u00fcrften. Rot-Weiss hat man angemerkt, dass sie die Punkte unbedingt brauchten.&#8220; Bei den Gastgebern fehlten wichtige Leistungstr\u00e4ger wie Tim Flie\u00df, Marius Troll oder Teklu Tewelde. Auf der Ersatzbank nahmen zwei Akteure aus der in der A-Klasse spielenden Reserve Platz. Als eine Hereingabe schlecht verteidigt wurde, traf Routinier Jonas Gr\u00fcter mit einer Direktabnahme in den Winkel zur G\u00e4stef\u00fchrung (15.). Nach dem Seitenwechsel setzte sich Mohamedelamin Camara auf der linken Seite durch und markierte den Ausgleich (60.). Rot-Weiss gab sich mit dem Remis nicht zufrieden und nach einer Ecke war St\u00fcrmer Dario Stange zur Stelle und brachte die G\u00e4ste wieder nach vorne (67.). Den n\u00e4chsten Spielzug schloss Terry Danso auf Vorlage von Stange zum Endstand ab (68.). F\u00fcnf Punkte Vorsprung hat die Mannschaft von Trainer Benjamin L\u00f6bert nun auf die Abstiegszone. &#8222;Ich bin sehr gl\u00fccklich, dass wir dieses schwere Spiel gewonnen haben&#8220;, sagte L\u00f6bert. Ein Sonderlob erhielt U19-Torh\u00fcter Bennet Karrer, der f\u00fcr Stammkeeper Daniel Duschner spielte.<\/p>\n<p><\/p>\n<p><\/p>\n\n\n<figure class=\"wp-block-gallery has-nested-images columns-default is-cropped wp-block-gallery-1 is-layout-flex wp-block-gallery-is-layout-flex\">\n<figure class=\"wp-block-image size-large\"><img decoding=\"async\" data-id=\"131\" src=\"http:\/\/insideamateurfussball-ffm.de\/wp-content\/uploads\/2022\/05\/born-rw5.jpg\" alt=\"\" class=\"wp-image-131\"\/><\/figure>\n\n\n\n<figure class=\"wp-block-image size-large\"><img decoding=\"async\" data-id=\"132\" src=\"http:\/\/insideamateurfussball-ffm.de\/wp-content\/uploads\/2022\/05\/born-rw11.jpg\" alt=\"\" class=\"wp-image-132\"\/><\/figure>\n\n\n\n<figure class=\"wp-block-image size-full\"><img decoding=\"async\" data-id=\"134\" src=\"http:\/\/insideamateurfussball-ffm.de\/wp-content\/uploads\/2022\/05\/born-rw-a1.jpg\" alt=\"\" class=\"wp-image-134\"\/><\/figure>\n<figcaption class=\"blocks-gallery-caption\">Fotos: Mithat G\u00fcrser. <\/figcaption><\/figure>\n\n\n\n<figure class=\"wp-block-gallery has-nested-images columns-default is-cropped wp-block-gallery-2 is-layout-flex wp-block-gallery-is-layout-flex\">\n<figure class=\"wp-block-image size-large\"><img decoding=\"async\" data-id=\"136\" src=\"http:\/\/insideamateurfussball-ffm.de\/wp-content\/uploads\/2022\/05\/born-rwa4.jpg\" alt=\"\" class=\"wp-image-136\"\/><\/figure>\n<\/figure>\n\n\n<h3>Spvgg. 05 Oberrad &#8211; SC Hanau 1960 1:3 (0:1)<\/h3>\n<p><img loading=\"lazy\" decoding=\"async\" class=\"alignnone size-full wp-image-137\" src=\"http:\/\/insideamateurfussball-ffm.de\/wp-content\/uploads\/2022\/05\/Oberrad05.jpg\" alt=\"\" width=\"79\" height=\"80\" \/><img loading=\"lazy\" decoding=\"async\" class=\"alignnone size-full wp-image-138\" src=\"http:\/\/insideamateurfussball-ffm.de\/wp-content\/uploads\/2022\/05\/Hanau-1960.jpg\" alt=\"\" width=\"63\" height=\"80\" \/><\/p>\n<p>Trotz der Niederlage gegen den Tabellenvierten war Oberrads Trainer Roland Stipp mit dem Engagement seiner Mannschaft einverstanden: &#8222;Das war ein herzzerrei\u00dfendes Spiel. Es war richtig Feuer auf der Beckerwiese. F\u00fcr mich das beste Spiel des Jahres.&#8220; Nach einer ausgeglichenen Phase nutzten die Hanauer einen Abwehrfehler der Gastgeber kurz vor dem Seitenwechsel durch Leon Wronski zur F\u00fchrung (43.). Nach Wiederbeginn legten die G\u00e4ste durch Luftrim Kodraliu (48.) und Kohei Suzuki (51.) schnell nach. Oberrad ergriff danach die Initiative und verk\u00fcrzte nach einem der schnellen Angriffe durch Hakan G\u00fcltekin (57.). Danach setzten die Gastgeber zu einem Sturmlauf an, vergaben aber s\u00e4mtliche M\u00f6glichkeiten, um der Partie noch eine Wende geben zu k\u00f6nnen. Oberrad bereitete den G\u00e4sten in der Defensive gro\u00dfe Probleme, durch den ausbleibenden Anschlusstreffer lief ihnen aber die Zeit davon. Durch das 0:0 von Konkurrent VfR\/Dersim R\u00fcsselsheim bei Rot-Wei\u00df Darmstadt liegt Oberrad nun einen Z\u00e4hler hinter dem rettenden Ufer. &#8222;Die Situation hat sich nicht verschlechtert, da wir n\u00e4chsten Sonntag in R\u00fcsselsheim spielen&#8220;, sagte Stipp zur Lage im Abstiegskampf.<\/p>\n<h3>SV BKC Bosnien &#8211; Eintracht Wald-Michelbach 2:5 (1:3)<\/h3>\n<p><img loading=\"lazy\" decoding=\"async\" class=\"alignnone size-full wp-image-139\" src=\"http:\/\/insideamateurfussball-ffm.de\/wp-content\/uploads\/2022\/05\/Bosnien.jpg\" alt=\"\" width=\"79\" height=\"80\" \/><img loading=\"lazy\" decoding=\"async\" class=\"alignnone size-full wp-image-140\" src=\"http:\/\/insideamateurfussball-ffm.de\/wp-content\/uploads\/2022\/05\/ETW.jpg\" alt=\"\" width=\"79\" height=\"80\" \/><\/p>\n<p>Angesichts von sieben Punkten R\u00fcckstand auf den ersten Nichtabstiegsplatz bei nur noch f\u00fcnf verbleibenden Spielen zeigte sich BKC-Pressesprecher Admir Malohodzic realistisch: &#8222;Keine Frage, es wird sehr eng. Wir m\u00fcssen uns mit dem Abstieg in die Gruppenliga besch\u00e4ftigen. Nach der f\u00fcnften Niederlage in Folge konnte Malohodzic seinem Team aber keine gro\u00dfen Vorw\u00fcrfe machen: &#8222;Das Ergebnis ist zu hoch ausgefallen, denn wir haben kein so schlechtes Spiel gemacht. Wie so oft beklagte er unn\u00f6tige Abwehrfehler und die schlechte Chancenverwertung: &#8222;Matej Rugle hatte die gro\u00dfe Chance, uns in F\u00fchrung zu bringen. Warum er den nicht rein macht, wei\u00df ich nicht.&#8220; Im Gegenzug gingen die G\u00e4ste aus dem Odenwald durch Ylli Cermjani in F\u00fchrung (18.). Als Bosniens Torh\u00fcter Duje Dragun eine Flanke aus den H\u00e4nden rutschte, bedankte sich Etienne Imsirovic mit dem 0:2 (21.). Emre Olgun verk\u00fcrzte f\u00fcr die Bosnier (33.), aber postwendend stellte Lennart Borgenheimer den alten Abstand wieder her (35.). Nach dem Seitenwechsel war das Team von Trainer Miodrag Vucenovic nach dem 2:3 von Adis Hasecic (51.) am Dr\u00fccker. &#8222;Die letzte halbe Stunde haben wir auf ein Tor gespielt, aber zum Unverm\u00f6gen kam noch Pech dazu&#8220;, meinte Malohodzic. In der Nachspielzeit machten die G\u00e4ste mit einem Foulelfmeter von Cermjani (90.+1) und dem Kontertor durch Oliver Dechert (90.+2) alles klar.<\/p>\n<h3>FFV Sportfreunde 04 &#8211; VfB Ginsheim II 5:1 (2:0)<\/h3>\n<p><img loading=\"lazy\" decoding=\"async\" class=\"alignnone size-full wp-image-141\" src=\"http:\/\/insideamateurfussball-ffm.de\/wp-content\/uploads\/2022\/05\/Speuzer.jpg\" alt=\"\" width=\"80\" height=\"80\" \/><img loading=\"lazy\" decoding=\"async\" class=\"alignnone size-full wp-image-142\" src=\"http:\/\/insideamateurfussball-ffm.de\/wp-content\/uploads\/2022\/05\/Ginsheim.jpg\" alt=\"\" width=\"74\" height=\"80\" \/><\/p>\n<p>Gegen den Absteiger waren die Sportfreunde auf dem Ausweichdomizil an der Griesheimer Eichenstra\u00dfe klar \u00fcberlegen, jedoch waren bis zur Pause nur Giuseppe Signorelli (22.) und Ersan Rovcanin (33.) erfolgreich. Nach Wiederbeginn erh\u00f6hten Danyal Tekin (49., Foulelfmeter) und Signorelli (72.\/83.), ehe Ginsheim II mit Georgij Bishinashvili das Ehrentor gelang (89.). &#8222;Du musst hier zweistellig vom Platz gehen, aber am Ende wollte jeder Tore machen&#8220;, sagte FFV-Trainer Artug \u00d6zbakir. Die Partie wurde erst um 18.30 Uhr angepfiffen, da sich zuvor in der Kreisoberliga Frankfurt die Spvgg. 02 Griesheim und TuS Makkabi (2:3) gegen\u00fcber standen.\u00a0<\/p>","protected":false},"excerpt":{"rendered":"<p>Nach dem 1:3 im Stadtduell gegen Rot-Weiss Frankfurt muss die SG Bornheim Gr\u00fcn-Weiss wohl den Odenw\u00e4ldern vom SV Unter-Flockenbach in Sachen Hessenliga-Aufstieg den Vortritt lassen. W\u00e4hrend der FFV Sportfreunde die Saison ordentlich ausklingen l\u00e4sst, machten die &#8222;Roten&#8220; einen wichtigen Schritt Richtung Klassenerhalt. W\u00e4hrend die Spvgg. Oberrad n\u00e4chste Woche ein Endspiel in R\u00fcsselsheim hat, wird es [&hellip;]<\/p>\n","protected":false},"author":1,"featured_media":0,"comment_status":"open","ping_status":"open","sticky":false,"template":"","format":"standard","meta":{"footnotes":""},"categories":[10],"tags":[],"class_list":["post-129","post","type-post","status-publish","format-standard","hentry","category-verbandsliga-sued"],"_links":{"self":[{"href":"https:\/\/insideamateurfussball-ffm.de\/index.php?rest_route=\/wp\/v2\/posts\/129","targetHints":{"allow":["GET"]}}],"collection":[{"href":"https:\/\/insideamateurfussball-ffm.de\/index.php?rest_route=\/wp\/v2\/posts"}],"about":[{"href":"https:\/\/insideamateurfussball-ffm.de\/index.php?rest_route=\/wp\/v2\/types\/post"}],"author":[{"embeddable":true,"href":"https:\/\/insideamateurfussball-ffm.de\/index.php?rest_route=\/wp\/v2\/users\/1"}],"replies":[{"embeddable":true,"href":"https:\/\/insideamateurfussball-ffm.de\/index.php?rest_route=%2Fwp%2Fv2%2Fcomments&post=129"}],"version-history":[{"count":2,"href":"https:\/\/insideamateurfussball-ffm.de\/index.php?rest_route=\/wp\/v2\/posts\/129\/revisions"}],"predecessor-version":[{"id":143,"href":"https:\/\/insideamateurfussball-ffm.de\/index.php?rest_route=\/wp\/v2\/posts\/129\/revisions\/143"}],"wp:attachment":[{"href":"https:\/\/insideamateurfussball-ffm.de\/index.php?rest_route=%2Fwp%2Fv2%2Fmedia&parent=129"}],"wp:term":[{"taxonomy":"category","embeddable":true,"href":"https:\/\/insideamateurfussball-ffm.de\/index.php?rest_route=%2Fwp%2Fv2%2Fcategories&post=129"},{"taxonomy":"post_tag","embeddable":true,"href":"https:\/\/insideamateurfussball-ffm.de\/index.php?rest_route=%2Fwp%2Fv2%2Ftags&post=129"}],"curies":[{"name":"wp","href":"https:\/\/api.w.org\/{rel}","templated":true}]}}