{"id":1280,"date":"2022-07-10T20:46:13","date_gmt":"2022-07-10T20:46:13","guid":{"rendered":"http:\/\/insideamateurfussball-ffm.de\/?p=1280"},"modified":"2025-01-05T12:22:38","modified_gmt":"2025-01-05T11:22:38","slug":"cirpaci-trifft-gegen-eltville","status":"publish","type":"post","link":"https:\/\/insideamateurfussball-ffm.de\/?p=1280","title":{"rendered":"Cirpaci trifft gegen Eltville"},"content":{"rendered":"<h5>Im zweiten Testspiel trennte sich Rot-Weiss Frankfurt vom Mitte-Verbandsligisten Spvgg. Eltville mit 3:3 (1:0). Der vom k\u00fcnftigen Ligakonkurrenten FV Bad Vilbel gekommene St\u00fcrmer Filip Cirpaci erzielte das erstes Tor f\u00fcr seinen neuen Verein.\u00a0\u00a0<\/h5>\n<figure id=\"attachment_1281\" aria-describedby=\"caption-attachment-1281\" style=\"width: 300px\" class=\"wp-caption alignnone\"><img loading=\"lazy\" decoding=\"async\" class=\"wp-image-1281 size-medium\" src=\"http:\/\/insideamateurfussball-ffm.de\/wp-content\/uploads\/2022\/07\/etw4-300x210.jpg\" alt=\"\" width=\"300\" height=\"210\" \/><figcaption id=\"caption-attachment-1281\" class=\"wp-caption-text\">Filip Cirpaci trifft nun f\u00fcr Rot-Weiss Frankfurt. Foto: Mithat G\u00fcrser.<\/figcaption><\/figure>\n<h5>Rot-Weiss Frankfurt &#8211; Spvgg. Eltville 3:3 (1:0)<\/h5>\n<p><img loading=\"lazy\" decoding=\"async\" class=\"alignnone size-full wp-image-120\" src=\"http:\/\/insideamateurfussball-ffm.de\/wp-content\/uploads\/2022\/05\/rot-weiss.png\" alt=\"\" width=\"80\" height=\"70\" \/><img loading=\"lazy\" decoding=\"async\" class=\"alignnone size-full wp-image-1282\" src=\"http:\/\/insideamateurfussball-ffm.de\/wp-content\/uploads\/2022\/07\/Eltv.jpg\" alt=\"\" width=\"54\" height=\"80\" \/><\/p>\n<p>Vor 60 Zuschauern ert\u00f6nte der Anpfiff auf dem Kunstrasenplatz am R\u00f6delheimer Parkweg schon um 13 Uhr. Der S\u00fcd-Verbandsligist agierte zielstrebiger und hatte deutlich mehr Ballbesitz als die G\u00e4ste aus dem Rheingau. Folgerichtig gingen die ganz in wei\u00df gekleideten Gastgeber durch den aus der eigenen U19 \u00fcbernommenen Luka Cabraja nach einer Viertelstunde in F\u00fchrung.<\/p>\n<p>Nachdem am Donnerstag gegen Fechenheim bereits Mario Shuteriqi getroffen hatte, war mit Filip Cirpaci drei Minuten nach der Pause auch der zweite aus Bad Vilbel gewechselte Neuzugang mit dem 2:0 erfolgreich.<\/p>\n<blockquote>\n<p>&#8222;Danach ging uns etwas die Kraft aus&#8220; (Rot-Weiss-Trainer Jonel Goncalves).<\/p>\n<\/blockquote>\n<p>&#8222;Danach ging uns etwas die Kraft aus, wir waren nicht mehr so zielstrebig wie vor der Pause&#8220;, sagte RW-Coach Jonel Goncalves. Die G\u00e4ste nutzten das aus, kamen innerhalb einer Minute mit einem Doppelschlag erst zum Anschluss durch Niklas Orth (63.) und zum Ausgleich (64.).<\/p>\n<p>Poura Asgharpour Meinagh hatte zum 2:2 getroffen. In der Schlussphase brachte Aaron Bolela Eltville sogar mit 3:2 in F\u00fchrung (84.), ehe Rot-Weiss-Kapit\u00e4n Patrick G\u00fcrser die Heimniederlage mit seinem verwandelten Foulelfmeter noch abwenden konnte (88.).\u00a0\u00a0<\/p>\n<h5>Schiedsrichter: Christian Steib (Dortelweil). Zuschauer: 60. Tore: 1:0 Luka Cabraja (15.), 2:0 Filip Cirpaci (48.), 2:1 Niklas Orth (63.), 2:2 Poura Asgharpour Meinagh (64.), 2:3 Aaron Bolela (84.), 3:3 Patrick G\u00fcrser (88.\/Foulelfmeter).<\/h5>\n<h5>\u00a0<\/h5>\n\n\n<figure class=\"wp-block-gallery has-nested-images columns-default is-cropped wp-block-gallery-1 is-layout-flex wp-block-gallery-is-layout-flex\">\n<figure class=\"wp-block-image size-large is-style-default\"><img decoding=\"async\" data-id=\"1288\" src=\"http:\/\/insideamateurfussball-ffm.de\/wp-content\/uploads\/2022\/07\/etw9-1024x644.jpg\" alt=\"\" class=\"wp-image-1288\"\/><figcaption>Fotos: Mithat G\u00fcrser.<\/figcaption><\/figure>\n<\/figure>\n\n\n\n<div class=\"wp-block-columns is-layout-flex wp-container-core-columns-is-layout-28f84493 wp-block-columns-is-layout-flex\">\n<div class=\"wp-block-column is-layout-flow wp-block-column-is-layout-flow\">\n<figure class=\"wp-block-image size-full is-style-default\"><img decoding=\"async\" src=\"http:\/\/insideamateurfussball-ffm.de\/wp-content\/uploads\/2022\/07\/etw15.jpg\" alt=\"\" class=\"wp-image-1289\"\/><\/figure>\n<\/div>\n\n\n\n<div class=\"wp-block-column is-layout-flow wp-block-column-is-layout-flow\">\n<figure class=\"wp-block-image size-full is-style-default\"><img decoding=\"async\" src=\"http:\/\/insideamateurfussball-ffm.de\/wp-content\/uploads\/2022\/07\/etw3.jpg\" alt=\"\" class=\"wp-image-1290\"\/><\/figure>\n<\/div>\n\n\n\n<div class=\"wp-block-column is-layout-flow wp-block-column-is-layout-flow\">\n<figure class=\"wp-block-image size-full is-style-default\"><img decoding=\"async\" src=\"http:\/\/insideamateurfussball-ffm.de\/wp-content\/uploads\/2022\/07\/etw8.jpg\" alt=\"\" class=\"wp-image-1291\"\/><\/figure>\n<\/div>\n<\/div>\n\n\n\n<div class=\"wp-block-columns is-layout-flex wp-container-core-columns-is-layout-28f84493 wp-block-columns-is-layout-flex\">\n<div class=\"wp-block-column is-layout-flow wp-block-column-is-layout-flow\">\n<figure class=\"wp-block-image size-large is-style-default\"><img decoding=\"async\" src=\"http:\/\/insideamateurfussball-ffm.de\/wp-content\/uploads\/2022\/07\/etw14-1024x670.jpg\" alt=\"\" class=\"wp-image-1292\"\/><\/figure>\n<\/div>\n\n\n\n<div class=\"wp-block-column is-layout-flow wp-block-column-is-layout-flow\">\n<figure class=\"wp-block-image size-full is-style-default\"><img decoding=\"async\" src=\"http:\/\/insideamateurfussball-ffm.de\/wp-content\/uploads\/2022\/07\/etw2.jpg\" alt=\"\" class=\"wp-image-1293\"\/><\/figure>\n<\/div>\n\n\n\n<div class=\"wp-block-column is-layout-flow wp-block-column-is-layout-flow\">\n<figure class=\"wp-block-image size-full is-style-default\"><img decoding=\"async\" src=\"http:\/\/insideamateurfussball-ffm.de\/wp-content\/uploads\/2022\/07\/etw7.jpg\" alt=\"\" class=\"wp-image-1294\"\/><\/figure>\n<\/div>\n<\/div>\n\n\n\n<div class=\"wp-block-columns is-layout-flex wp-container-core-columns-is-layout-28f84493 wp-block-columns-is-layout-flex\">\n<div class=\"wp-block-column is-layout-flow wp-block-column-is-layout-flow\">\n<figure class=\"wp-block-image size-full is-style-default\"><img decoding=\"async\" src=\"http:\/\/insideamateurfussball-ffm.de\/wp-content\/uploads\/2022\/07\/etw13.jpg\" alt=\"\" class=\"wp-image-1295\"\/><\/figure>\n<\/div>\n\n\n\n<div class=\"wp-block-column is-layout-flow wp-block-column-is-layout-flow\">\n<figure class=\"wp-block-image size-full is-style-default\"><img decoding=\"async\" src=\"http:\/\/insideamateurfussball-ffm.de\/wp-content\/uploads\/2022\/07\/etw1.jpg\" alt=\"\" class=\"wp-image-1296\"\/><\/figure>\n<\/div>\n\n\n\n<div class=\"wp-block-column is-layout-flow wp-block-column-is-layout-flow\">\n<figure class=\"wp-block-image size-full is-style-default\"><img decoding=\"async\" src=\"http:\/\/insideamateurfussball-ffm.de\/wp-content\/uploads\/2022\/07\/etw6.jpg\" alt=\"\" class=\"wp-image-1297\"\/><\/figure>\n<\/div>\n<\/div>\n\n\n\n<div class=\"wp-block-columns is-layout-flex wp-container-core-columns-is-layout-28f84493 wp-block-columns-is-layout-flex\">\n<div class=\"wp-block-column is-layout-flow wp-block-column-is-layout-flow\">\n<figure class=\"wp-block-image size-full is-style-default\"><img decoding=\"async\" src=\"http:\/\/insideamateurfussball-ffm.de\/wp-content\/uploads\/2022\/07\/etw12.jpg\" alt=\"\" class=\"wp-image-1298\"\/><\/figure>\n<\/div>\n\n\n\n<div class=\"wp-block-column is-layout-flow wp-block-column-is-layout-flow\">\n<figure class=\"wp-block-image size-full is-style-default\"><img decoding=\"async\" src=\"http:\/\/insideamateurfussball-ffm.de\/wp-content\/uploads\/2022\/07\/etm11.jpg\" alt=\"\" class=\"wp-image-1299\"\/><\/figure>\n<\/div>\n\n\n\n<div class=\"wp-block-column is-layout-flow wp-block-column-is-layout-flow\">\n<figure class=\"wp-block-image size-full is-style-default\"><img decoding=\"async\" src=\"http:\/\/insideamateurfussball-ffm.de\/wp-content\/uploads\/2022\/07\/etw5.jpg\" alt=\"\" class=\"wp-image-1300\"\/><\/figure>\n<\/div>\n<\/div>\n\n\n\n<div class=\"wp-block-columns is-layout-flex wp-container-core-columns-is-layout-28f84493 wp-block-columns-is-layout-flex\">\n<div class=\"wp-block-column is-layout-flow wp-block-column-is-layout-flow\">\n<figure class=\"wp-block-image size-full is-style-default\"><img decoding=\"async\" src=\"http:\/\/insideamateurfussball-ffm.de\/wp-content\/uploads\/2022\/07\/etw10.jpg\" alt=\"\" class=\"wp-image-1301\"\/><\/figure>\n<\/div>\n\n\n\n<div class=\"wp-block-column is-layout-flow wp-block-column-is-layout-flow\">\n<figure class=\"wp-block-image size-full is-style-default\"><img decoding=\"async\" src=\"http:\/\/insideamateurfussball-ffm.de\/wp-content\/uploads\/2022\/07\/etw16.jpg\" alt=\"\" class=\"wp-image-1302\"\/><\/figure>\n<\/div>\n\n\n\n<div class=\"wp-block-column is-layout-flow wp-block-column-is-layout-flow\"><\/div>\n<\/div>\n","protected":false},"excerpt":{"rendered":"<p>Im zweiten Testspiel trennte sich Rot-Weiss Frankfurt vom Mitte-Verbandsligisten Spvgg. Eltville mit 3:3 (1:0). Der vom k\u00fcnftigen Ligakonkurrenten FV Bad Vilbel gekommene St\u00fcrmer Filip Cirpaci erzielte das erstes Tor f\u00fcr seinen neuen Verein.\u00a0\u00a0 Rot-Weiss Frankfurt &#8211; Spvgg. Eltville 3:3 (1:0) Vor 60 Zuschauern ert\u00f6nte der Anpfiff auf dem Kunstrasenplatz am R\u00f6delheimer Parkweg schon um 13 [&hellip;]<\/p>\n","protected":false},"author":1,"featured_media":0,"comment_status":"open","ping_status":"open","sticky":false,"template":"","format":"standard","meta":{"footnotes":""},"categories":[21],"tags":[],"class_list":["post-1280","post","type-post","status-publish","format-standard","hentry","category-testspiele"],"_links":{"self":[{"href":"https:\/\/insideamateurfussball-ffm.de\/index.php?rest_route=\/wp\/v2\/posts\/1280","targetHints":{"allow":["GET"]}}],"collection":[{"href":"https:\/\/insideamateurfussball-ffm.de\/index.php?rest_route=\/wp\/v2\/posts"}],"about":[{"href":"https:\/\/insideamateurfussball-ffm.de\/index.php?rest_route=\/wp\/v2\/types\/post"}],"author":[{"embeddable":true,"href":"https:\/\/insideamateurfussball-ffm.de\/index.php?rest_route=\/wp\/v2\/users\/1"}],"replies":[{"embeddable":true,"href":"https:\/\/insideamateurfussball-ffm.de\/index.php?rest_route=%2Fwp%2Fv2%2Fcomments&post=1280"}],"version-history":[{"count":2,"href":"https:\/\/insideamateurfussball-ffm.de\/index.php?rest_route=\/wp\/v2\/posts\/1280\/revisions"}],"predecessor-version":[{"id":1304,"href":"https:\/\/insideamateurfussball-ffm.de\/index.php?rest_route=\/wp\/v2\/posts\/1280\/revisions\/1304"}],"wp:attachment":[{"href":"https:\/\/insideamateurfussball-ffm.de\/index.php?rest_route=%2Fwp%2Fv2%2Fmedia&parent=1280"}],"wp:term":[{"taxonomy":"category","embeddable":true,"href":"https:\/\/insideamateurfussball-ffm.de\/index.php?rest_route=%2Fwp%2Fv2%2Fcategories&post=1280"},{"taxonomy":"post_tag","embeddable":true,"href":"https:\/\/insideamateurfussball-ffm.de\/index.php?rest_route=%2Fwp%2Fv2%2Ftags&post=1280"}],"curies":[{"name":"wp","href":"https:\/\/api.w.org\/{rel}","templated":true}]}}