{"id":1257,"date":"2022-07-09T23:50:29","date_gmt":"2022-07-09T23:50:29","guid":{"rendered":"http:\/\/insideamateurfussball-ffm.de\/?p=1257"},"modified":"2025-01-05T12:22:59","modified_gmt":"2025-01-05T11:22:59","slug":"stadtkarte-kla1","status":"publish","type":"post","link":"https:\/\/insideamateurfussball-ffm.de\/?p=1257","title":{"rendered":"Stadtkarte KLA1"},"content":{"rendered":"<h5>Heute stellt unser Freund Marko Cickovic vom SV Bonames die Stadtkarte der Kreisliga A Frankfurt Gruppe 1 vor. Durch Auf- und Abstiege hat sich in der fr\u00fcheren Nordwest-Staffel einiges getan. Insbesondere die nicht proportionale Eingliederung von vier KOL-Absteigern st\u00f6\u00dft bei einigen Vereinen auf Unbehagen. Schaut Euch die Karte genau an, um zu erkennen, wo die Standorte der 18 Vereine genau liegen.\u00a0<\/h5>\n<p><img loading=\"lazy\" decoding=\"async\" class=\"alignnone size-medium wp-image-1258\" src=\"http:\/\/insideamateurfussball-ffm.de\/wp-content\/uploads\/2022\/07\/220630_KLA2-300x300.png\" alt=\"\" width=\"300\" height=\"300\" srcset=\"https:\/\/insideamateurfussball-ffm.de\/wp-content\/uploads\/2022\/07\/220630_KLA2-300x300.png 300w, https:\/\/insideamateurfussball-ffm.de\/wp-content\/uploads\/2022\/07\/220630_KLA2-150x150.png 150w, https:\/\/insideamateurfussball-ffm.de\/wp-content\/uploads\/2022\/07\/220630_KLA2.png 692w\" sizes=\"auto, (max-width: 300px) 100vw, 300px\" \/><\/p>\n\n<p>Aus geographischen Gesichtspunkten macht die Einteilung durchaus Sinn, da sie die traditionelle Unterscheidung in &#8222;Nordwest&#8220; und &#8222;S\u00fcdost&#8220; untermauert. Die weiteste Strecke von Nord nach S\u00fcd hat die TSG Nieder-Erlenbach zum SV Griesheim Tarik zur\u00fcckzulegen. Alle Clubs liegen \u00fcberhalb des Mains, doch neben Tarik liegt nur die SG 28 und mit Abstrichen R\u00f6delheim etwas s\u00fcdlicher. Die Konzentration von zehn Clubs auf engstem Raum zwischen Eschersheim und Bockenheim verspricht viele tolle Nachbarschaftsduelle. Ganz im Norden kommt\u00b4s zu lange nicht mehr stattgefundenen Derbys zwischen Nieder-Erlenbach und Nieder-Eschbach sowie Bonames und Nieder-Erlenbach.\u00a0<\/p>\n<p>\u00a0<\/p>\n\n\n<figure class=\"wp-block-gallery has-nested-images columns-default is-cropped wp-block-gallery-1 is-layout-flex wp-block-gallery-is-layout-flex\">\n<figure class=\"wp-block-image size-large is-style-default\"><img loading=\"lazy\" decoding=\"async\" width=\"692\" height=\"692\" data-id=\"1259\" src=\"http:\/\/insideamateurfussball-ffm.de\/wp-content\/uploads\/2022\/07\/220630_KLA2-1.png\" alt=\"\" class=\"wp-image-1259\" srcset=\"https:\/\/insideamateurfussball-ffm.de\/wp-content\/uploads\/2022\/07\/220630_KLA2-1.png 692w, https:\/\/insideamateurfussball-ffm.de\/wp-content\/uploads\/2022\/07\/220630_KLA2-1-300x300.png 300w, https:\/\/insideamateurfussball-ffm.de\/wp-content\/uploads\/2022\/07\/220630_KLA2-1-150x150.png 150w\" sizes=\"auto, (max-width: 692px) 100vw, 692px\" \/><figcaption>Kreisliga A Frankfurt Gruppe 1 Saison 2022\/23. Grafik: Marko Cickovic (SV Bonames).<\/figcaption><\/figure>\n<\/figure>\n","protected":false},"excerpt":{"rendered":"<p>Heute stellt unser Freund Marko Cickovic vom SV Bonames die Stadtkarte der Kreisliga A Frankfurt Gruppe 1 vor. Durch Auf- und Abstiege hat sich in der fr\u00fcheren Nordwest-Staffel einiges getan. Insbesondere die nicht proportionale Eingliederung von vier KOL-Absteigern st\u00f6\u00dft bei einigen Vereinen auf Unbehagen. Schaut Euch die Karte genau an, um zu erkennen, wo die [&hellip;]<\/p>\n","protected":false},"author":1,"featured_media":1258,"comment_status":"open","ping_status":"open","sticky":false,"template":"","format":"standard","meta":{"footnotes":""},"categories":[12],"tags":[],"class_list":["post-1257","post","type-post","status-publish","format-standard","has-post-thumbnail","hentry","category-kreisliga-a1"],"_links":{"self":[{"href":"https:\/\/insideamateurfussball-ffm.de\/index.php?rest_route=\/wp\/v2\/posts\/1257","targetHints":{"allow":["GET"]}}],"collection":[{"href":"https:\/\/insideamateurfussball-ffm.de\/index.php?rest_route=\/wp\/v2\/posts"}],"about":[{"href":"https:\/\/insideamateurfussball-ffm.de\/index.php?rest_route=\/wp\/v2\/types\/post"}],"author":[{"embeddable":true,"href":"https:\/\/insideamateurfussball-ffm.de\/index.php?rest_route=\/wp\/v2\/users\/1"}],"replies":[{"embeddable":true,"href":"https:\/\/insideamateurfussball-ffm.de\/index.php?rest_route=%2Fwp%2Fv2%2Fcomments&post=1257"}],"version-history":[{"count":1,"href":"https:\/\/insideamateurfussball-ffm.de\/index.php?rest_route=\/wp\/v2\/posts\/1257\/revisions"}],"predecessor-version":[{"id":1260,"href":"https:\/\/insideamateurfussball-ffm.de\/index.php?rest_route=\/wp\/v2\/posts\/1257\/revisions\/1260"}],"wp:featuredmedia":[{"embeddable":true,"href":"https:\/\/insideamateurfussball-ffm.de\/index.php?rest_route=\/wp\/v2\/media\/1258"}],"wp:attachment":[{"href":"https:\/\/insideamateurfussball-ffm.de\/index.php?rest_route=%2Fwp%2Fv2%2Fmedia&parent=1257"}],"wp:term":[{"taxonomy":"category","embeddable":true,"href":"https:\/\/insideamateurfussball-ffm.de\/index.php?rest_route=%2Fwp%2Fv2%2Fcategories&post=1257"},{"taxonomy":"post_tag","embeddable":true,"href":"https:\/\/insideamateurfussball-ffm.de\/index.php?rest_route=%2Fwp%2Fv2%2Ftags&post=1257"}],"curies":[{"name":"wp","href":"https:\/\/api.w.org\/{rel}","templated":true}]}}