{"id":1244,"date":"2022-07-09T23:30:46","date_gmt":"2022-07-09T23:30:46","guid":{"rendered":"http:\/\/insideamateurfussball-ffm.de\/?p=1244"},"modified":"2025-01-05T12:23:09","modified_gmt":"2025-01-05T11:23:09","slug":"fechenheim-mit-trockenem-20-sieg","status":"publish","type":"post","link":"https:\/\/insideamateurfussball-ffm.de\/?p=1244","title":{"rendered":"Fechenheim mit trockenem 2:0-Sieg"},"content":{"rendered":"<h5>Nur zwei Tage nach der 1:3-Niederlage bei Verbandsligist Rot-Weiss Frankfurt absolvierte Gruppenligist Spvgg. 03 Fechenheim schon seinen zweiten Test. Gegen TuRa Niederh\u00f6chstadt aus dem Main-Taunus-Kreis (Gruppenliga Wiesbaden) gab\u00b4s an der heimischen Pfortenstra\u00dfe einen sp\u00e4t herausgeschossenen trockenen 2:0-Sieg.<\/h5>\n<figure id=\"attachment_1245\" aria-describedby=\"caption-attachment-1245\" style=\"width: 300px\" class=\"wp-caption alignnone\"><img loading=\"lazy\" decoding=\"async\" class=\"wp-image-1245 size-medium\" style=\"font-size: revert; color: initial;\" src=\"http:\/\/insideamateurfussball-ffm.de\/wp-content\/uploads\/2022\/07\/Test_Frankfurt_20220709_Patrick_Gawlik-75-300x200.jpg\" alt=\"\" width=\"300\" height=\"200\" \/><figcaption id=\"caption-attachment-1245\" class=\"wp-caption-text\">Tura Niederh\u00f6chstadt verteidigte\u00a0in Fechenheim lange Zeit gut. Foto: Patrick Gawlik (Paga).<\/figcaption><\/figure>\n<h5>Spvgg. 03 Fechenheim &#8211; TuRa Niederh\u00f6chstadt 2:0 (0:0)<\/h5>\n<p><img loading=\"lazy\" decoding=\"async\" class=\"alignnone size-full wp-image-603\" src=\"http:\/\/insideamateurfussball-ffm.de\/wp-content\/uploads\/2022\/06\/Fech03.jpg\" alt=\"\" width=\"52\" height=\"80\" \/><img loading=\"lazy\" decoding=\"async\" class=\"alignnone size-full wp-image-589\" src=\"http:\/\/insideamateurfussball-ffm.de\/wp-content\/uploads\/2022\/06\/TuRa.jpg\" alt=\"\" width=\"80\" height=\"80\" \/><\/p>\n<p>Vor 30 Zuschauern stand es auf dem Kunstrasenplatz lange 0:0, denn die von Trainer Bayram Mechmet trainierten G\u00e4ste aus dem Eschborner Ortsteil verteidigten konsequent. Trainer Maximilian Schmidt setzte alle ihm zur Verf\u00fcgung stehenden 16 Akteure ein. Erst in der Schlussphase gelangen den Gastgebern doch noch zwei Treffer zu diesem trockenen Sieg. Thomas Schmidt-Isermann (80.) und Eray Aksoy (89.) waren f\u00fcr die Blau-Schwarzen erfolgreich. &#8222;Wir haben sehr viele Spiele ausgemacht, dementsprechend wollen wir uns einspielen, um die Form der R\u00fcckrunde zu erlangen. Das geht nur durch viele Spiele&#8220;, verdeutlichte Coach Schmidt. Deswegen steht am heutigen Sonntag (15 Uhr) schon das n\u00e4chste Spiel beim benachbarten Offenbacher Kreisoberligisten SG Wiking auf dem Programm.\u00a0<\/p>\n<h5>Schiedsrichter: Tim Wiesner (SV 07 Heddernheim). Zuschauer: 30.\u00a0<\/h5>\n<h5>Tore: 1:0 Thomas Schmidt-Isermann (80.), 2:0 Eray Aksoy (89.).<\/h5>\n<p>\u00a0<\/p>\n\n\n<figure class=\"wp-block-gallery has-nested-images columns-default is-cropped wp-block-gallery-1 is-layout-flex wp-block-gallery-is-layout-flex\">\n<figure class=\"wp-block-image size-large is-style-default\"><img decoding=\"async\" data-id=\"1247\" src=\"http:\/\/insideamateurfussball-ffm.de\/wp-content\/uploads\/2022\/07\/Test_Frankfurt_20220709_Patrick_Gawlik-27-1024x683.jpg\" alt=\"\" class=\"wp-image-1247\"\/><figcaption>Fotos: Paga. <\/figcaption><\/figure>\n<\/figure>\n\n\n\n<figure class=\"wp-block-gallery has-nested-images columns-default is-cropped wp-block-gallery-2 is-layout-flex wp-block-gallery-is-layout-flex\">\n<figure class=\"wp-block-image size-large is-style-default\"><img decoding=\"async\" data-id=\"1249\" src=\"http:\/\/insideamateurfussball-ffm.de\/wp-content\/uploads\/2022\/07\/Test_Frankfurt_20220709_Patrick_Gawlik-91-1024x683.jpg\" alt=\"\" class=\"wp-image-1249\"\/><\/figure>\n<\/figure>\n\n\n\n<div class=\"wp-block-columns is-layout-flex wp-container-core-columns-is-layout-28f84493 wp-block-columns-is-layout-flex\">\n<div class=\"wp-block-column is-layout-flow wp-block-column-is-layout-flow\">\n<figure class=\"wp-block-image size-large is-style-default\"><img decoding=\"async\" src=\"http:\/\/insideamateurfussball-ffm.de\/wp-content\/uploads\/2022\/07\/Test_Frankfurt_20220709_Patrick_Gawlik-50-1024x683.jpg\" alt=\"\" class=\"wp-image-1250\"\/><\/figure>\n<\/div>\n\n\n\n<div class=\"wp-block-column is-layout-flow wp-block-column-is-layout-flow\">\n<figure class=\"wp-block-image size-large is-style-default\"><img decoding=\"async\" src=\"http:\/\/insideamateurfussball-ffm.de\/wp-content\/uploads\/2022\/07\/Test_Frankfurt_20220709_Patrick_Gawlik-18-1024x683.jpg\" alt=\"\" class=\"wp-image-1251\"\/><\/figure>\n<\/div>\n\n\n\n<div class=\"wp-block-column is-layout-flow wp-block-column-is-layout-flow\">\n<figure class=\"wp-block-image size-large is-style-default\"><img decoding=\"async\" src=\"http:\/\/insideamateurfussball-ffm.de\/wp-content\/uploads\/2022\/07\/Test_Frankfurt_20220709_Patrick_Gawlik-88-1024x683.jpg\" alt=\"\" class=\"wp-image-1253\"\/><\/figure>\n<\/div>\n<\/div>\n","protected":false},"excerpt":{"rendered":"<p>Nur zwei Tage nach der 1:3-Niederlage bei Verbandsligist Rot-Weiss Frankfurt absolvierte Gruppenligist Spvgg. 03 Fechenheim schon seinen zweiten Test. Gegen TuRa Niederh\u00f6chstadt aus dem Main-Taunus-Kreis (Gruppenliga Wiesbaden) gab\u00b4s an der heimischen Pfortenstra\u00dfe einen sp\u00e4t herausgeschossenen trockenen 2:0-Sieg. Spvgg. 03 Fechenheim &#8211; TuRa Niederh\u00f6chstadt 2:0 (0:0) Vor 30 Zuschauern stand es auf dem Kunstrasenplatz lange 0:0, [&hellip;]<\/p>\n","protected":false},"author":1,"featured_media":0,"comment_status":"open","ping_status":"open","sticky":false,"template":"","format":"standard","meta":{"footnotes":""},"categories":[21],"tags":[],"class_list":["post-1244","post","type-post","status-publish","format-standard","hentry","category-testspiele"],"_links":{"self":[{"href":"https:\/\/insideamateurfussball-ffm.de\/index.php?rest_route=\/wp\/v2\/posts\/1244","targetHints":{"allow":["GET"]}}],"collection":[{"href":"https:\/\/insideamateurfussball-ffm.de\/index.php?rest_route=\/wp\/v2\/posts"}],"about":[{"href":"https:\/\/insideamateurfussball-ffm.de\/index.php?rest_route=\/wp\/v2\/types\/post"}],"author":[{"embeddable":true,"href":"https:\/\/insideamateurfussball-ffm.de\/index.php?rest_route=\/wp\/v2\/users\/1"}],"replies":[{"embeddable":true,"href":"https:\/\/insideamateurfussball-ffm.de\/index.php?rest_route=%2Fwp%2Fv2%2Fcomments&post=1244"}],"version-history":[{"count":5,"href":"https:\/\/insideamateurfussball-ffm.de\/index.php?rest_route=\/wp\/v2\/posts\/1244\/revisions"}],"predecessor-version":[{"id":1256,"href":"https:\/\/insideamateurfussball-ffm.de\/index.php?rest_route=\/wp\/v2\/posts\/1244\/revisions\/1256"}],"wp:attachment":[{"href":"https:\/\/insideamateurfussball-ffm.de\/index.php?rest_route=%2Fwp%2Fv2%2Fmedia&parent=1244"}],"wp:term":[{"taxonomy":"category","embeddable":true,"href":"https:\/\/insideamateurfussball-ffm.de\/index.php?rest_route=%2Fwp%2Fv2%2Fcategories&post=1244"},{"taxonomy":"post_tag","embeddable":true,"href":"https:\/\/insideamateurfussball-ffm.de\/index.php?rest_route=%2Fwp%2Fv2%2Ftags&post=1244"}],"curies":[{"name":"wp","href":"https:\/\/api.w.org\/{rel}","templated":true}]}}