{"id":1234,"date":"2022-07-09T22:43:57","date_gmt":"2022-07-09T22:43:57","guid":{"rendered":"http:\/\/insideamateurfussball-ffm.de\/?p=1234"},"modified":"2025-01-05T12:23:16","modified_gmt":"2025-01-05T11:23:16","slug":"amiri-in-topform","status":"publish","type":"post","link":"https:\/\/insideamateurfussball-ffm.de\/?p=1234","title":{"rendered":"Amiri in Topform"},"content":{"rendered":"<h5>Die nun als &#8222;U21&#8220; firmierende neu in den Spielbetrieb eingegliederte Zweite Mannschaft von Eintracht Frankfurt hat auch ihr zweites Testspiel souver\u00e4n f\u00fcr sich gestaltet. Bei der &#8222;Heimpremiere&#8220; im Sportpark Dreieich im Landkreis Offenbach gewannen die Adlertr\u00e4ger gegen den vor kurzem erst aus der Hessenliga abgestiegenen und k\u00fcnftig in der Verbandsliga spielenden FV Bad Vilbel mit 5:0 (4:0).\u00a0<\/h5>\n<figure id=\"attachment_1235\" aria-describedby=\"caption-attachment-1235\" style=\"width: 300px\" class=\"wp-caption alignnone\"><img loading=\"lazy\" decoding=\"async\" class=\"wp-image-1235 size-medium\" src=\"http:\/\/insideamateurfussball-ffm.de\/wp-content\/uploads\/2022\/07\/IMG_0016-2-300x200.jpg\" alt=\"\" width=\"300\" height=\"200\" \/><figcaption id=\"caption-attachment-1235\" class=\"wp-caption-text\">Bad Vilbels St\u00fcrmer Flakron Thaci wird hier von einem Eintracht-Verteidiger gestoppt. Foto: JW.<\/figcaption><\/figure>\n<h5>Eintracht Frankfurt U21 &#8211; FV Bad Vilbel 5:0 (4:0)<\/h5>\n<p><img loading=\"lazy\" decoding=\"async\" class=\"alignnone size-full wp-image-836\" src=\"http:\/\/insideamateurfussball-ffm.de\/wp-content\/uploads\/2022\/06\/SGE.jpg\" alt=\"\" width=\"79\" height=\"80\" \/><img loading=\"lazy\" decoding=\"async\" class=\"alignnone size-full wp-image-146\" src=\"http:\/\/insideamateurfussball-ffm.de\/wp-content\/uploads\/2022\/05\/FV-Bad-Vilbel.jpg\" alt=\"\" width=\"80\" height=\"80\" \/><\/p>\n<p>Die in die Hessenliga eingestufte Eintracht-Mannschaft legte \u00e4hnlich wie beim 7:0-Sieg in Seckbach vor einer Woche einen souver\u00e4nen Auftritt hin. SGE-Trainer Kristjan Glibo konnte seinen Kader durch Fu\u00dfballer erweitern, die sich zuletzt sogar im Kader des Europa League-Siegers beweisen durften. Der von Hessen Dreieich \u00fcbernommene 32-j\u00e4hrige Kapit\u00e4n Zubayr Amiri zeigte sich an seiner alten und neuen Heimspielst\u00e4tte in Topform und steuerte noch vor der Pause drei Treffer bei.<\/p>\n<p>Nach Amiris F\u00fchrungstor erh\u00f6hte Mehdi Loune schnell auf 2:0, ehe wiederum Amiri FV-Torh\u00fcter Robin Orband unter Druck setzte und diesen zu einem Fehler zwang. Seinen dritten Treffer zum 4:0 lie\u00df der afghanische Nationalspieler per Flugkopball noch vor dem Seitenwechsel folgen. Die G\u00e4ste von der n\u00f6rdlichen Frankfurter Stadtgrenze hatten bis dahin lediglich eine Chance durch den vom FC Kosova aus der Kreisoberliga Frankfurt gekommenen St\u00fcrmer Flakron Thaci, dessen Linksschuss knapp am Tor vorbei ging.<\/p>\n<p>Im zweiten Abschnitt gestaltete sich die Begegnung etwas ausgeglichener, nachdem vor allem die SGE fast das ganze Team ausgetauscht hatte. Zwar blieb Frankfurt weiter dominant, aber die Chancen wurden nicht mehr konsequent genutzt. Ausgerechnet Maximilian Brauburger, Ex-Vilbeler und letzte Runde noch in Diensten von Bayern Alzenau, dem ersten Eintracht-Gegner in der Hessenliga, blieb das Tor zum 5:0 vorbehalten, ehe Niklas Kraus auf der Gegenseite noch einmal weit \u00fcber das Tor zielte.<\/p>\n<p>Bereits am kommenden Dienstag spielt die Eintracht II erneut im Sportpark gegen einen weiteren Hessenliga-Absteiger, den SV Zeilsheim (19.30 Uhr). Der FV Bad Vilbel ist erst n\u00e4chsten Samstag im Frankfurter Osten bei Gruppenliga-Club Spvgg. Fechenheim an der Reihe.\u00a0<\/p>\n<h5>Schiedsrichter: Adil Challioui (Offenbach). Zuschauer: 218.<\/h5>\n<h5>Tore: 1:0 Zubayr Amiri (7.), 2:0 Mehdi Loune (9.), 3:0, 4:0 Zubayr Amiri (29.\/43.), 5:0 Maximilian Brauburger (79.).<\/h5>\n<p>\u00a0<\/p>\n\n\n<figure class=\"wp-block-gallery has-nested-images columns-default is-cropped wp-block-gallery-1 is-layout-flex wp-block-gallery-is-layout-flex\">\n<figure class=\"wp-block-image size-large is-style-default\"><img decoding=\"async\" data-id=\"1236\" src=\"http:\/\/insideamateurfussball-ffm.de\/wp-content\/uploads\/2022\/07\/IMG_0033-1024x683.jpg\" alt=\"\" class=\"wp-image-1236\"\/><figcaption>Fotos: JW.<\/figcaption><\/figure>\n<\/figure>\n\n\n\n<div class=\"wp-block-columns is-layout-flex wp-container-core-columns-is-layout-28f84493 wp-block-columns-is-layout-flex\">\n<div class=\"wp-block-column is-layout-flow wp-block-column-is-layout-flow\">\n<figure class=\"wp-block-image size-large is-style-default\"><img decoding=\"async\" src=\"http:\/\/insideamateurfussball-ffm.de\/wp-content\/uploads\/2022\/07\/IMG_0006-1024x683.jpg\" alt=\"\" class=\"wp-image-1237\"\/><\/figure>\n<\/div>\n\n\n\n<div class=\"wp-block-column is-layout-flow wp-block-column-is-layout-flow\">\n<figure class=\"wp-block-image size-large is-style-default\"><img decoding=\"async\" src=\"http:\/\/insideamateurfussball-ffm.de\/wp-content\/uploads\/2022\/07\/IMG_0024-1-1024x683.jpg\" alt=\"\" class=\"wp-image-1238\"\/><\/figure>\n<\/div>\n\n\n\n<div class=\"wp-block-column is-layout-flow wp-block-column-is-layout-flow\">\n<figure class=\"wp-block-image size-large is-style-default\"><img decoding=\"async\" src=\"http:\/\/insideamateurfussball-ffm.de\/wp-content\/uploads\/2022\/07\/IMG_0041-1-1024x683.jpg\" alt=\"\" class=\"wp-image-1239\"\/><\/figure>\n<\/div>\n<\/div>\n\n\n\n<figure class=\"wp-block-gallery has-nested-images columns-default is-cropped wp-block-gallery-2 is-layout-flex wp-block-gallery-is-layout-flex\">\n<figure class=\"wp-block-image size-large is-style-default\"><img decoding=\"async\" data-id=\"1240\" src=\"http:\/\/insideamateurfussball-ffm.de\/wp-content\/uploads\/2022\/07\/IMG_0015-1024x683.jpg\" alt=\"\" class=\"wp-image-1240\"\/><\/figure>\n<\/figure>\n","protected":false},"excerpt":{"rendered":"<p>Die nun als &#8222;U21&#8220; firmierende neu in den Spielbetrieb eingegliederte Zweite Mannschaft von Eintracht Frankfurt hat auch ihr zweites Testspiel souver\u00e4n f\u00fcr sich gestaltet. Bei der &#8222;Heimpremiere&#8220; im Sportpark Dreieich im Landkreis Offenbach gewannen die Adlertr\u00e4ger gegen den vor kurzem erst aus der Hessenliga abgestiegenen und k\u00fcnftig in der Verbandsliga spielenden FV Bad Vilbel mit [&hellip;]<\/p>\n","protected":false},"author":1,"featured_media":0,"comment_status":"open","ping_status":"open","sticky":false,"template":"","format":"standard","meta":{"footnotes":""},"categories":[21],"tags":[],"class_list":["post-1234","post","type-post","status-publish","format-standard","hentry","category-testspiele"],"_links":{"self":[{"href":"https:\/\/insideamateurfussball-ffm.de\/index.php?rest_route=\/wp\/v2\/posts\/1234","targetHints":{"allow":["GET"]}}],"collection":[{"href":"https:\/\/insideamateurfussball-ffm.de\/index.php?rest_route=\/wp\/v2\/posts"}],"about":[{"href":"https:\/\/insideamateurfussball-ffm.de\/index.php?rest_route=\/wp\/v2\/types\/post"}],"author":[{"embeddable":true,"href":"https:\/\/insideamateurfussball-ffm.de\/index.php?rest_route=\/wp\/v2\/users\/1"}],"replies":[{"embeddable":true,"href":"https:\/\/insideamateurfussball-ffm.de\/index.php?rest_route=%2Fwp%2Fv2%2Fcomments&post=1234"}],"version-history":[{"count":3,"href":"https:\/\/insideamateurfussball-ffm.de\/index.php?rest_route=\/wp\/v2\/posts\/1234\/revisions"}],"predecessor-version":[{"id":1261,"href":"https:\/\/insideamateurfussball-ffm.de\/index.php?rest_route=\/wp\/v2\/posts\/1234\/revisions\/1261"}],"wp:attachment":[{"href":"https:\/\/insideamateurfussball-ffm.de\/index.php?rest_route=%2Fwp%2Fv2%2Fmedia&parent=1234"}],"wp:term":[{"taxonomy":"category","embeddable":true,"href":"https:\/\/insideamateurfussball-ffm.de\/index.php?rest_route=%2Fwp%2Fv2%2Fcategories&post=1234"},{"taxonomy":"post_tag","embeddable":true,"href":"https:\/\/insideamateurfussball-ffm.de\/index.php?rest_route=%2Fwp%2Fv2%2Ftags&post=1234"}],"curies":[{"name":"wp","href":"https:\/\/api.w.org\/{rel}","templated":true}]}}