{"id":1221,"date":"2022-07-08T18:04:07","date_gmt":"2022-07-08T18:04:07","guid":{"rendered":"http:\/\/insideamateurfussball-ffm.de\/?p=1221"},"modified":"2025-01-05T12:23:44","modified_gmt":"2025-01-05T11:23:44","slug":"bornheim-erwartet-sieger-offenbach","status":"publish","type":"post","link":"https:\/\/insideamateurfussball-ffm.de\/?p=1221","title":{"rendered":"Bornheim erwartet &#8222;Sieger Offenbach&#8220;"},"content":{"rendered":"<h5>Die Auslosung der 1. Runde im Hessenpokal ergab f\u00fcr den Frankfurter Kreispokalsieger SG Bornheim Gr\u00fcn-Weiss noch keinen konkreten Gegner. Fest steht nur, dass der Kontrahent der Mannschaft von Trainer Sascha Volk der noch zu ermittelnde Pokalsieger aus dem Kreis Offenbach sein wird.<\/h5>\n<figure id=\"attachment_1222\" aria-describedby=\"caption-attachment-1222\" style=\"width: 300px\" class=\"wp-caption alignnone\"><img loading=\"lazy\" decoding=\"async\" class=\"wp-image-1222 size-medium\" src=\"http:\/\/insideamateurfussball-ffm.de\/wp-content\/uploads\/2022\/07\/final17-300x216.jpg\" alt=\"\" width=\"300\" height=\"216\" \/><figcaption id=\"caption-attachment-1222\" class=\"wp-caption-text\">Nach der Auslosung steht f\u00fcr die Bornheimer nur fest, dass es gegen den noch zu ermittelnden Pokalsieger aus dem Kreis Offenbach geht. Foto: Mithat G\u00fcrser.<\/figcaption><\/figure>\n<p>Warum der noch nicht feststeht? Der Wettbewerb im Nachbarkreis konnte aufgrund von Formfehlern im Viertelfinale nicht bis zur Meldefrist am 30. Juni beendet werden. Bei den Begegnungen zwischen der SG Nieder-Roden und dem SC Hessen Dreieich sowie den Sportfreunden Seligenstadt und der Spvgg. 03 Neu-Isenburg hatten die Schiedsrichter entgegen der Durchf\u00fchrungsbestimmungen vier Spielerwechsel gestattet, was zur nachtr\u00e4glichen Annullierung und Neuansetzung der Spiele f\u00fchrte. Dreieich hat sich mittlerweile aus dem Wettbewerb zur\u00fcckgezogen, da der Verein \u00fcber keine Seniorenmannschaft mehr verf\u00fcgt.<\/p>\n<p>Der Offenbacher Kreisfu\u00dfballwart J\u00f6rg Wagner teilte auf Anfrage mit, dass der Wettbewerb nicht mehr komplett, aber zumindest das Finale ausgetragen werden soll. Aus den f\u00fcnf verbliebenen Vereinen JSK Rodgau, Sportfreunde Seligenstadt und Spvgg. 03 Neu-Isenburg (alle Verbandsliga S\u00fcd), SG Nieder-Roden (Gruppenliga Ost) und SG Egelsbach (Kreisoberliga) sollen die beiden Finalteilnehmer gelost werden, die dann voraussichtlich am Samstag, den 16. Juli auf neutralem Platz den Bornheimer Gegner ausspielen w\u00fcrden.<\/p>\n<blockquote><p>&#8222;Ich muss auch dem Pokalsponsor Licher gerecht werden (Offenbachs KFW J\u00f6rg Wagner).<\/p><\/blockquote>\n<p>&#8222;Wir schaffen es leider nicht mehr, den Wettbewerb komplett auszuspielen, aber die Vereine wollten zumindest ein Finale haben. Ich muss auch dem Pokalsponsor Licher gerecht werden und einen Platz ausw\u00e4hlen, an dem Licher ausgeschenkt werden kann&#8220;, brachte Wagner Licht in die Offenbacher Pokalfrage.<\/p>\n<p>Sollte der Bornheimer Gegner aus der Verbandsliga kommen, h\u00e4tte die SGB am 31. Juli sonntags Heimrecht, bei einem unterklassigen Kontrahenten m\u00fcsste der Frankfurter Kreispokalsieger ausw\u00e4rts antreten.<\/p>\n","protected":false},"excerpt":{"rendered":"<p>Die Auslosung der 1. Runde im Hessenpokal ergab f\u00fcr den Frankfurter Kreispokalsieger SG Bornheim Gr\u00fcn-Weiss noch keinen konkreten Gegner. Fest steht nur, dass der Kontrahent der Mannschaft von Trainer Sascha Volk der noch zu ermittelnde Pokalsieger aus dem Kreis Offenbach sein wird. Warum der noch nicht feststeht? Der Wettbewerb im Nachbarkreis konnte aufgrund von Formfehlern [&hellip;]<\/p>\n","protected":false},"author":1,"featured_media":0,"comment_status":"open","ping_status":"open","sticky":false,"template":"","format":"standard","meta":{"footnotes":""},"categories":[30],"tags":[],"class_list":["post-1221","post","type-post","status-publish","format-standard","hentry","category-hessenpokal"],"_links":{"self":[{"href":"https:\/\/insideamateurfussball-ffm.de\/index.php?rest_route=\/wp\/v2\/posts\/1221","targetHints":{"allow":["GET"]}}],"collection":[{"href":"https:\/\/insideamateurfussball-ffm.de\/index.php?rest_route=\/wp\/v2\/posts"}],"about":[{"href":"https:\/\/insideamateurfussball-ffm.de\/index.php?rest_route=\/wp\/v2\/types\/post"}],"author":[{"embeddable":true,"href":"https:\/\/insideamateurfussball-ffm.de\/index.php?rest_route=\/wp\/v2\/users\/1"}],"replies":[{"embeddable":true,"href":"https:\/\/insideamateurfussball-ffm.de\/index.php?rest_route=%2Fwp%2Fv2%2Fcomments&post=1221"}],"version-history":[{"count":1,"href":"https:\/\/insideamateurfussball-ffm.de\/index.php?rest_route=\/wp\/v2\/posts\/1221\/revisions"}],"predecessor-version":[{"id":1223,"href":"https:\/\/insideamateurfussball-ffm.de\/index.php?rest_route=\/wp\/v2\/posts\/1221\/revisions\/1223"}],"wp:attachment":[{"href":"https:\/\/insideamateurfussball-ffm.de\/index.php?rest_route=%2Fwp%2Fv2%2Fmedia&parent=1221"}],"wp:term":[{"taxonomy":"category","embeddable":true,"href":"https:\/\/insideamateurfussball-ffm.de\/index.php?rest_route=%2Fwp%2Fv2%2Fcategories&post=1221"},{"taxonomy":"post_tag","embeddable":true,"href":"https:\/\/insideamateurfussball-ffm.de\/index.php?rest_route=%2Fwp%2Fv2%2Ftags&post=1221"}],"curies":[{"name":"wp","href":"https:\/\/api.w.org\/{rel}","templated":true}]}}