{"id":1205,"date":"2022-07-08T15:46:25","date_gmt":"2022-07-08T15:46:25","guid":{"rendered":"http:\/\/insideamateurfussball-ffm.de\/?p=1205"},"modified":"2025-01-05T12:24:02","modified_gmt":"2025-01-05T11:24:02","slug":"enver-osmanovic-torwarttrainer-bei-rot-weiss","status":"publish","type":"post","link":"https:\/\/insideamateurfussball-ffm.de\/?p=1205","title":{"rendered":"Osmanovic Torwarttrainer bei Rot-Weiss"},"content":{"rendered":"<h5>Enver Osmanovic ist neuer Torwarttrainer beim Verbandsligisten Rot-Weiss Frankfurt und damit Nachfolger von Marcel Richter, der zum Regionalligisten TSV Steinbach Haiger gewechselt ist. Bei den &#8222;Roten&#8220; ist Osmanovic neben seiner T\u00e4tigkeit im Verbandsliga-Team f\u00fcr die Ausbildung aller im Gro\u00dffeld spielenden Torh\u00fcter von der U14 bis zur U19 zust\u00e4ndig.\u00a0\u00a0<\/h5>\n<figure id=\"attachment_1206\" aria-describedby=\"caption-attachment-1206\" style=\"width: 300px\" class=\"wp-caption alignnone\"><img loading=\"lazy\" decoding=\"async\" class=\"wp-image-1206 size-medium\" src=\"http:\/\/insideamateurfussball-ffm.de\/wp-content\/uploads\/2022\/07\/enver7-300x210.jpg\" alt=\"\" width=\"300\" height=\"210\" \/><figcaption id=\"caption-attachment-1206\" class=\"wp-caption-text\">Der lizenzierte Torwarttrainer Enver Osmanovic ist neu bei Rot-Weiss Frankfurt. Foto: Mithat G\u00fcrser.<\/figcaption><\/figure>\n<p><img loading=\"lazy\" decoding=\"async\" class=\"alignnone size-full wp-image-120\" src=\"http:\/\/insideamateurfussball-ffm.de\/wp-content\/uploads\/2022\/05\/rot-weiss.png\" alt=\"\" width=\"80\" height=\"70\" \/><\/p>\n<p>Der 41-j\u00e4hrige Bosnier spielte in seiner aktiven Karriere unter anderem beim SV BKC Bosnien, FG Seckbach, R\u00f6delheimer FC und den Sportfreunden Friedrichsdorf, wo er weiterhin spielberechtigt ist und einmal die Woche weiter die Schlussm\u00e4nner trainiert. Zuletzt war der lizenzierte Torwarttrainer auch bei Hessenliga-Absteiger FV Bad Vilbel t\u00e4tig.<\/p>\n<blockquote>\n<p>&#8222;Marcel Richter hat einen guten Namen in der Szene. Ich trete ein schweres Erbe an.&#8220; (Enver Osmanovic).\u00a0<\/p>\n<\/blockquote>\n<p>&#8222;Ich trete ein schweres Erbe an, denn Marcel Richter hat einen guten Namen in der Szene. Ich freue mich auf die neue Aufgabe und brenne darauf, mit den jungen Torh\u00fctern zu arbeiten&#8220;, sagt Osmanovic und f\u00fcgt hinzu: &#8222;25 Jahre Erfahrung im Tor will ich an die j\u00fcngeren Torh\u00fcter weitergeben.&#8220;<\/p>\n<p>Sportlich sei das Engagement am Brentanobad eine gute Chance: &#8222;Ich bedanke mich bei den Verantwortlichen f\u00fcr das Vertrauen. Vor allem bedanke ich mich bei Bad Vilbel und den SFF, dass sie mir keine Steine in den Weg gelegt haben.&#8220;\u00a0\u00a0<\/p>\n<p>\u00a0<\/p>\n\n\n<figure class=\"wp-block-gallery has-nested-images columns-default is-cropped wp-block-gallery-1 is-layout-flex wp-block-gallery-is-layout-flex\">\n<figure class=\"wp-block-image size-large is-style-default\"><img decoding=\"async\" data-id=\"1208\" src=\"http:\/\/insideamateurfussball-ffm.de\/wp-content\/uploads\/2022\/07\/enver1.jpg\" alt=\"\" class=\"wp-image-1208\"\/><\/figure>\n<\/figure>\n","protected":false},"excerpt":{"rendered":"<p>Enver Osmanovic ist neuer Torwarttrainer beim Verbandsligisten Rot-Weiss Frankfurt und damit Nachfolger von Marcel Richter, der zum Regionalligisten TSV Steinbach Haiger gewechselt ist. Bei den &#8222;Roten&#8220; ist Osmanovic neben seiner T\u00e4tigkeit im Verbandsliga-Team f\u00fcr die Ausbildung aller im Gro\u00dffeld spielenden Torh\u00fcter von der U14 bis zur U19 zust\u00e4ndig.\u00a0\u00a0 Der 41-j\u00e4hrige Bosnier spielte in seiner aktiven [&hellip;]<\/p>\n","protected":false},"author":1,"featured_media":0,"comment_status":"open","ping_status":"open","sticky":false,"template":"","format":"standard","meta":{"footnotes":""},"categories":[10],"tags":[],"class_list":["post-1205","post","type-post","status-publish","format-standard","hentry","category-verbandsliga-sued"],"_links":{"self":[{"href":"https:\/\/insideamateurfussball-ffm.de\/index.php?rest_route=\/wp\/v2\/posts\/1205","targetHints":{"allow":["GET"]}}],"collection":[{"href":"https:\/\/insideamateurfussball-ffm.de\/index.php?rest_route=\/wp\/v2\/posts"}],"about":[{"href":"https:\/\/insideamateurfussball-ffm.de\/index.php?rest_route=\/wp\/v2\/types\/post"}],"author":[{"embeddable":true,"href":"https:\/\/insideamateurfussball-ffm.de\/index.php?rest_route=\/wp\/v2\/users\/1"}],"replies":[{"embeddable":true,"href":"https:\/\/insideamateurfussball-ffm.de\/index.php?rest_route=%2Fwp%2Fv2%2Fcomments&post=1205"}],"version-history":[{"count":5,"href":"https:\/\/insideamateurfussball-ffm.de\/index.php?rest_route=\/wp\/v2\/posts\/1205\/revisions"}],"predecessor-version":[{"id":1220,"href":"https:\/\/insideamateurfussball-ffm.de\/index.php?rest_route=\/wp\/v2\/posts\/1205\/revisions\/1220"}],"wp:attachment":[{"href":"https:\/\/insideamateurfussball-ffm.de\/index.php?rest_route=%2Fwp%2Fv2%2Fmedia&parent=1205"}],"wp:term":[{"taxonomy":"category","embeddable":true,"href":"https:\/\/insideamateurfussball-ffm.de\/index.php?rest_route=%2Fwp%2Fv2%2Fcategories&post=1205"},{"taxonomy":"post_tag","embeddable":true,"href":"https:\/\/insideamateurfussball-ffm.de\/index.php?rest_route=%2Fwp%2Fv2%2Ftags&post=1205"}],"curies":[{"name":"wp","href":"https:\/\/api.w.org\/{rel}","templated":true}]}}