{"id":1197,"date":"2022-07-08T15:09:47","date_gmt":"2022-07-08T15:09:47","guid":{"rendered":"http:\/\/insideamateurfussball-ffm.de\/?p=1197"},"modified":"2025-01-05T12:24:09","modified_gmt":"2025-01-05T11:24:09","slug":"rot-weiss-gewinnt-gegen-fechenheim","status":"publish","type":"post","link":"https:\/\/insideamateurfussball-ffm.de\/?p=1197","title":{"rendered":"Rot-Weiss gewinnt gegen Fechenheim"},"content":{"rendered":"<h5>Im ersten Testspiel besiegte Verbandsligist Rot-Weiss Frankfurt am Donnerstagabend die Spvgg. Fechenheim aus der Gruppenliga Frankfurt West mit 3:1 (1:0). Beide Trainer zeigten sich nach dem Abpfiff mit den Darbietungen ihrer neuformierten Mannschaft einverstanden.\u00a0<\/h5>\n<p>\u00a0<\/p>\n<figure id=\"attachment_1198\" aria-describedby=\"caption-attachment-1198\" style=\"width: 300px\" class=\"wp-caption alignnone\"><img loading=\"lazy\" decoding=\"async\" class=\"wp-image-1198 size-medium\" src=\"http:\/\/insideamateurfussball-ffm.de\/wp-content\/uploads\/2022\/07\/fech4-300x223.jpg\" alt=\"\" width=\"300\" height=\"223\" \/><figcaption id=\"caption-attachment-1198\" class=\"wp-caption-text\">Rot-Weiss Frankfurt um Kapit\u00e4n Patrick G\u00fcrser (Mitte) gewann den ersten Test mit 3:1 gegen Fechenheim. Foto: Mithat G\u00fcrser.<\/figcaption><\/figure>\n<h5>Rot-Weiss Frankfurt &#8211; Spvgg. 03 Fechenheim 3:1 (1:0)<\/h5>\n<p><img loading=\"lazy\" decoding=\"async\" class=\"alignnone size-full wp-image-120\" src=\"http:\/\/insideamateurfussball-ffm.de\/wp-content\/uploads\/2022\/05\/rot-weiss.png\" alt=\"\" width=\"80\" height=\"70\" \/><img loading=\"lazy\" decoding=\"async\" class=\"alignnone size-full wp-image-603\" src=\"http:\/\/insideamateurfussball-ffm.de\/wp-content\/uploads\/2022\/06\/Fech03.jpg\" alt=\"\" width=\"52\" height=\"80\" \/><\/p>\n<p>Der neue Rot-Weiss-Cheftrainer Jonel Goncalves hatte einen guten Gesamteindruck nach dem Sieg gewonnen: &#8222;Es war ein guter Test mit einer guten Trainingseinheit. Wir haben vor dem Spiel viermal gemeinsam trainiert, mittlerweile sind die Namen drin. Die Spieler wissen jetzt, wie der Mitspieler hei\u00dft. Das war am Montag noch nicht der Fall. Wir haben taktisch einiges vorbereitet, was die junge Truppe teilweise gut umgesetzt hat.&#8220;<\/p>\n<blockquote>\n<p>&#8222;Die Spieler wissen jetzt, wie der Mitspieler hei\u00dft&#8220; (Rot-Weiss-Trainer Jonel Goncalves).<\/p>\n<\/blockquote>\n<p>Es dauerte eine halbe Stunde, bis Neuzugang Mario Shuteriqi vom k\u00fcnftigen Ligakonkurrenten FV Bad Vilbel mit einem Diagonalschuss zur F\u00fchrung traf. Bis dahin hatte Fechenheim einen defensiv stabilen Eindruck hinterlassen und Nadelstiche nach vorne gesetzt. Nach dem Seitenwechsel war noch keine Minute vergangen, ehe ein anderer ehemaliger Vilbeler, Rodrigo David Tiago, der im letzten Halbjahr bei Hessenliga-Absteiger SV Zeilsheim spielte, auf 2:0 erh\u00f6hte.<\/p>\n<blockquote>\n<p>&#8222;Mit sieben Neuzug\u00e4ngen haben die Abst\u00e4nde und Strukturen noch nicht gestimmt&#8220; (Fechenheims Trainer Maximilian Schmidt).<\/p>\n<\/blockquote>\n<p>Luka Cabraja, einer der vielen aus der eigenen U19 hochgezogenen Talente, markierte das 3:0 (55.). Kurz danach traf Fechenheims Yassin Benjilali per sehenswertem Freisto\u00df zum Endstand (58.). G\u00e4stetrainer Maximilian Schmidt meinte: &#8222;Wir haben eine sehr anstrengende Woche hinter uns, was den Trainingsbetrieb angeht. Es wurde gegen einen starken Gegner eine ordentliche k\u00e4mpferische Leistung gebracht und nie aufgegeben. Wir waren nat\u00fcrlich weniger im Ballbesitz als Rot-Weiss. Mit sieben Neuzug\u00e4ngen haben die Abst\u00e4nde und Strukturen aber noch nicht gestimmt.&#8220;\u00a0<\/p>\n<h5>Schiedsrichter: Lennart Steppe (Frankfurt). Zuschauer: 86.<\/h5>\n<h5>Tore: 1:0 Mario Shuteriqi (30.), 2:0 Rodrigo David Tiago (46.), 3:0 Luka Cabraja (55.), 3:1 Yassin Benjilali (58.).<\/h5>\n<h5>\u00a0<\/h5>\n<p>\u00a0<\/p>\n<p>\u00a0<\/p>\n\n\n<figure class=\"wp-block-gallery has-nested-images columns-default is-cropped wp-block-gallery-1 is-layout-flex wp-block-gallery-is-layout-flex\">\n<figure class=\"wp-block-image size-large is-style-default\"><img decoding=\"async\" data-id=\"1199\" src=\"http:\/\/insideamateurfussball-ffm.de\/wp-content\/uploads\/2022\/07\/fech3-1024x721.jpg\" alt=\"\" class=\"wp-image-1199\"\/><figcaption>Fechenheims Semih Y\u00fczen f\u00fchrt den Ball. Fotos: Mithat G\u00fcrser. <\/figcaption><\/figure>\n<\/figure>\n\n\n\n<div class=\"wp-block-columns is-layout-flex wp-container-core-columns-is-layout-28f84493 wp-block-columns-is-layout-flex\">\n<div class=\"wp-block-column is-layout-flow wp-block-column-is-layout-flow\">\n<figure class=\"wp-block-image size-large is-style-default\"><img decoding=\"async\" src=\"http:\/\/insideamateurfussball-ffm.de\/wp-content\/uploads\/2022\/07\/fech2-1024x708.jpg\" alt=\"\" class=\"wp-image-1200\"\/><\/figure>\n<\/div>\n\n\n\n<div class=\"wp-block-column is-layout-flow wp-block-column-is-layout-flow\">\n<figure class=\"wp-block-image size-full is-style-default\"><img decoding=\"async\" src=\"http:\/\/insideamateurfussball-ffm.de\/wp-content\/uploads\/2022\/07\/fech1.jpg\" alt=\"\" class=\"wp-image-1201\"\/><\/figure>\n<\/div>\n\n\n\n<div class=\"wp-block-column is-layout-flow wp-block-column-is-layout-flow\">\n<figure class=\"wp-block-image size-large is-style-default\"><img decoding=\"async\" src=\"http:\/\/insideamateurfussball-ffm.de\/wp-content\/uploads\/2022\/07\/fec1-1024x745.jpg\" alt=\"\" class=\"wp-image-1202\"\/><\/figure>\n<\/div>\n<\/div>\n\n\n\n<figure class=\"wp-block-image size-full is-style-default\"><img decoding=\"async\" src=\"http:\/\/insideamateurfussball-ffm.de\/wp-content\/uploads\/2022\/07\/fech5.jpg\" alt=\"\" class=\"wp-image-1203\"\/><\/figure>\n","protected":false},"excerpt":{"rendered":"<p>Im ersten Testspiel besiegte Verbandsligist Rot-Weiss Frankfurt am Donnerstagabend die Spvgg. Fechenheim aus der Gruppenliga Frankfurt West mit 3:1 (1:0). Beide Trainer zeigten sich nach dem Abpfiff mit den Darbietungen ihrer neuformierten Mannschaft einverstanden.\u00a0 \u00a0 Rot-Weiss Frankfurt &#8211; Spvgg. 03 Fechenheim 3:1 (1:0) Der neue Rot-Weiss-Cheftrainer Jonel Goncalves hatte einen guten Gesamteindruck nach dem Sieg [&hellip;]<\/p>\n","protected":false},"author":1,"featured_media":0,"comment_status":"open","ping_status":"open","sticky":false,"template":"","format":"standard","meta":{"footnotes":""},"categories":[21],"tags":[],"class_list":["post-1197","post","type-post","status-publish","format-standard","hentry","category-testspiele"],"_links":{"self":[{"href":"https:\/\/insideamateurfussball-ffm.de\/index.php?rest_route=\/wp\/v2\/posts\/1197","targetHints":{"allow":["GET"]}}],"collection":[{"href":"https:\/\/insideamateurfussball-ffm.de\/index.php?rest_route=\/wp\/v2\/posts"}],"about":[{"href":"https:\/\/insideamateurfussball-ffm.de\/index.php?rest_route=\/wp\/v2\/types\/post"}],"author":[{"embeddable":true,"href":"https:\/\/insideamateurfussball-ffm.de\/index.php?rest_route=\/wp\/v2\/users\/1"}],"replies":[{"embeddable":true,"href":"https:\/\/insideamateurfussball-ffm.de\/index.php?rest_route=%2Fwp%2Fv2%2Fcomments&post=1197"}],"version-history":[{"count":1,"href":"https:\/\/insideamateurfussball-ffm.de\/index.php?rest_route=\/wp\/v2\/posts\/1197\/revisions"}],"predecessor-version":[{"id":1204,"href":"https:\/\/insideamateurfussball-ffm.de\/index.php?rest_route=\/wp\/v2\/posts\/1197\/revisions\/1204"}],"wp:attachment":[{"href":"https:\/\/insideamateurfussball-ffm.de\/index.php?rest_route=%2Fwp%2Fv2%2Fmedia&parent=1197"}],"wp:term":[{"taxonomy":"category","embeddable":true,"href":"https:\/\/insideamateurfussball-ffm.de\/index.php?rest_route=%2Fwp%2Fv2%2Fcategories&post=1197"},{"taxonomy":"post_tag","embeddable":true,"href":"https:\/\/insideamateurfussball-ffm.de\/index.php?rest_route=%2Fwp%2Fv2%2Ftags&post=1197"}],"curies":[{"name":"wp","href":"https:\/\/api.w.org\/{rel}","templated":true}]}}