{"id":1187,"date":"2022-07-08T14:18:28","date_gmt":"2022-07-08T14:18:28","guid":{"rendered":"http:\/\/insideamateurfussball-ffm.de\/?p=1187"},"modified":"2025-01-05T12:24:19","modified_gmt":"2025-01-05T11:24:19","slug":"benefizspiel-kalbach-fsv-frankfurt","status":"publish","type":"post","link":"https:\/\/insideamateurfussball-ffm.de\/?p=1187","title":{"rendered":"Benefizspiel Kalbach &#8211; FSV Frankfurt"},"content":{"rendered":"<h5>Das Benefizspiel zwischen Gruppenliga-Aufsteiger FC Kalbach und Regionalligist FSV Frankfurt (2:3) wurde von rund 500 Zuschauern besucht. S\u00e4mtliche Erl\u00f6se wurden f\u00fcr einen guten Zweck gespendet. Unser Freund Sandro, Hobbyfotograf aus dem Gallus, war mit seiner Kamera vor Ort und hat uns einige Impressionen geschickt. Schaut auch mal auf seinem Instagram-Profil vorbei! <a href=\"https:\/\/www.instagram.com\/anzzo.sports\/?hl=de\">https:\/\/www.instagram.com\/anzzo.sports\/?hl=de<\/a>&nbsp;<\/h5>\n<figure id=\"attachment_1189\" aria-describedby=\"caption-attachment-1189\" style=\"width: 300px\" class=\"wp-caption alignnone\"><img loading=\"lazy\" decoding=\"async\" class=\"wp-image-1189 size-medium\" src=\"http:\/\/insideamateurfussball-ffm.de\/wp-content\/uploads\/2022\/07\/KalFSV-300x200.jpg\" alt=\"\" width=\"300\" height=\"200\"><figcaption id=\"caption-attachment-1189\" class=\"wp-caption-text\">Der FC Kalbach bot dem FSV Frankfurt Paroli. Foto: Anzzo Sports.<\/figcaption><\/figure>\n<h5>&nbsp;<\/h5>\n\n\n<figure class=\"wp-block-gallery has-nested-images columns-default is-cropped wp-block-gallery-1 is-layout-flex wp-block-gallery-is-layout-flex\">\n<figure class=\"wp-block-image size-large is-style-default\"><img loading=\"lazy\" decoding=\"async\" width=\"502\" height=\"753\" data-id=\"1190\" src=\"http:\/\/insideamateurfussball-ffm.de\/wp-content\/uploads\/2022\/07\/Ricardo-Harrabi.jpg\" alt=\"\" class=\"wp-image-1190\" srcset=\"https:\/\/insideamateurfussball-ffm.de\/wp-content\/uploads\/2022\/07\/Ricardo-Harrabi.jpg 502w, https:\/\/insideamateurfussball-ffm.de\/wp-content\/uploads\/2022\/07\/Ricardo-Harrabi-200x300.jpg 200w\" sizes=\"auto, (max-width: 502px) 100vw, 502px\" \/><figcaption>Kalbachs Mittelfeldspieler Ricardo Harrabi im Portrait. Fotos: Anzzo Sports.<\/figcaption><\/figure>\n<\/figure>\n\n\n\n<div class=\"wp-block-columns is-layout-flex wp-container-core-columns-is-layout-28f84493 wp-block-columns-is-layout-flex\">\n<div class=\"wp-block-column is-layout-flow wp-block-column-is-layout-flow\">\n<figure class=\"wp-block-image size-full is-style-default\"><img decoding=\"async\" src=\"http:\/\/insideamateurfussball-ffm.de\/wp-content\/uploads\/2022\/07\/FSV-Kal.jpg\" alt=\"\" class=\"wp-image-1191\"\/><\/figure>\n<\/div>\n\n\n\n<div class=\"wp-block-column is-layout-flow wp-block-column-is-layout-flow\">\n<figure class=\"wp-block-image size-full is-style-default\"><img decoding=\"async\" src=\"http:\/\/insideamateurfussball-ffm.de\/wp-content\/uploads\/2022\/07\/FSVW.jpg\" alt=\"\" class=\"wp-image-1192\"\/><\/figure>\n<\/div>\n\n\n\n<div class=\"wp-block-column is-layout-flow wp-block-column-is-layout-flow\">\n<figure class=\"wp-block-image size-large is-style-default\"><img decoding=\"async\" src=\"http:\/\/insideamateurfussball-ffm.de\/wp-content\/uploads\/2022\/07\/FSVQ-1024x683.jpg\" alt=\"\" class=\"wp-image-1193\"\/><\/figure>\n<\/div>\n<\/div>\n\n\n\n<figure class=\"wp-block-image size-full is-style-default\"><img decoding=\"async\" src=\"http:\/\/insideamateurfussball-ffm.de\/wp-content\/uploads\/2022\/07\/FSVZ.jpg\" alt=\"\" class=\"wp-image-1194\"\/><\/figure>\n","protected":false},"excerpt":{"rendered":"<p>Das Benefizspiel zwischen Gruppenliga-Aufsteiger FC Kalbach und Regionalligist FSV Frankfurt (2:3) wurde von rund 500 Zuschauern besucht. S\u00e4mtliche Erl\u00f6se wurden f\u00fcr einen guten Zweck gespendet. Unser Freund Sandro, Hobbyfotograf aus dem Gallus, war mit seiner Kamera vor Ort und hat uns einige Impressionen geschickt. Schaut auch mal auf seinem Instagram-Profil vorbei! https:\/\/www.instagram.com\/anzzo.sports\/?hl=de&nbsp; &nbsp;<\/p>\n","protected":false},"author":1,"featured_media":0,"comment_status":"open","ping_status":"open","sticky":false,"template":"","format":"standard","meta":{"footnotes":""},"categories":[27],"tags":[],"class_list":["post-1187","post","type-post","status-publish","format-standard","hentry","category-bildergalerie"],"_links":{"self":[{"href":"https:\/\/insideamateurfussball-ffm.de\/index.php?rest_route=\/wp\/v2\/posts\/1187","targetHints":{"allow":["GET"]}}],"collection":[{"href":"https:\/\/insideamateurfussball-ffm.de\/index.php?rest_route=\/wp\/v2\/posts"}],"about":[{"href":"https:\/\/insideamateurfussball-ffm.de\/index.php?rest_route=\/wp\/v2\/types\/post"}],"author":[{"embeddable":true,"href":"https:\/\/insideamateurfussball-ffm.de\/index.php?rest_route=\/wp\/v2\/users\/1"}],"replies":[{"embeddable":true,"href":"https:\/\/insideamateurfussball-ffm.de\/index.php?rest_route=%2Fwp%2Fv2%2Fcomments&post=1187"}],"version-history":[{"count":3,"href":"https:\/\/insideamateurfussball-ffm.de\/index.php?rest_route=\/wp\/v2\/posts\/1187\/revisions"}],"predecessor-version":[{"id":1196,"href":"https:\/\/insideamateurfussball-ffm.de\/index.php?rest_route=\/wp\/v2\/posts\/1187\/revisions\/1196"}],"wp:attachment":[{"href":"https:\/\/insideamateurfussball-ffm.de\/index.php?rest_route=%2Fwp%2Fv2%2Fmedia&parent=1187"}],"wp:term":[{"taxonomy":"category","embeddable":true,"href":"https:\/\/insideamateurfussball-ffm.de\/index.php?rest_route=%2Fwp%2Fv2%2Fcategories&post=1187"},{"taxonomy":"post_tag","embeddable":true,"href":"https:\/\/insideamateurfussball-ffm.de\/index.php?rest_route=%2Fwp%2Fv2%2Ftags&post=1187"}],"curies":[{"name":"wp","href":"https:\/\/api.w.org\/{rel}","templated":true}]}}