{"id":1166,"date":"2022-07-07T15:22:38","date_gmt":"2022-07-07T15:22:38","guid":{"rendered":"http:\/\/insideamateurfussball-ffm.de\/?p=1166"},"modified":"2025-01-05T12:24:32","modified_gmt":"2025-01-05T11:24:32","slug":"bad-vilbel-ueberzeugt-auch-gegen-erlensee","status":"publish","type":"post","link":"https:\/\/insideamateurfussball-ffm.de\/?p=1166","title":{"rendered":"Bad Vilbel \u00fcberzeugt auch gegen Erlensee"},"content":{"rendered":"<h5>Der FV Bad Vilbel pr\u00e4sentierte sich mit seiner neuformierten Mannschaft auch im zweiten Vorbereitungsspiel in guter Verfassung. Nach dem 1:1 im ersten Test gegen Rot-Wei\u00df Walldorf gab\u00b4s am Mittwochabend mit dem 0:0 gegen den 1. FC Erlensee das zweite Unentschieden gegen einen Hessenligisten.<\/h5>\n<figure id=\"attachment_1167\" aria-describedby=\"caption-attachment-1167\" style=\"width: 300px\" class=\"wp-caption alignnone\"><img loading=\"lazy\" decoding=\"async\" class=\"wp-image-1167 size-medium\" src=\"http:\/\/insideamateurfussball-ffm.de\/wp-content\/uploads\/2022\/07\/Calta-300x225.jpg\" alt=\"\" width=\"300\" height=\"225\" \/><figcaption id=\"caption-attachment-1167\" class=\"wp-caption-text\">Einer der starken neuen jungen Spieler beim FV: Marco Caltagirone kam von Germania Schwanheim. Foto: PA.<\/figcaption><\/figure>\n<h5>FV Bad Vilbel &#8211; 1. FC Erlensee 0:0<\/h5>\n<p><img loading=\"lazy\" decoding=\"async\" class=\"alignnone size-full wp-image-146\" src=\"http:\/\/insideamateurfussball-ffm.de\/wp-content\/uploads\/2022\/05\/FV-Bad-Vilbel.jpg\" alt=\"\" width=\"80\" height=\"80\" \/><img loading=\"lazy\" decoding=\"async\" class=\"alignnone size-full wp-image-1168\" src=\"http:\/\/insideamateurfussball-ffm.de\/wp-content\/uploads\/2022\/07\/Erlensee.jpg\" alt=\"\" width=\"66\" height=\"80\" \/><\/p>\n<p>Entsprechend war FV-Trainer Amir Mustafic, der nach dem Abstieg in die Verbandsliga S\u00fcd erneut eine Ansammlung von talentierten Spielern aus der Region beisammen hat, mit der Darbietung einverstanden: &#8222;Wir hatten sogar die Mehrzahl an Torm\u00f6glichkeiten und h\u00e4tten das Spiel gewinnen m\u00fcssen.&#8220; Mit Kapit\u00e4n Visar Gashi, Dominik Emmel und Vladimiros Safaridis standen nur drei Akteure aus der letzten Saison in der Anfangsformation.<\/p>\n<p>Zusammen mit den acht aufgebotenen Neuzug\u00e4ngen stand die Defensive stabil, lie\u00df Erlensee nur zu einer Gro\u00dfchance durch den Kopfball von Dejan Matijevic an die Latte kommen (55.). Im Spiel nach vorne war Vilbel aber trotz gut vorgetragener Angriffe im Abschluss zu inkonsequent.<\/p>\n<h5>Samstag zu Eintracht II nach Dreieich\u00a0<\/h5>\n<p>Im zweiten Abschnitt wechselten beide Teams wie \u00fcblich kr\u00e4ftig durch. Neben den erfahrenen Thorben Knauer und Alexander Bauscher kamen dann auch die aus der eigenen U19 hochger\u00fcckten Talente wie Simeon Stellflug zum Einsatz. Der hatte kurz vor Schluss die letzte M\u00f6glichkeit, sein Schuss ging aber am Erlenseer Tor vorbei.<\/p>\n<p>Am Samstag geht es f\u00fcr den FV in den altbekannten Sportpark Dreieich, wo die neuangemeldete Zweite Mannschaft von Eintracht Frankfurt wartet. Die &#8222;U21&#8220; wurde aufgrund einer Sondergenehmigung f\u00fcr Profiklubs in die Hessenliga eingestuft, obwohl die Riederw\u00e4lder acht Jahre lang keine Reserve im Spielbetrieb mehr hatten.\u00a0<\/p>\n<h5>Schiedsrichter: Benedikt Schmidthals (Rosbach). Zuschauer: 97.<\/h5>\n<p>\u00a0<\/p>\n\n\n<figure class=\"wp-block-gallery has-nested-images columns-default is-cropped wp-block-gallery-1 is-layout-flex wp-block-gallery-is-layout-flex\">\n<figure class=\"wp-block-image size-large is-style-default\"><img decoding=\"async\" data-id=\"1169\" src=\"http:\/\/insideamateurfussball-ffm.de\/wp-content\/uploads\/2022\/07\/BV1-1024x768.jpg\" alt=\"\" class=\"wp-image-1169\"\/><\/figure>\n<\/figure>\n\n\n\n<div class=\"wp-block-columns is-layout-flex wp-container-core-columns-is-layout-28f84493 wp-block-columns-is-layout-flex\">\n<div class=\"wp-block-column is-layout-flow wp-block-column-is-layout-flow\">\n<figure class=\"wp-block-image size-large is-style-default\"><img decoding=\"async\" src=\"http:\/\/insideamateurfussball-ffm.de\/wp-content\/uploads\/2022\/07\/BV2-1024x768.jpg\" alt=\"\" class=\"wp-image-1170\"\/><\/figure>\n<\/div>\n\n\n\n<div class=\"wp-block-column is-layout-flow wp-block-column-is-layout-flow\">\n<figure class=\"wp-block-image size-large is-style-default\"><img decoding=\"async\" src=\"http:\/\/insideamateurfussball-ffm.de\/wp-content\/uploads\/2022\/07\/BV3-1024x768.jpg\" alt=\"\" class=\"wp-image-1171\"\/><\/figure>\n<\/div>\n\n\n\n<div class=\"wp-block-column is-layout-flow wp-block-column-is-layout-flow\">\n<figure class=\"wp-block-image size-large is-style-default\"><img decoding=\"async\" src=\"http:\/\/insideamateurfussball-ffm.de\/wp-content\/uploads\/2022\/07\/BV4-1024x768.jpg\" alt=\"\" class=\"wp-image-1172\"\/><\/figure>\n<\/div>\n<\/div>\n\n\n\n<figure class=\"wp-block-image size-large is-style-default\"><img decoding=\"async\" src=\"http:\/\/insideamateurfussball-ffm.de\/wp-content\/uploads\/2022\/07\/BV5-1024x768.jpg\" alt=\"\" class=\"wp-image-1173\"\/><\/figure>\n","protected":false},"excerpt":{"rendered":"<p>Der FV Bad Vilbel pr\u00e4sentierte sich mit seiner neuformierten Mannschaft auch im zweiten Vorbereitungsspiel in guter Verfassung. Nach dem 1:1 im ersten Test gegen Rot-Wei\u00df Walldorf gab\u00b4s am Mittwochabend mit dem 0:0 gegen den 1. FC Erlensee das zweite Unentschieden gegen einen Hessenligisten. FV Bad Vilbel &#8211; 1. FC Erlensee 0:0 Entsprechend war FV-Trainer Amir [&hellip;]<\/p>\n","protected":false},"author":1,"featured_media":0,"comment_status":"open","ping_status":"open","sticky":false,"template":"","format":"standard","meta":{"footnotes":""},"categories":[21],"tags":[],"class_list":["post-1166","post","type-post","status-publish","format-standard","hentry","category-testspiele"],"_links":{"self":[{"href":"https:\/\/insideamateurfussball-ffm.de\/index.php?rest_route=\/wp\/v2\/posts\/1166","targetHints":{"allow":["GET"]}}],"collection":[{"href":"https:\/\/insideamateurfussball-ffm.de\/index.php?rest_route=\/wp\/v2\/posts"}],"about":[{"href":"https:\/\/insideamateurfussball-ffm.de\/index.php?rest_route=\/wp\/v2\/types\/post"}],"author":[{"embeddable":true,"href":"https:\/\/insideamateurfussball-ffm.de\/index.php?rest_route=\/wp\/v2\/users\/1"}],"replies":[{"embeddable":true,"href":"https:\/\/insideamateurfussball-ffm.de\/index.php?rest_route=%2Fwp%2Fv2%2Fcomments&post=1166"}],"version-history":[{"count":2,"href":"https:\/\/insideamateurfussball-ffm.de\/index.php?rest_route=\/wp\/v2\/posts\/1166\/revisions"}],"predecessor-version":[{"id":1175,"href":"https:\/\/insideamateurfussball-ffm.de\/index.php?rest_route=\/wp\/v2\/posts\/1166\/revisions\/1175"}],"wp:attachment":[{"href":"https:\/\/insideamateurfussball-ffm.de\/index.php?rest_route=%2Fwp%2Fv2%2Fmedia&parent=1166"}],"wp:term":[{"taxonomy":"category","embeddable":true,"href":"https:\/\/insideamateurfussball-ffm.de\/index.php?rest_route=%2Fwp%2Fv2%2Fcategories&post=1166"},{"taxonomy":"post_tag","embeddable":true,"href":"https:\/\/insideamateurfussball-ffm.de\/index.php?rest_route=%2Fwp%2Fv2%2Ftags&post=1166"}],"curies":[{"name":"wp","href":"https:\/\/api.w.org\/{rel}","templated":true}]}}