{"id":1150,"date":"2022-07-06T15:33:31","date_gmt":"2022-07-06T15:33:31","guid":{"rendered":"http:\/\/insideamateurfussball-ffm.de\/?p=1150"},"modified":"2025-01-05T12:17:10","modified_gmt":"2025-01-05T11:17:10","slug":"sommerturnier-in-schwanheim","status":"publish","type":"post","link":"https:\/\/insideamateurfussball-ffm.de\/?p=1150","title":{"rendered":"Sommerturnier in Schwanheim"},"content":{"rendered":"<h5>Am Wochenende findet auf dem Sportgel\u00e4nde von Germania Schwanheim ein gut besetztes Sommerturnier statt. Die gastgebende Germania, die nach dem Abstieg aus der Verbandsliga Mitte n\u00e4chste Saison in der Gruppenliga Wiesbaden antritt, hat mit dem FC Bayern Alzenau (Hessenliga), dem SV Zeilsheim (Verbandsliga Mitte) und der Spvgg. 03 Neu-Isenburg (Verbandsliga S\u00fcd) drei h\u00f6herklassige Vereine aus der Region zu Gast.<\/h5>\n<figure id=\"attachment_1151\" aria-describedby=\"caption-attachment-1151\" style=\"width: 300px\" class=\"wp-caption alignnone\"><img loading=\"lazy\" decoding=\"async\" class=\"wp-image-1151 size-medium\" src=\"http:\/\/insideamateurfussball-ffm.de\/wp-content\/uploads\/2022\/07\/VH-300x225.jpg\" alt=\"\" width=\"300\" height=\"225\" \/><figcaption id=\"caption-attachment-1151\" class=\"wp-caption-text\">Am Wochenende lohnt sich der Besuch beim Sommerturnier in Schwanheim. Foto: PA.<\/figcaption><\/figure>\n<p><img loading=\"lazy\" decoding=\"async\" class=\"alignnone size-full wp-image-1152\" src=\"http:\/\/insideamateurfussball-ffm.de\/wp-content\/uploads\/2022\/07\/GS.jpg\" alt=\"\" width=\"61\" height=\"80\" \/><img loading=\"lazy\" decoding=\"async\" class=\"alignnone size-full wp-image-448\" src=\"http:\/\/insideamateurfussball-ffm.de\/wp-content\/uploads\/2022\/05\/Bayern-Alzenau.jpg\" alt=\"\" width=\"80\" height=\"80\" \/><img loading=\"lazy\" decoding=\"async\" class=\"alignnone size-full wp-image-1153\" src=\"http:\/\/insideamateurfussball-ffm.de\/wp-content\/uploads\/2022\/07\/SVZe.jpg\" alt=\"\" width=\"68\" height=\"80\" \/><img loading=\"lazy\" decoding=\"async\" class=\"alignnone size-full wp-image-329\" src=\"http:\/\/insideamateurfussball-ffm.de\/wp-content\/uploads\/2022\/05\/Neu-Is.jpg\" alt=\"\" width=\"80\" height=\"80\" \/><\/p>\n<p>Unter der Regie des neuen Schwanheimer Trainers Matthias Auer erwarten die Schwanheimer hochkar\u00e4tige Gegner. Ausgespielt werden am Samstag zwei Halbfinalspiele, ehe am Sonntag die beiden Finalspiele \u00fcber die B\u00fchne gehen.<\/p>\n<h5>Der Turnierplan:<\/h5>\n<figure id=\"attachment_1154\" aria-describedby=\"caption-attachment-1154\" style=\"width: 300px\" class=\"wp-caption alignnone\"><img loading=\"lazy\" decoding=\"async\" class=\"wp-image-1154 size-medium\" src=\"http:\/\/insideamateurfussball-ffm.de\/wp-content\/uploads\/2022\/07\/turnier-300x258.jpg\" alt=\"\" width=\"300\" height=\"258\" \/><figcaption id=\"caption-attachment-1154\" class=\"wp-caption-text\">Grafik: Germania Schwanheim.<\/figcaption><\/figure>\n","protected":false},"excerpt":{"rendered":"<p>Am Wochenende findet auf dem Sportgel\u00e4nde von Germania Schwanheim ein gut besetztes Sommerturnier statt. Die gastgebende Germania, die nach dem Abstieg aus der Verbandsliga Mitte n\u00e4chste Saison in der Gruppenliga Wiesbaden antritt, hat mit dem FC Bayern Alzenau (Hessenliga), dem SV Zeilsheim (Verbandsliga Mitte) und der Spvgg. 03 Neu-Isenburg (Verbandsliga S\u00fcd) drei h\u00f6herklassige Vereine aus [&hellip;]<\/p>\n","protected":false},"author":1,"featured_media":0,"comment_status":"open","ping_status":"open","sticky":false,"template":"","format":"standard","meta":{"footnotes":""},"categories":[21],"tags":[],"class_list":["post-1150","post","type-post","status-publish","format-standard","hentry","category-testspiele"],"_links":{"self":[{"href":"https:\/\/insideamateurfussball-ffm.de\/index.php?rest_route=\/wp\/v2\/posts\/1150","targetHints":{"allow":["GET"]}}],"collection":[{"href":"https:\/\/insideamateurfussball-ffm.de\/index.php?rest_route=\/wp\/v2\/posts"}],"about":[{"href":"https:\/\/insideamateurfussball-ffm.de\/index.php?rest_route=\/wp\/v2\/types\/post"}],"author":[{"embeddable":true,"href":"https:\/\/insideamateurfussball-ffm.de\/index.php?rest_route=\/wp\/v2\/users\/1"}],"replies":[{"embeddable":true,"href":"https:\/\/insideamateurfussball-ffm.de\/index.php?rest_route=%2Fwp%2Fv2%2Fcomments&post=1150"}],"version-history":[{"count":2,"href":"https:\/\/insideamateurfussball-ffm.de\/index.php?rest_route=\/wp\/v2\/posts\/1150\/revisions"}],"predecessor-version":[{"id":1156,"href":"https:\/\/insideamateurfussball-ffm.de\/index.php?rest_route=\/wp\/v2\/posts\/1150\/revisions\/1156"}],"wp:attachment":[{"href":"https:\/\/insideamateurfussball-ffm.de\/index.php?rest_route=%2Fwp%2Fv2%2Fmedia&parent=1150"}],"wp:term":[{"taxonomy":"category","embeddable":true,"href":"https:\/\/insideamateurfussball-ffm.de\/index.php?rest_route=%2Fwp%2Fv2%2Fcategories&post=1150"},{"taxonomy":"post_tag","embeddable":true,"href":"https:\/\/insideamateurfussball-ffm.de\/index.php?rest_route=%2Fwp%2Fv2%2Ftags&post=1150"}],"curies":[{"name":"wp","href":"https:\/\/api.w.org\/{rel}","templated":true}]}}