{"id":1147,"date":"2022-07-05T15:53:50","date_gmt":"2022-07-05T15:53:50","guid":{"rendered":"http:\/\/insideamateurfussball-ffm.de\/?p=1147"},"modified":"2025-01-05T12:17:18","modified_gmt":"2025-01-05T11:17:18","slug":"aufstiegscheck-sg-bornheim-gruen-weiss-ii","status":"publish","type":"post","link":"https:\/\/insideamateurfussball-ffm.de\/?p=1147","title":{"rendered":"Aufstiegscheck: SG Bornheim\/Gr\u00fcn-Wei\u00df II"},"content":{"rendered":"<h5>Mit zwei Punkten Vorsprung vor dem SV Sachsenhausen wurde die SG Bornheim\/Gr\u00fcn-Wei\u00df II Meister der Fu\u00dfball-Kreisliga A Frankfurt (Gruppe 2) und schaffte damit den langersehnten Aufstieg in die Kreisoberliga. Entscheidend f\u00fcr die Meisterschaft der Bornheimer Reserve waren die Siege gegen den h\u00e4rtesten Konkurrenten aus Sachsenhausen (3:1\/7:2).<\/h5>\n<figure id=\"attachment_1148\" aria-describedby=\"caption-attachment-1148\" style=\"width: 300px\" class=\"wp-caption alignnone\"><img loading=\"lazy\" decoding=\"async\" class=\"wp-image-1148 size-medium\" src=\"http:\/\/insideamateurfussball-ffm.de\/wp-content\/uploads\/2022\/07\/born-rw5-1-300x211.jpg\" alt=\"\" width=\"300\" height=\"211\" \/><figcaption id=\"caption-attachment-1148\" class=\"wp-caption-text\">K\u00fcnftig nehmen auf dieser Bank auch Gastmannschaften aus der Kreisoberliga Platz. Foto: Mithat G\u00fcrser.<\/figcaption><\/figure>\n<p><img loading=\"lazy\" decoding=\"async\" class=\"alignnone size-full wp-image-119\" src=\"http:\/\/insideamateurfussball-ffm.de\/wp-content\/uploads\/2022\/05\/Bornheim.jpg\" alt=\"\" width=\"80\" height=\"80\" \/><\/p>\n<p>Gegen die in der Abschlusstabelle nur vier Punkte weniger aufweisende drittplatzierte Germania Enkheim holte das Team von Trainer Lucas Milbredt vier Punkte (4:1\/1:1). Vor genau zehn Jahren, nach der Saison 2011\/12, war die Bornheimer &#8222;Zweite&#8220; schon einmal in die Kreisoberliga aufgestiegen, konnte dort aber nur zwei Jahre verbleiben und stieg 2014 wieder ab.<\/p>\n<p>Seitdem versuchte der Verein von der Seckbacher Landstra\u00dfe bis zur abgelaufenen Saison vergeblich, seine Zweite Mannschaft in die h\u00f6chste Spielklasse des Kreises zu hieven. Nun hat es endlich geklappt und das er\u00f6ffnet dem Verein, der dieser Tage mit einer ganzen Reihe von Veranstaltungen sein 77-j\u00e4hriges Vereinsjubil\u00e4um feiert, in Sachen Unterbau ganz neue M\u00f6glichkeiten. K\u00fcnftig liegen zwischen der in der Verbandsliga S\u00fcd spielenden Ersten Mannschaft und dem KOL-Team nur noch zwei Spielklassen Unterschied.<\/p>\n<blockquote><p>&#8222;Die Spieler k\u00f6nnen nun in einer st\u00e4rkeren Spielklasse besser gef\u00f6rdert werden (Spielausschuss Sven Marzluf).<\/p><\/blockquote>\n<p>Sascha Volk, der Trainer des Verbandsliga-Vizemeisters betonte immer wieder die Wichtigkeit des Aufstiegs in die Kreisoberliga, beorderte deswegen in den letzten Saisonspielen seinen Kapit\u00e4n Niklas Troll nach &#8222;unten&#8220;, der aufgrund einer Verletzung auf weniger als sieben Eins\u00e4tze in der R\u00fcckrunde kam und somit bei der Zweiten Mannschaft spielberechtigt war. &#8222;Die Spieler k\u00f6nnen nun in einer st\u00e4rkeren Spielklasse besser gef\u00f6rdert werden&#8220;, sagt Sven Marzluf aus dem Bornheimer Spielausschuss. Der Stamm der Truppe bleibt bestehen, nur Raphael Gure wurde aufgrund seiner best\u00e4ndigen Leistungen an die Erste Mannschaft abgegeben.<\/p>\n<p>Neu hinzugekommen sind neben U19-Spieler Oskar Papadopoulos noch Ben Oni Lafortune vom bisherigen Ligakonkurrenten FSV Bergen, St\u00fcrmer Nemanja Petos vom Kreisoberligisten FC Tempo und der aus Berlin hinzugezogene Felix Strier. \u201eIn der h\u00f6heren Klasse m\u00fcssen wir den Kampf und die K\u00f6rperlichkeit annehmen, dann bin ich guter Dinge\u201c, so Milbredt, der im engen Austausch mit Verbandsliga-Coach Sascha Volk steht. F\u00fcnf Testspiele sind im Juli geplant, ehe die Saison f\u00fcr Bornheim II erst am 2. Spieltag mit dem Heimspiel gegen den FC Kosova am 14. August los geht, denn am 1. Spieltag sind die Bornheimer turnusgem\u00e4\u00df noch spielfrei.<\/p>\n","protected":false},"excerpt":{"rendered":"<p>Mit zwei Punkten Vorsprung vor dem SV Sachsenhausen wurde die SG Bornheim\/Gr\u00fcn-Wei\u00df II Meister der Fu\u00dfball-Kreisliga A Frankfurt (Gruppe 2) und schaffte damit den langersehnten Aufstieg in die Kreisoberliga. Entscheidend f\u00fcr die Meisterschaft der Bornheimer Reserve waren die Siege gegen den h\u00e4rtesten Konkurrenten aus Sachsenhausen (3:1\/7:2). Gegen die in der Abschlusstabelle nur vier Punkte weniger [&hellip;]<\/p>\n","protected":false},"author":1,"featured_media":0,"comment_status":"open","ping_status":"open","sticky":false,"template":"","format":"standard","meta":{"footnotes":""},"categories":[2],"tags":[],"class_list":["post-1147","post","type-post","status-publish","format-standard","hentry","category-kreisoberliga-frankfurt"],"_links":{"self":[{"href":"https:\/\/insideamateurfussball-ffm.de\/index.php?rest_route=\/wp\/v2\/posts\/1147","targetHints":{"allow":["GET"]}}],"collection":[{"href":"https:\/\/insideamateurfussball-ffm.de\/index.php?rest_route=\/wp\/v2\/posts"}],"about":[{"href":"https:\/\/insideamateurfussball-ffm.de\/index.php?rest_route=\/wp\/v2\/types\/post"}],"author":[{"embeddable":true,"href":"https:\/\/insideamateurfussball-ffm.de\/index.php?rest_route=\/wp\/v2\/users\/1"}],"replies":[{"embeddable":true,"href":"https:\/\/insideamateurfussball-ffm.de\/index.php?rest_route=%2Fwp%2Fv2%2Fcomments&post=1147"}],"version-history":[{"count":1,"href":"https:\/\/insideamateurfussball-ffm.de\/index.php?rest_route=\/wp\/v2\/posts\/1147\/revisions"}],"predecessor-version":[{"id":1149,"href":"https:\/\/insideamateurfussball-ffm.de\/index.php?rest_route=\/wp\/v2\/posts\/1147\/revisions\/1149"}],"wp:attachment":[{"href":"https:\/\/insideamateurfussball-ffm.de\/index.php?rest_route=%2Fwp%2Fv2%2Fmedia&parent=1147"}],"wp:term":[{"taxonomy":"category","embeddable":true,"href":"https:\/\/insideamateurfussball-ffm.de\/index.php?rest_route=%2Fwp%2Fv2%2Fcategories&post=1147"},{"taxonomy":"post_tag","embeddable":true,"href":"https:\/\/insideamateurfussball-ffm.de\/index.php?rest_route=%2Fwp%2Fv2%2Ftags&post=1147"}],"curies":[{"name":"wp","href":"https:\/\/api.w.org\/{rel}","templated":true}]}}