{"id":1129,"date":"2022-07-04T20:09:25","date_gmt":"2022-07-04T20:09:25","guid":{"rendered":"http:\/\/insideamateurfussball-ffm.de\/?p=1129"},"modified":"2025-01-05T12:17:51","modified_gmt":"2025-01-05T11:17:51","slug":"makkabi-kessler-wirft-handtuch","status":"publish","type":"post","link":"https:\/\/insideamateurfussball-ffm.de\/?p=1129","title":{"rendered":"Makkabi: Kessler wirft Handtuch"},"content":{"rendered":"<h5>Vor vier Wochen war Steven Kessler mit gro\u00dfem Medienecho als neuer Trainer des Frankfurter Kreisoberligisten TuS Makkabi vorgestellt worden. Jetzt hat der ehemalige Coach von Kickers Offenbach sein Amt kurz nach dem Beginn der Vorbereitungsphase auf die neue Saison \u00fcberraschend niedergelegt.<\/h5>\n<p><img loading=\"lazy\" decoding=\"async\" class=\"alignnone size-medium wp-image-1130\" src=\"http:\/\/insideamateurfussball-ffm.de\/wp-content\/uploads\/2022\/07\/roy-293x300.jpg\" alt=\"\" width=\"293\" height=\"300\" \/><\/p>\n<h5><span style=\"font-size: revert; color: revert; font-weight: revert;\">Aus dem gemeinsamen Projekt ist nichts geworden. Steven Kessler (links) ist nicht mehr Trainer bei Makkabi, Roy Rozenek tritt als Sportlicher Leiter k\u00fcrzer. Foto: TuSM.<\/span><\/h5>\n<p><img loading=\"lazy\" decoding=\"async\" class=\"alignnone size-full wp-image-90\" src=\"http:\/\/insideamateurfussball-ffm.de\/wp-content\/uploads\/2022\/05\/makkabi-neu.jpg\" alt=\"\" width=\"80\" height=\"80\" \/><\/p>\n<p>Kessler hatte wohl nicht damit gerechnet, dass sich bei Makkabi zum Ende der Wechselfrist ein starker Aderlass entwickeln w\u00fcrde. Bis zu zehn Stammspieler sollen sich abgemeldet haben, darunter sind mit Maximilian Motsch, Noel L\u00f6bner und Aleksej Radulaski drei Spieler zu Kreisoberliga-Meister FC Kalbach gewechselt und versuchen sich damit wie einige andere Akteure bei der FG Seckbach, in der Gruppenliga durchzusetzen.<\/p>\n<p>&#8222;Die Voraussetzungen sind damit nicht mehr die gleichen wie zum Zeitpunkt von Kesslers Zusage. Einige dieser Spieler, die jetzt gewechselt sind, standen bei uns im Wort und hatten per Handschlag verl\u00e4ngert&#8220;, zeigte sich Alon Meyer, der Pr\u00e4sident des Gesamtvereins Makkabi Frankfurt, \u00fcber die Entwicklung entt\u00e4uscht.<\/p>\n<blockquote><p>&#8222;Wir w\u00e4ren keine Makkab\u00e4er, wenn wir daraus keine neue Kraft sch\u00f6pfen w\u00fcrden&#8220; (Makkabi-Pr\u00e4sident Alon Meyer).<\/p><\/blockquote>\n<p>Kessler, der bei den letzten Saisonspielen vor Ort war und in den letzten Wochen in die Planungen f\u00fcr die neue Runde involviert war, sah die Basis f\u00fcr die gemeinsame &#8222;Vision&#8220; nicht mehr gegeben und trat von seinem Amt zur\u00fcck. &#8222;Wir sind nun mit dieser Situation konfrontiert und m\u00fcssen damit klar kommen. Aber wir w\u00e4ren keine Makkab\u00e4er, wenn wir daraus keine neue Kraft sch\u00f6pfen w\u00fcrden&#8220;, gab sich Meyer sofort k\u00e4mpferisch.<\/p>\n<p>Aus dem verbliebenen Kader der Ersten Mannschaft sowie der in die A-Klasse aufgestiegenen Reserve und dem gro\u00dfen Reservoir an eigenen Jugendspielern werde nun unter der Federf\u00fchrung von Marlon Huberman und Peter Ogrodnik ein neues Team zusammengestellt. Sportdirektor Roy Rozenek hat sich indes aus beruflichen Gr\u00fcnden aus dem aktuellen Tagesgesch\u00e4ft erstmal zur\u00fcckgezogen.<\/p>\n<h5><\/h5>\n","protected":false},"excerpt":{"rendered":"<p>Vor vier Wochen war Steven Kessler mit gro\u00dfem Medienecho als neuer Trainer des Frankfurter Kreisoberligisten TuS Makkabi vorgestellt worden. Jetzt hat der ehemalige Coach von Kickers Offenbach sein Amt kurz nach dem Beginn der Vorbereitungsphase auf die neue Saison \u00fcberraschend niedergelegt. Aus dem gemeinsamen Projekt ist nichts geworden. Steven Kessler (links) ist nicht mehr Trainer [&hellip;]<\/p>\n","protected":false},"author":1,"featured_media":0,"comment_status":"open","ping_status":"open","sticky":false,"template":"","format":"standard","meta":{"footnotes":""},"categories":[2],"tags":[],"class_list":["post-1129","post","type-post","status-publish","format-standard","hentry","category-kreisoberliga-frankfurt"],"_links":{"self":[{"href":"https:\/\/insideamateurfussball-ffm.de\/index.php?rest_route=\/wp\/v2\/posts\/1129","targetHints":{"allow":["GET"]}}],"collection":[{"href":"https:\/\/insideamateurfussball-ffm.de\/index.php?rest_route=\/wp\/v2\/posts"}],"about":[{"href":"https:\/\/insideamateurfussball-ffm.de\/index.php?rest_route=\/wp\/v2\/types\/post"}],"author":[{"embeddable":true,"href":"https:\/\/insideamateurfussball-ffm.de\/index.php?rest_route=\/wp\/v2\/users\/1"}],"replies":[{"embeddable":true,"href":"https:\/\/insideamateurfussball-ffm.de\/index.php?rest_route=%2Fwp%2Fv2%2Fcomments&post=1129"}],"version-history":[{"count":1,"href":"https:\/\/insideamateurfussball-ffm.de\/index.php?rest_route=\/wp\/v2\/posts\/1129\/revisions"}],"predecessor-version":[{"id":1132,"href":"https:\/\/insideamateurfussball-ffm.de\/index.php?rest_route=\/wp\/v2\/posts\/1129\/revisions\/1132"}],"wp:attachment":[{"href":"https:\/\/insideamateurfussball-ffm.de\/index.php?rest_route=%2Fwp%2Fv2%2Fmedia&parent=1129"}],"wp:term":[{"taxonomy":"category","embeddable":true,"href":"https:\/\/insideamateurfussball-ffm.de\/index.php?rest_route=%2Fwp%2Fv2%2Fcategories&post=1129"},{"taxonomy":"post_tag","embeddable":true,"href":"https:\/\/insideamateurfussball-ffm.de\/index.php?rest_route=%2Fwp%2Fv2%2Ftags&post=1129"}],"curies":[{"name":"wp","href":"https:\/\/api.w.org\/{rel}","templated":true}]}}